{"id":4232,"date":"2024-01-03T13:03:32","date_gmt":"2024-01-03T12:03:32","guid":{"rendered":"https:\/\/pasaenmendoza.com\/?p=4232"},"modified":"2024-01-03T13:03:33","modified_gmt":"2024-01-03T12:03:33","slug":"retenciones-al-vino-vargas-arizu-cosecho-un-no-pero-tambien-una-promesa","status":"publish","type":"post","link":"https:\/\/pasaenmendoza.com\/?p=4232","title":{"rendered":"Retenciones al vino: Vargas Arizu cosech\u00f3 un no, pero tambi\u00e9n una promesa"},"content":{"rendered":"\n<p>El ministro de Producci\u00f3n se reuni\u00f3 con el director de Bioeconom\u00eda de la Naci\u00f3n, Fernando Vilella, que le asegur\u00f3 que la medida es \u201ctemporal\u201d.<\/p>\n\n\n\n<p>Pasadas las 16, el ministro de Producci\u00f3n de Mendoza,&nbsp;<strong>Rodolfo Vargas Arizu&nbsp;<\/strong>se reuni\u00f3 con el director de Bioeconom\u00eda de la Naci\u00f3n,&nbsp;<strong>Fernando Vilella<\/strong>, para pedir la baja a las retenciones del vino. La respuesta por parte del Ejecutivo nacional fue que est\u00e1n enfocados en bajar el d\u00e9ficit fiscal y que la medida de las retenciones ser\u00e1 \u201c<em>temporal hasta que se equilibren las cuentas<\/em>\u201d.<\/p>\n\n\n\n<p>La semana pasada, con la presentaci\u00f3n del proyecto \u201cLey de Bases y Puntos de Partida para la Libertad de los Argentinos\u201d, el Gobierno de&nbsp;<strong>Javier Milei&nbsp;<\/strong>decidi\u00f3 aumentar las retenciones a las exportaciones del vino, que pasaron de no tributar a tener una carga de 8%.<\/p>\n\n\n\n<p>Esta medida no cay\u00f3 de la mejor manera al sector vitivin\u00edcola ya que lo consideran \u201cnocivo\u201d para el contexto econ\u00f3mico que est\u00e1n atravesando, tanto los productores como los bodegueros.<\/p>\n\n\n\n<p>En la reuni\u00f3n tambi\u00e9n estuvieron presentes el titular de la&nbsp;<strong>Corporaci\u00f3n Vitivin\u00edcola Argentina (Coviar),<\/strong>&nbsp;Mario Gonz\u00e1lez, y el responsable de la cartera econ\u00f3mica de San Juan Gustavo Fern\u00e1ndez.<\/p>\n\n\n\n<p>A pesar de que el Ejecutivo nacional mantuvo su postura respecto al aumento de las retenciones al vino, para Vargas Arizu la reuni\u00f3n fue \u201c<em>muy buena<\/em>\u201d porque consider\u00f3 que \u201c<em>dejaron su postura<\/em>\u201d acerca del pensamiento que tiene el Gobierno provincial sobre el sector privado y del rol que tiene que tener el Estado.<\/p>\n\n\n\n<p>\u201c<em>Estamos en consonancia con que las retenciones de los derechos de exportaci\u00f3n son un impuesto distorsivo atendiendo al problema que hay en Argentina. Hay mucha falta de fondos y de cambios de estructuras y de mentalidad, la viticultura va a poner el hombro de alguna manera<\/em>\u201d afirm\u00f3 el ministro de Producci\u00f3n<\/p>\n\n\n\n<p>Sobre la misma l\u00ednea discursiva, agreg\u00f3: \u201c<em>Creo que vamos a pasar momentos un poco complicados en los pr\u00f3ximos seis meses, pero sin lugar a dudas el entendimiento entre las partes es hacia una Argentina totalmente distinta, con cambios profundos<\/em>\u201d.<\/p>\n\n\n\n<p>En el encuentro, el director de Bioeconom\u00eda les explic\u00f3 a los dirigentes que las retenciones al vino todav\u00eda no est\u00e1 cerrado ya que el proyecto se encuentra en comisiones de Diputados de la Naci\u00f3n y que tener su tratamiento en el Congreso.<\/p>\n\n\n\n<p>\u00a0\u201c<em>Tenemos que hacer un trabajo fuerte tanto los diputados, ministros como seguramente los gobernadores pero lo importante es que estamos en consonancia sobre que tiene que haber menos intervenci\u00f3n del Estado y m\u00e1s responsabilidad de los privados<\/em>\u201d, grafic\u00f3.<\/p>\n\n\n\n<p>A su vez, el funcionario adelant\u00f3 que \u201cse van a apoyar\u201d las medidas implementadas por el Estado nacional \u201c<em>en la medida que nuestras posibilidades no se vean perjudicadas<\/em>\u201d y explic\u00f3 que \u201c<em>toda la agricultura est\u00e1 con retenciones a la exportaci\u00f3n pero es un trance hasta equilibrar las cuentas<\/em>\u201d.<\/p>\n\n\n\n<p>Respecto a la decisi\u00f3n del Ejecutivo de eliminar el d\u00e9ficit fiscal, Varga Arizu manifest\u00f3 que acompa\u00f1an y entienden esa postura pero \u201c<em>dejamos claramente nuestras posiciones<\/em>\u201d y que comparten que \u201c<em>los derechos de exportaciones son una agresi\u00f3n a la actividad privada y eso se va a eliminar en cuanto se pueda<\/em>\u201d.<\/p>\n\n\n\n<p>Por otro lado, Vargas Arizu aprovech\u00f3 su estad\u00eda en Buenos Aires y en la ma\u00f1ana de este martes, se reuni\u00f3 con el presidente del\u00a0<strong>Banco Naci\u00f3n<\/strong>,\u00a0<strong>Daniel Tillard<\/strong>, en el que trataron la posibilidad de extender las l\u00edneas de cr\u00e9ditos que otorga la Provincia para productores agr\u00edcolas.<\/p>\n\n\n\n<p>FUENTE: Elsol.com.ar <\/p>\n","protected":false},"excerpt":{"rendered":"<p>El ministro de Producci\u00f3n se reuni\u00f3 con el director de Bioeconom\u00eda de la Naci\u00f3n, Fernando Vilella, que le asegur\u00f3 que la medida es \u201ctemporal\u201d. Pasadas las 16, el ministro de Producci\u00f3n de Mendoza,&nbsp;Rodolfo Vargas Arizu&nbsp;se reuni\u00f3 con el director de Bioeconom\u00eda de la Naci\u00f3n,&nbsp;Fernando Vilella, para pedir la baja a las retenciones del vino. La [&hellip;]<\/p>\n","protected":false},"author":2,"featured_media":4233,"comment_status":"open","ping_status":"open","sticky":true,"template":"","format":"standard","meta":[],"categories":[47],"tags":[],"_links":{"self":[{"href":"https:\/\/pasaenmendoza.com\/index.php?rest_route=\/wp\/v2\/posts\/4232"}],"collection":[{"href":"https:\/\/pasaenmendoza.com\/index.php?rest_route=\/wp\/v2\/posts"}],"about":[{"href":"https:\/\/pasaenmendoza.com\/index.php?rest_route=\/wp\/v2\/types\/post"}],"author":[{"embeddable":true,"href":"https:\/\/pasaenmendoza.com\/index.php?rest_route=\/wp\/v2\/users\/2"}],"replies":[{"embeddable":true,"href":"https:\/\/pasaenmendoza.com\/index.php?rest_route=%2Fwp%2Fv2%2Fcomments&post=4232"}],"version-history":[{"count":1,"href":"https:\/\/pasaenmendoza.com\/index.php?rest_route=\/wp\/v2\/posts\/4232\/revisions"}],"predecessor-version":[{"id":4234,"href":"https:\/\/pasaenmendoza.com\/index.php?rest_route=\/wp\/v2\/posts\/4232\/revisions\/4234"}],"wp:featuredmedia":[{"embeddable":true,"href":"https:\/\/pasaenmendoza.com\/index.php?rest_route=\/wp\/v2\/media\/4233"}],"wp:attachment":[{"href":"https:\/\/pasaenmendoza.com\/index.php?rest_route=%2Fwp%2Fv2%2Fmedia&parent=4232"}],"wp:term":[{"taxonomy":"category","embeddable":true,"href":"https:\/\/pasaenmendoza.com\/index.php?rest_route=%2Fwp%2Fv2%2Fcategories&post=4232"},{"taxonomy":"post_tag","embeddable":true,"href":"https:\/\/pasaenmendoza.com\/index.php?rest_route=%2Fwp%2Fv2%2Ftags&post=4232"}],"curies":[{"name":"wp","href":"https:\/\/api.w.org\/{rel}","templated":true}]}}