{"id":4239,"date":"2024-01-03T13:26:20","date_gmt":"2024-01-03T12:26:20","guid":{"rendered":"https:\/\/pasaenmendoza.com\/?p=4239"},"modified":"2024-01-03T13:26:21","modified_gmt":"2024-01-03T12:26:21","slug":"tras-la-prorroga-presupuestaria-de-milei-la-uncuyo-buscara-nuevas-fuentes-de-financiamiento","status":"publish","type":"post","link":"https:\/\/pasaenmendoza.com\/?p=4239","title":{"rendered":"Tras la pr\u00f3rroga presupuestaria de Milei, la UNCuyo buscar\u00e1 nuevas fuentes de financiamiento"},"content":{"rendered":"\n<p><strong>Esther S\u00e1nchez<\/strong>, rectora de la\u00a0Universidad Nacional de Cuyo, sostuvo que se trabaja en la<strong>\u00a0b\u00fasqueda de fondos en otras fuentes para los proyectos<\/strong>\u00a0porque<strong>\u00a0no puede depender exclusivamente del presupuesto ordinario<\/strong>.<\/p>\n\n\n\n<p>Detall\u00f3 que ser\u00e1 un a\u00f1o marcado por posibles cambios en algunas din\u00e1micas de las universidades p\u00fablicas con un&nbsp;<strong>presupuesto sin ajuste inflacionario<\/strong>. En&nbsp;<strong>febrero&nbsp;<\/strong>se espera que haya&nbsp;<strong>paritarias para acordar los sueldos docentes<\/strong>.<\/p>\n\n\n\n<p><strong>El Presidente Javier Milei decidi\u00f3 prorrogar el presupuesto<\/strong>\u00a02023 por lo que las universidades nacionales ven con incertidumbre el funcionamiento en 2024. Este a\u00f1o, los recursos econ\u00f3micos ser\u00e1n los mismo que en enero 2023, en medio de una inflaci\u00f3n que cercana al 180 por ciento anual.<\/p>\n\n\n\n<p>El&nbsp;<strong>Consejo Interuniversitario Nacional (CIN)<\/strong>&nbsp;solicit\u00f3 un 300% de aumento para el a\u00f1o que entra, esto fue calculado en relaci\u00f3n con la situaci\u00f3n inflacionaria. Sin embargo, para la rectora de la UNCUYO esta realidad implicar\u00e1 \u201cun enorme desaf\u00edo&#8221;.<\/p>\n\n\n\n<p>Detall\u00f3 que su gesti\u00f3n ha trabajado de manera ordenada en cuanto a lo econ\u00f3mico, lo que permiti\u00f3 generar un &#8220;fondo antic\u00edclico&#8221;, es decir, un ahorro que puede puede ser utilizado para hacer frente a situaciones imprevistas.<\/p>\n\n\n\n<p><strong>Ser\u00e1 un a\u00f1o muy duro para pagar lo que tiene que ver con servicios<\/strong><\/p>\n\n\n\n<h2 class=\"wp-block-heading\">El objetivo de la UNCuyo es no bajar proyectos<\/h2>\n\n\n\n<p>La m\u00e1xima autoridad de la casa de estudios asegur\u00f3 que la Universidad deber\u00e1 seguir cumpliendo con su deber de formar estudiantes y sostener proyectos acad\u00e9micos. \u201c<strong>Vamos a tener que ser sumamente creativos e innovadores<\/strong>\u201d, dijo, y defendi\u00f3 el camino que se lleva adelante para trabajar en propuestas con el financiamiento de otros actores de la sociedad.<\/p>\n\n\n\n<p>Asegur\u00f3 que la idea principal que se&nbsp;<strong>trabaja con decanos y decanas es la de no bajar proyectos<\/strong>. \u201cEntiendo que muchos de esos proyectos los podemos llevar a cabo<strong>&nbsp;acudiendo a otras fuentes<\/strong>. La Universidad viene trabajando en esto de conseguir fondo, porque si uno quiere crecer y desarrollarse, no puede depender exclusivamente del presupuesto ordinario\u201d, dijo y dio como ejemplo el recientemente presentado&nbsp;<strong>Impulsores UNCuyo<\/strong>, una iniciativa para generar la atracci\u00f3n de donantes para llevar adelante propuestas de inter\u00e9s para la comunidad.<\/p>\n\n\n\n<p>Agreg\u00f3 que desapareci\u00f3 el fantasma de los vouchers y la privatizaci\u00f3n de la educaci\u00f3n. Sin embargo, dentro de la\u00a0<strong>Ley \u00d3mnibus<\/strong>, presentada por el Gobierno Nacional, se establece el\u00a0<strong>arancelamiento de los estudiantes extranjeros residentes<\/strong>\u00a0en caso de que el Congreso apruebe esa medida.<\/p>\n\n\n\n<p>&#8220;Se analizar\u00e1 la informaci\u00f3n de quienes son extranjeros residentes y no residentes, no es muy relevante en cuanto a la cantidad porque es&nbsp;<strong>un 7% de la poblaci\u00f3n universitaria<\/strong>&#8220;, sostuvo<\/p>\n\n\n\n<p>&#8220;Quienes vienen a formarse a las universidades argentinas lo hacen no s\u00f3lo porque son gratuitas sino porque son buenas instituciones&#8221;, analiz\u00f3 confirmando que quienes se acercan a las universidades no lo hacen \u00fanicamente por una cuesti\u00f3n econ\u00f3mica.<\/p>\n\n\n\n<h2 class=\"wp-block-heading\">Desaf\u00edos de la UNCuyo para este 2024<\/h2>\n\n\n\n<p>\u201cEst\u00e1 claro que hay un nuevo perfil de estudiante. El estudiante es mucho m\u00e1s activo y eso hay que tenerlo muy presente a la hora de la formaci\u00f3n. Por eso es que hemos hecho avances importantes\u201d, detall\u00f3 S\u00e1nchez y enumer\u00f3 la incorporaci\u00f3n de una plataforma en los colegios secundarios a trav\u00e9s de la cual alumnos y alumnas definen cu\u00e1les son los temas que son de inter\u00e9s para el alumnado. Con esto se logra una\u00a0<strong>construcci\u00f3n del conocimiento<\/strong>.<\/p>\n\n\n\n<p>Repas\u00f3 otros avances entre los que se encuentran los objetivos planteados al principio de su gesti\u00f3n:<\/p>\n\n\n\n<ul>\n<li>Articulaci\u00f3n con el nivel medio a trav\u00e9s de c\u00e1psulas para que los estudiantes se autoeval\u00faen antes de prepararse para su ingreso.<\/li>\n\n\n\n<li>Transformaci\u00f3n digital.<\/li>\n\n\n\n<li>Sostenibilidad en todas las actividades de la UNCuyo.<\/li>\n\n\n\n<li>Cambios acad\u00e9micos en la durabilidad de las carreras.<\/li>\n\n\n\n<li>M\u00e1s logros cient\u00edficos.<\/li>\n<\/ul>\n\n\n\n<h2 class=\"wp-block-heading\">Espacio de la UNCuyo en Potrerillos<\/h2>\n\n\n\n<p>La UNCUYO se present\u00f3 a una convocatoria que abri\u00f3 la provincia para<strong>&nbsp;acceder a espacios ubicados a las orillas del dique Potrerillos<\/strong>. S\u00e1nchez record\u00f3 que hace 20 a\u00f1os, la Universidad ten\u00eda un camping en ese lugar, por eso con esta oportunidad aspiran a tener nuevamente ese servicio que se sumar\u00eda a los otros que se ofrecen desde&nbsp;<strong>Bienestar Universitario.<\/strong><\/p>\n\n\n\n<p>&#8220;Nos hemos vuelto a presentar, en principio todav\u00eda no tenemos la comunicaci\u00f3n oficial, pero creemos que vamos a tener nuevamente nuestro camping en Potrerillos&#8221;, confirm\u00f3 la rectora.<\/p>\n\n\n\n<p><strong>Fuente: www.diariouno.com.ar<\/strong><\/p>\n","protected":false},"excerpt":{"rendered":"<p>Esther S\u00e1nchez, rectora de la\u00a0Universidad Nacional de Cuyo, sostuvo que se trabaja en la\u00a0b\u00fasqueda de fondos en otras fuentes para los proyectos\u00a0porque\u00a0no puede depender exclusivamente del presupuesto ordinario. Detall\u00f3 que ser\u00e1 un a\u00f1o marcado por posibles cambios en algunas din\u00e1micas de las universidades p\u00fablicas con un&nbsp;presupuesto sin ajuste inflacionario. En&nbsp;febrero&nbsp;se espera que haya&nbsp;paritarias para acordar [&hellip;]<\/p>\n","protected":false},"author":2,"featured_media":4240,"comment_status":"open","ping_status":"open","sticky":false,"template":"","format":"standard","meta":[],"categories":[56],"tags":[],"_links":{"self":[{"href":"https:\/\/pasaenmendoza.com\/index.php?rest_route=\/wp\/v2\/posts\/4239"}],"collection":[{"href":"https:\/\/pasaenmendoza.com\/index.php?rest_route=\/wp\/v2\/posts"}],"about":[{"href":"https:\/\/pasaenmendoza.com\/index.php?rest_route=\/wp\/v2\/types\/post"}],"author":[{"embeddable":true,"href":"https:\/\/pasaenmendoza.com\/index.php?rest_route=\/wp\/v2\/users\/2"}],"replies":[{"embeddable":true,"href":"https:\/\/pasaenmendoza.com\/index.php?rest_route=%2Fwp%2Fv2%2Fcomments&post=4239"}],"version-history":[{"count":1,"href":"https:\/\/pasaenmendoza.com\/index.php?rest_route=\/wp\/v2\/posts\/4239\/revisions"}],"predecessor-version":[{"id":4241,"href":"https:\/\/pasaenmendoza.com\/index.php?rest_route=\/wp\/v2\/posts\/4239\/revisions\/4241"}],"wp:featuredmedia":[{"embeddable":true,"href":"https:\/\/pasaenmendoza.com\/index.php?rest_route=\/wp\/v2\/media\/4240"}],"wp:attachment":[{"href":"https:\/\/pasaenmendoza.com\/index.php?rest_route=%2Fwp%2Fv2%2Fmedia&parent=4239"}],"wp:term":[{"taxonomy":"category","embeddable":true,"href":"https:\/\/pasaenmendoza.com\/index.php?rest_route=%2Fwp%2Fv2%2Fcategories&post=4239"},{"taxonomy":"post_tag","embeddable":true,"href":"https:\/\/pasaenmendoza.com\/index.php?rest_route=%2Fwp%2Fv2%2Ftags&post=4239"}],"curies":[{"name":"wp","href":"https:\/\/api.w.org\/{rel}","templated":true}]}}