{"id":4245,"date":"2024-01-03T13:42:40","date_gmt":"2024-01-03T12:42:40","guid":{"rendered":"https:\/\/pasaenmendoza.com\/?p=4245"},"modified":"2024-01-03T13:42:42","modified_gmt":"2024-01-03T12:42:42","slug":"finalizo-la-devolucion-de-iva-y-los-productos-de-la-canasta-basica-vuelven-a-abonar-21","status":"publish","type":"post","link":"https:\/\/pasaenmendoza.com\/?p=4245","title":{"rendered":"Finaliz\u00f3 la devoluci\u00f3n de IVA y los productos de la canasta b\u00e1sica vuelven a abonar 21%"},"content":{"rendered":"\n<p>El<strong>\u00a0reintegro del 21%<\/strong>\u00a0del Impuesto al Valor Agregado (IVA), previsto en el programa\u00a0Compre sin IVA,\u00a0lanzado en septiembre \u00faltimo,\u00a0<strong>finaliz\u00f3\u00a0<\/strong>y los productos de la canasta b\u00e1sica\u00a0<strong>vuelven a abonar el tributo completo al no haberse dispuesto una pr\u00f3rroga.<\/strong><\/p>\n\n\n\n<p>El programa \u201cCompre sin IVA\u201d, lanzado el pasado 18 de septiembre, consisti\u00f3 en una modificaci\u00f3n de la Resoluci\u00f3n General 4.676\/2023 de la AFIP, la cual ten\u00eda fecha de vigencia hasta el 31 de diciembre \u00faltimo.<\/p>\n\n\n\n<p>A trav\u00e9s del programa pod\u00edan acceder a una devoluci\u00f3n del 21% del IVA en los productos de la canasta b\u00e1sica los trabajadores en relaci\u00f3n de dependencia con ingresos de hasta seis Salarios M\u00ednimos, Vitales y M\u00f3viles, y quienes percib\u00edan jubilaciones, pensiones por fallecimiento y pensiones no contributivas nacionales con un m\u00e1ximo de seis haberes m\u00ednimos.<\/p>\n\n\n\n<p>Tambi\u00e9n pod\u00edan acceder a la devoluci\u00f3n del IVA el personal de casas particulares encuadradas en el r\u00e9gimen especial de la actividad, monotributistas de todas las categor\u00edas, y beneficiarios de la Tarjeta Alimentar o de las tarjetas emitidas del Programa Potenciar Trabajo.<\/p>\n\n\n\n<p>El tope de reintegro mensual era de&nbsp;<strong>$18.800.<\/strong><\/p>\n\n\n\n<p>Se reintegraron $152.624 millones a m\u00e1s de 18 millones de personas, seg\u00fan datos del Ministerio de Econom\u00eda de noviembre pasado.<\/p>\n\n\n\n<p>Previo al lanzamiento de Compre sin IVA, pod\u00edan acceder a un reintegro del 15% los jubilados de hasta tres haberes m\u00ednimos, y beneficiarios de asignaciones y pensiones no contributivas, con un tope en este \u00faltimo caso, de $ 4.056 mensuales.<\/p>\n\n\n\n<p>El presidente Javier Milei hab\u00eda se\u00f1alado antes de asumir en una entrevista televisiva \u2013el pasado 22 de noviembre- que, bajo su gesti\u00f3n, se mantendr\u00edan tanto la devoluci\u00f3n del IVA como la eliminaci\u00f3n de la cuarta categor\u00eda del Impuesto a las Ganancias.<\/p>\n\n\n\n<p>\u201cLas bajas de impuestos siempre favorecen a la gente. Se mantendr\u00e1n ambas reducciones. Vamos a bajar el gasto p\u00fablico en otro lado\u201d, afirm\u00f3 en di\u00e1logo con Todo Noticias.<\/p>\n\n\n\n<p>No obstante, la Administraci\u00f3n Federal de Ingresos P\u00fablicos (AFIP), hasta el momento, no dispuso ninguna resoluci\u00f3n para extender el programa de reintegro.<\/p>\n\n\n\n<p>En tanto, respecto de Ganancias, el Gobierno formaliz\u00f3 el llamado a sesiones extraordinarias en cuyo temario figura una modificaci\u00f3n en la ley que fij\u00f3 su eliminaci\u00f3n para trabajadores.<\/p>\n\n\n\n<p>La anterior administraci\u00f3n nacional hab\u00eda enviado un proyecto de ley que establece de forma permanente la devoluci\u00f3n del IVA de los productos de la canasta b\u00e1sica a los sectores de menores ingresos, fijando como tope de devoluci\u00f3n mensual el 21% de la Canasta B\u00e1sica Alimentaria (CBA) para una familia tipo informada por el Instituto Nacional de Estad\u00edstica y Censos (Indec).<\/p>\n\n\n\n<p>La iniciativa hab\u00eda sido aprobada por la C\u00e1mara de Diputados el pasado 10 de octubre, con 134 votos a favor y ninguno en contra, con el respaldo de Milei y la vicepresidenta, Victoria Villaruel, en ese entonces, ambos diputados nacionales por La Libertad Avanza (LLA).<\/p>\n\n\n\n<p>El proyecto tuvo 107 abstenciones del interbloque Juntos por el Cambio y otras bancadas minoritarias por considerar que se trataba de una pol\u00edtica &#8220;inflacionaria&#8221;.<\/p>\n\n\n\n<p>Con media sanci\u00f3n, el proyecto a\u00fan no tiene fecha de tratamiento por parte del Senado, tras el recambio de autoridades.<\/p>\n\n\n\n<p><strong>Fuente: www.diariouno.com.ar<\/strong><\/p>\n","protected":false},"excerpt":{"rendered":"<p>El\u00a0reintegro del 21%\u00a0del Impuesto al Valor Agregado (IVA), previsto en el programa\u00a0Compre sin IVA,\u00a0lanzado en septiembre \u00faltimo,\u00a0finaliz\u00f3\u00a0y los productos de la canasta b\u00e1sica\u00a0vuelven a abonar el tributo completo al no haberse dispuesto una pr\u00f3rroga. El programa \u201cCompre sin IVA\u201d, lanzado el pasado 18 de septiembre, consisti\u00f3 en una modificaci\u00f3n de la Resoluci\u00f3n General 4.676\/2023 de [&hellip;]<\/p>\n","protected":false},"author":2,"featured_media":4246,"comment_status":"open","ping_status":"open","sticky":false,"template":"","format":"standard","meta":[],"categories":[75],"tags":[],"_links":{"self":[{"href":"https:\/\/pasaenmendoza.com\/index.php?rest_route=\/wp\/v2\/posts\/4245"}],"collection":[{"href":"https:\/\/pasaenmendoza.com\/index.php?rest_route=\/wp\/v2\/posts"}],"about":[{"href":"https:\/\/pasaenmendoza.com\/index.php?rest_route=\/wp\/v2\/types\/post"}],"author":[{"embeddable":true,"href":"https:\/\/pasaenmendoza.com\/index.php?rest_route=\/wp\/v2\/users\/2"}],"replies":[{"embeddable":true,"href":"https:\/\/pasaenmendoza.com\/index.php?rest_route=%2Fwp%2Fv2%2Fcomments&post=4245"}],"version-history":[{"count":1,"href":"https:\/\/pasaenmendoza.com\/index.php?rest_route=\/wp\/v2\/posts\/4245\/revisions"}],"predecessor-version":[{"id":4247,"href":"https:\/\/pasaenmendoza.com\/index.php?rest_route=\/wp\/v2\/posts\/4245\/revisions\/4247"}],"wp:featuredmedia":[{"embeddable":true,"href":"https:\/\/pasaenmendoza.com\/index.php?rest_route=\/wp\/v2\/media\/4246"}],"wp:attachment":[{"href":"https:\/\/pasaenmendoza.com\/index.php?rest_route=%2Fwp%2Fv2%2Fmedia&parent=4245"}],"wp:term":[{"taxonomy":"category","embeddable":true,"href":"https:\/\/pasaenmendoza.com\/index.php?rest_route=%2Fwp%2Fv2%2Fcategories&post=4245"},{"taxonomy":"post_tag","embeddable":true,"href":"https:\/\/pasaenmendoza.com\/index.php?rest_route=%2Fwp%2Fv2%2Ftags&post=4245"}],"curies":[{"name":"wp","href":"https:\/\/api.w.org\/{rel}","templated":true}]}}