{"id":4248,"date":"2024-01-03T13:56:33","date_gmt":"2024-01-03T12:56:33","guid":{"rendered":"https:\/\/pasaenmendoza.com\/?p=4248"},"modified":"2024-01-03T13:56:35","modified_gmt":"2024-01-03T12:56:35","slug":"atencion-en-plena-temporada-un-paso-a-chile-estara-cerrado-por-tres-dias","status":"publish","type":"post","link":"https:\/\/pasaenmendoza.com\/?p=4248","title":{"rendered":"Atenci\u00f3n: en plena temporada, un paso a Chile estar\u00e1 cerrado por tres d\u00edas"},"content":{"rendered":"\n<p>Este martes por la noche se dio a conocer la informaci\u00f3n de que el\u00a0<strong>Paso Pehuenche<\/strong>, que une a\u00a0<strong>Mendoza\u00a0<\/strong>con Chile desde el Sur de la provincia, estar\u00e1 inhabilitado durante los primeros d\u00edas de enero. Se realizar\u00e1n trabajos de mantenimiento en el complejo fronterizo y por eso el mismo no podr\u00e1 utilizarse para el cruce.<\/p>\n\n\n\n<p>&#8220;Informa la Coordinaci\u00f3n del Complejo Fronterizo\u00a0<strong>Pehuenche\u00a0<\/strong>(Chile) que a partir del d\u00eda 3 de enero a partir de las 00 hasta el s\u00e1bado 6 de enero a las 13, se procede al cierre transitorio del paso Pehuenche debido a reparaciones que se realizar\u00e1n en el complejo&#8221;, informaron desde el Ministerio del Interior de la Naci\u00f3n.<\/p>\n\n\n\n<p>&#8220;Se acompa\u00f1a el pron\u00f3stico extendido del\u00a0<strong>Servicio Meteorol\u00f3gico Nacional\u00a0<\/strong>para el conocimiento y se recuerda que este es el \u00fanico medio oficial que informa cierres, aperturas y todo tipo de novedades de la frontera&#8221;, marcaron.<\/p>\n\n\n\n<p>El Paso&nbsp;<strong>Pehuenche&nbsp;<\/strong>hab\u00eda estado cerrado desde junio a diciembre tras un violento temporal que demor\u00f3 su apertura y normal funcionamiento. Durante la segunda mitad de diciembre el Pehuenche se abri\u00f3 y ahora volver\u00e1 a cerrar pero con fecha de pr\u00f3xima apertura.<\/p>\n\n\n\n<p>La frontera es la que une a\u00a0<strong>Mendoza\u00a0<\/strong>con Chile a trav\u00e9s del departamento sure\u00f1o de Malarg\u00fce.<\/p>\n\n\n\n<p><strong>Fuente: www.mdzol.com<\/strong><\/p>\n","protected":false},"excerpt":{"rendered":"<p>Este martes por la noche se dio a conocer la informaci\u00f3n de que el\u00a0Paso Pehuenche, que une a\u00a0Mendoza\u00a0con Chile desde el Sur de la provincia, estar\u00e1 inhabilitado durante los primeros d\u00edas de enero. Se realizar\u00e1n trabajos de mantenimiento en el complejo fronterizo y por eso el mismo no podr\u00e1 utilizarse para el cruce. &#8220;Informa la [&hellip;]<\/p>\n","protected":false},"author":2,"featured_media":4251,"comment_status":"open","ping_status":"open","sticky":false,"template":"","format":"standard","meta":[],"categories":[66],"tags":[],"_links":{"self":[{"href":"https:\/\/pasaenmendoza.com\/index.php?rest_route=\/wp\/v2\/posts\/4248"}],"collection":[{"href":"https:\/\/pasaenmendoza.com\/index.php?rest_route=\/wp\/v2\/posts"}],"about":[{"href":"https:\/\/pasaenmendoza.com\/index.php?rest_route=\/wp\/v2\/types\/post"}],"author":[{"embeddable":true,"href":"https:\/\/pasaenmendoza.com\/index.php?rest_route=\/wp\/v2\/users\/2"}],"replies":[{"embeddable":true,"href":"https:\/\/pasaenmendoza.com\/index.php?rest_route=%2Fwp%2Fv2%2Fcomments&post=4248"}],"version-history":[{"count":1,"href":"https:\/\/pasaenmendoza.com\/index.php?rest_route=\/wp\/v2\/posts\/4248\/revisions"}],"predecessor-version":[{"id":4252,"href":"https:\/\/pasaenmendoza.com\/index.php?rest_route=\/wp\/v2\/posts\/4248\/revisions\/4252"}],"wp:featuredmedia":[{"embeddable":true,"href":"https:\/\/pasaenmendoza.com\/index.php?rest_route=\/wp\/v2\/media\/4251"}],"wp:attachment":[{"href":"https:\/\/pasaenmendoza.com\/index.php?rest_route=%2Fwp%2Fv2%2Fmedia&parent=4248"}],"wp:term":[{"taxonomy":"category","embeddable":true,"href":"https:\/\/pasaenmendoza.com\/index.php?rest_route=%2Fwp%2Fv2%2Fcategories&post=4248"},{"taxonomy":"post_tag","embeddable":true,"href":"https:\/\/pasaenmendoza.com\/index.php?rest_route=%2Fwp%2Fv2%2Ftags&post=4248"}],"curies":[{"name":"wp","href":"https:\/\/api.w.org\/{rel}","templated":true}]}}