{"id":4249,"date":"2024-01-03T13:56:50","date_gmt":"2024-01-03T12:56:50","guid":{"rendered":"https:\/\/pasaenmendoza.com\/?p=4249"},"modified":"2024-01-03T13:56:52","modified_gmt":"2024-01-03T12:56:52","slug":"miercoles-de-tormentas-en-mendoza","status":"publish","type":"post","link":"https:\/\/pasaenmendoza.com\/?p=4249","title":{"rendered":"Mi\u00e9rcoles de tormentas en Mendoza"},"content":{"rendered":"\n<p>Este mi\u00e9rcoles, el pron\u00f3stico para Gran Mendoza indica<strong>&nbsp;una jornada calurosa, con tormentas aisladas.<\/strong><\/p>\n\n\n\n<p>Seg\u00fan el&nbsp;<strong>Servicio Meteorol\u00f3gico Nacional<\/strong>, en el Gran Mendoza la m\u00e1xima llegar\u00e1 a los<strong>&nbsp;33\u00b0.<\/strong>&nbsp;Tambi\u00e9n hay un alerta amarilla por tormentas fuertes durante esta tarde y con menos probabilidades durante la nocheen el gran Mendoza.&nbsp;<\/p>\n\n\n\n<p>El Sistema de Alerta Temprana indica que las tormentas se esperan tambi\u00e9n en el sur, centro y este de la provincia, con posibilidad de granizo.&nbsp;<\/p>\n\n\n\n<p>Para ma\u00f1ana<strong>\u00a0jueves<\/strong>, el pron\u00f3stico indica cielo nublado, poco cambio de temperatura, con\u00a0<strong>chaparrones y tormentas aisladas desde la tarde.\u00a0<\/strong><\/p>\n\n\n\n<p><strong>Fuente: www.mendozapost.com<\/strong><\/p>\n","protected":false},"excerpt":{"rendered":"<p>Este mi\u00e9rcoles, el pron\u00f3stico para Gran Mendoza indica&nbsp;una jornada calurosa, con tormentas aisladas. Seg\u00fan el&nbsp;Servicio Meteorol\u00f3gico Nacional, en el Gran Mendoza la m\u00e1xima llegar\u00e1 a los&nbsp;33\u00b0.&nbsp;Tambi\u00e9n hay un alerta amarilla por tormentas fuertes durante esta tarde y con menos probabilidades durante la nocheen el gran Mendoza.&nbsp; El Sistema de Alerta Temprana indica que las tormentas [&hellip;]<\/p>\n","protected":false},"author":2,"featured_media":4250,"comment_status":"open","ping_status":"open","sticky":false,"template":"","format":"standard","meta":[],"categories":[52],"tags":[],"_links":{"self":[{"href":"https:\/\/pasaenmendoza.com\/index.php?rest_route=\/wp\/v2\/posts\/4249"}],"collection":[{"href":"https:\/\/pasaenmendoza.com\/index.php?rest_route=\/wp\/v2\/posts"}],"about":[{"href":"https:\/\/pasaenmendoza.com\/index.php?rest_route=\/wp\/v2\/types\/post"}],"author":[{"embeddable":true,"href":"https:\/\/pasaenmendoza.com\/index.php?rest_route=\/wp\/v2\/users\/2"}],"replies":[{"embeddable":true,"href":"https:\/\/pasaenmendoza.com\/index.php?rest_route=%2Fwp%2Fv2%2Fcomments&post=4249"}],"version-history":[{"count":1,"href":"https:\/\/pasaenmendoza.com\/index.php?rest_route=\/wp\/v2\/posts\/4249\/revisions"}],"predecessor-version":[{"id":4253,"href":"https:\/\/pasaenmendoza.com\/index.php?rest_route=\/wp\/v2\/posts\/4249\/revisions\/4253"}],"wp:featuredmedia":[{"embeddable":true,"href":"https:\/\/pasaenmendoza.com\/index.php?rest_route=\/wp\/v2\/media\/4250"}],"wp:attachment":[{"href":"https:\/\/pasaenmendoza.com\/index.php?rest_route=%2Fwp%2Fv2%2Fmedia&parent=4249"}],"wp:term":[{"taxonomy":"category","embeddable":true,"href":"https:\/\/pasaenmendoza.com\/index.php?rest_route=%2Fwp%2Fv2%2Fcategories&post=4249"},{"taxonomy":"post_tag","embeddable":true,"href":"https:\/\/pasaenmendoza.com\/index.php?rest_route=%2Fwp%2Fv2%2Ftags&post=4249"}],"curies":[{"name":"wp","href":"https:\/\/api.w.org\/{rel}","templated":true}]}}