{"id":4254,"date":"2024-01-03T14:04:39","date_gmt":"2024-01-03T13:04:39","guid":{"rendered":"https:\/\/pasaenmendoza.com\/?p=4254"},"modified":"2024-01-03T14:04:41","modified_gmt":"2024-01-03T13:04:41","slug":"detuvieron-a-tres-posibles-terroristas-que-llegaron-a-argentina","status":"publish","type":"post","link":"https:\/\/pasaenmendoza.com\/?p=4254","title":{"rendered":"Detuvieron a tres posibles terroristas que llegaron a Argentina"},"content":{"rendered":"\n<p>La Polic\u00eda Federal Argentina detuvo a<strong>&nbsp;tres extranjeros sospechados de llegar al pa\u00eds para&nbsp;<\/strong><strong>presuntas actividades terroristas<\/strong>. Se trata de un individuo sirio y dos libaneses.&nbsp;<\/p>\n\n\n\n<p>La Unidad de Investigaci\u00f3n Antiterrorista realiz\u00f3 las detenciones bajo las \u00f3rdenes de la jueza Mar\u00eda Servini, a cargo del Juzgado Nacional en lo Criminal y Correccional n\u00famero 1.&nbsp;<\/p>\n\n\n\n<p>Seg\u00fan indic\u00f3 la agencia NA, las autoridades pusieron especial atenci\u00f3n, ya que actualmente se est\u00e1 desarrollando en la Ciudad de Buenos Aires la XV edici\u00f3n de los<strong>\u00a0Juegos Macabeos Panamericanos, que re\u00fanen a m\u00e1s de 4.000 atletas de la comunidad jud\u00eda<\/strong>, representando a 22 pa\u00edses.<\/p>\n\n\n\n<p>El ciudadano sirio detenido ingres\u00f3 al pa\u00eds con pasaportes de\u00a0 Venezuela y Colombia a su nombre. Los tres hombres arribaron a Argentina en distintos vuelos y, seg\u00fan las investigaciones,\u00a0<strong>planeaban reunirse en la\u00a0ciudad de Buenos Aires con el fin de planificar una eventual acci\u00f3n terrorista.<\/strong><\/p>\n\n\n\n<p>Tambi\u00e9n surgieron constancias relacionadas a un posible env\u00edo internacional de una&nbsp;<strong>encomienda sospechosa de 35 kilogramos de peso,<\/strong>&nbsp;de la cual se desconocen mayores datos, originada en la Rep\u00fablica de Yemen, que ser\u00eda recibido en uno de los domicilios donde se alojar\u00edan los investigados.<\/p>\n\n\n\n<p>Por el momento se est\u00e1n investigando los tel\u00e9fonos celulares que fueron incautados en posesi\u00f3n de los detenidos.\u00a0<\/p>\n\n\n\n<p><strong>Fuente: www.mendozapost.com<\/strong><\/p>\n","protected":false},"excerpt":{"rendered":"<p>La Polic\u00eda Federal Argentina detuvo a&nbsp;tres extranjeros sospechados de llegar al pa\u00eds para&nbsp;presuntas actividades terroristas. Se trata de un individuo sirio y dos libaneses.&nbsp; La Unidad de Investigaci\u00f3n Antiterrorista realiz\u00f3 las detenciones bajo las \u00f3rdenes de la jueza Mar\u00eda Servini, a cargo del Juzgado Nacional en lo Criminal y Correccional n\u00famero 1.&nbsp; Seg\u00fan indic\u00f3 la [&hellip;]<\/p>\n","protected":false},"author":2,"featured_media":4255,"comment_status":"open","ping_status":"open","sticky":false,"template":"","format":"standard","meta":[],"categories":[48],"tags":[],"_links":{"self":[{"href":"https:\/\/pasaenmendoza.com\/index.php?rest_route=\/wp\/v2\/posts\/4254"}],"collection":[{"href":"https:\/\/pasaenmendoza.com\/index.php?rest_route=\/wp\/v2\/posts"}],"about":[{"href":"https:\/\/pasaenmendoza.com\/index.php?rest_route=\/wp\/v2\/types\/post"}],"author":[{"embeddable":true,"href":"https:\/\/pasaenmendoza.com\/index.php?rest_route=\/wp\/v2\/users\/2"}],"replies":[{"embeddable":true,"href":"https:\/\/pasaenmendoza.com\/index.php?rest_route=%2Fwp%2Fv2%2Fcomments&post=4254"}],"version-history":[{"count":1,"href":"https:\/\/pasaenmendoza.com\/index.php?rest_route=\/wp\/v2\/posts\/4254\/revisions"}],"predecessor-version":[{"id":4256,"href":"https:\/\/pasaenmendoza.com\/index.php?rest_route=\/wp\/v2\/posts\/4254\/revisions\/4256"}],"wp:featuredmedia":[{"embeddable":true,"href":"https:\/\/pasaenmendoza.com\/index.php?rest_route=\/wp\/v2\/media\/4255"}],"wp:attachment":[{"href":"https:\/\/pasaenmendoza.com\/index.php?rest_route=%2Fwp%2Fv2%2Fmedia&parent=4254"}],"wp:term":[{"taxonomy":"category","embeddable":true,"href":"https:\/\/pasaenmendoza.com\/index.php?rest_route=%2Fwp%2Fv2%2Fcategories&post=4254"},{"taxonomy":"post_tag","embeddable":true,"href":"https:\/\/pasaenmendoza.com\/index.php?rest_route=%2Fwp%2Fv2%2Ftags&post=4254"}],"curies":[{"name":"wp","href":"https:\/\/api.w.org\/{rel}","templated":true}]}}