{"id":4260,"date":"2024-01-03T14:16:50","date_gmt":"2024-01-03T13:16:50","guid":{"rendered":"https:\/\/pasaenmendoza.com\/?p=4260"},"modified":"2024-01-03T14:16:52","modified_gmt":"2024-01-03T13:16:52","slug":"un-nuevo-caso-de-bala-perdida-en-ano-nuevo-iba-por-godoy-cruz-y-un-plomo-le-dio-en-el-techo-del-auto","status":"publish","type":"post","link":"https:\/\/pasaenmendoza.com\/?p=4260","title":{"rendered":"Un nuevo caso de bala perdida en A\u00f1o Nuevo: iba por Godoy Cruz y un plomo le dio en el techo del auto"},"content":{"rendered":"\n<p>Un nuevo caso de&nbsp;<strong>bala perdida&nbsp;<\/strong>ocurri\u00f3 durante la madrugada del lunes en&nbsp;<strong>Godoy Cruz<\/strong>, en medio de los festejos de&nbsp;<strong>A\u00f1o Nuevo<\/strong>. Un hombre que conduc\u00eda por el&nbsp;<strong>Corredor del Oeste&nbsp;<\/strong>recibi\u00f3 el impacto de un plomo en el techo de su autom\u00f3vil.<\/p>\n\n\n\n<p>Se trata del cuarto hecho de esas caracter\u00edsticas que se registr\u00f3 durante las fiestas de fin de a\u00f1o, uno de los cuales provoc\u00f3 la muerte de la dise\u00f1adora gr\u00e1fica<strong>\u00a0Mariana Dom\u00ednguez<\/strong>\u00a0en el barrio<strong>\u00a0City Father<\/strong>\u00a0de\u00a0<strong>Villa Hip\u00f3dromo<\/strong>.<\/p>\n\n\n\n<p>Allegados a la v\u00edctima relataron a<strong><em>&nbsp;El Sol&nbsp;<\/em><\/strong>que el episodio tuvo lugar alrededor de las 1.40 del lunes cuando el hombre, de 57 a\u00f1os, regresaba de una cena y circulaba por el Corredor del Oeste a bordo de su<strong>&nbsp;Peugeot 208<\/strong>.<\/p>\n\n\n\n<p>Cuando pasaba por la zona de la rotonda de\u00a0<strong>Carola Lorenzini<\/strong>, frente al\u00a0<strong>Corral\u00f3n Municipal<\/strong>,\u00a0<mark>sinti\u00f3 un golpe en el techo del rodado, pero no quiso frenar para proteger su integridad y seguridad<\/mark>.<\/p>\n\n\n\n<p>Al llegar a su domicilio constat\u00f3 que se hab\u00eda tratado de un proyectil de arma de fuego lo que&nbsp;<mark>impact\u00f3 sobre su veh\u00edculo, dejando una marca y hundimiento en la chapa del techo<\/mark>.<\/p>\n\n\n\n<p>M\u00e1s all\u00e1 de lo vivido,\u00a0<mark>el hombre decidi\u00f3 no radicar la denuncia penal ni dar aviso a la l\u00ednea de emergencias 911, ya que\u00a0<em>\u201cno tiene sentido y no agarran a nadie\u201d<\/em><\/mark>, relat\u00f3 el testigo consultado por este diario.<\/p>\n\n\n\n<p><strong>En el Pablo VI<\/strong><\/p>\n\n\n\n<p>Durante la celebraci\u00f3n por la llegada del 2024 otra bala perdida hiri\u00f3 a una joven en la casa de su pareja en el&nbsp;<strong>barrio Pablo VI<\/strong>&nbsp;del mismo departamento.<\/p>\n\n\n\n<p>Fuentes policiales indicaron que, pasados algunos minutos de la medianoche, la muchacha, de 26 a\u00f1os,\u00a0<mark>sinti\u00f3 un ardor en el brazo izquierdo y luego observ\u00f3 caer un objeto met\u00e1lico al piso<\/mark>.<\/p>\n\n\n\n<p>Frente a esa situaci\u00f3n, dio aviso a la l\u00ednea de emergencias 911 y cuando efectivos arribaron a la escena constataron que&nbsp;<mark>se trataba de un plomo calibre 9 mil\u00edmetros<\/mark>, agregaron.<\/p>\n\n\n\n<p>La v\u00edctima salv\u00f3 su vida de milagro y no sufri\u00f3 lesiones de consideraci\u00f3n, por lo que ni siquiera necesit\u00f3 ser trasladada a un nosocomio.<\/p>\n\n\n\n<p><strong>Una muerte y una herida en Navidad<\/strong><\/p>\n\n\n\n<p>El hecho que puso la lupa sobre los disparos al aire libre en medio de los festejos de fin de a\u00f1o fue el asesinato de Mariana Dom\u00ednguez.<\/p>\n\n\n\n<p>La joven, de 28 a\u00f1os, se encontraba junto a la familia celebrando en su domicilio de<strong>\u00a0calle Picheuta<\/strong>\u00a0y, alrededor de las 2 de la madrugada del 25, se levant\u00f3 para buscar agua y se desplom\u00f3 de manera inesperada.<\/p>\n\n\n\n<p>Cuando los presentes fueron a asistirla, advirtieron que estaba inconsciente y&nbsp;<mark>presentaba sangrado en los o\u00eddos y la nariz, motivo por el que fue trasladada al&nbsp;<strong>Hospital El Carmen<\/strong><\/mark>.<\/p>\n\n\n\n<p>En ese nosocomio los m\u00e9dicos confirmaron que\u00a0<mark>ten\u00eda un impacto de bala en la nuca\u00a0<\/mark>y luego, cuando la derivaron al\u00a0<strong>Hospital Central<\/strong>, se confirm\u00f3 que ten\u00eda muerte cerebral.\u00a0<a rel=\"noreferrer noopener\" href=\"https:\/\/www.elsol.com.ar\/policiales\/murio-la-joven-de-28-anos-que-sufrio-un-balazo-perdido-en-la-cabeza\/\" target=\"_blank\">Horas m\u00e1s tarde, termin\u00f3 por perder la vida<\/a>.<\/p>\n\n\n\n<p>Durante los trabajos en la escena, los peritos divisaron un orificio en una tela media sombra del patio de la vivienda, por lo que creen que el disparo ascendi\u00f3 y descendi\u00f3, para terminar impactando contra la humanidad de Dom\u00ednguez.<\/p>\n\n\n\n<p>Por su parte, en la madrugada de esa misma jornada, m\u00e1s precisamente a las 3.15,<mark>\u00a0otra mujer termin\u00f3 lesionada en un ojo por una bala perdida<\/mark>.<\/p>\n\n\n\n<p>La v\u00edctima estaba en su casa de&nbsp;<strong>calle S\u00e1enz Pe\u00f1a<\/strong>&nbsp;de&nbsp;<strong>Maip\u00fa&nbsp;<\/strong>y en la zona se escucharon estruendos. Acto seguido, la mujer recibi\u00f3 el disparo en un ojo, por lo que termin\u00f3 internada en el Central, donde le retiraron el proyectil alojado en el sector frontal del cr\u00e1neo.<\/p>\n\n\n\n<p>La mujer fue intervenida con \u00e9xito y qued\u00f3 en buen estado de salud, recibiendo el alta m\u00e9dica con el paso de los d\u00edas.<\/p>\n\n\n\n<p><strong>Fuente: www.elsol.com.ar<\/strong><\/p>\n","protected":false},"excerpt":{"rendered":"<p>Un nuevo caso de&nbsp;bala perdida&nbsp;ocurri\u00f3 durante la madrugada del lunes en&nbsp;Godoy Cruz, en medio de los festejos de&nbsp;A\u00f1o Nuevo. Un hombre que conduc\u00eda por el&nbsp;Corredor del Oeste&nbsp;recibi\u00f3 el impacto de un plomo en el techo de su autom\u00f3vil. Se trata del cuarto hecho de esas caracter\u00edsticas que se registr\u00f3 durante las fiestas de fin de [&hellip;]<\/p>\n","protected":false},"author":2,"featured_media":4261,"comment_status":"open","ping_status":"open","sticky":false,"template":"","format":"standard","meta":[],"categories":[48],"tags":[],"_links":{"self":[{"href":"https:\/\/pasaenmendoza.com\/index.php?rest_route=\/wp\/v2\/posts\/4260"}],"collection":[{"href":"https:\/\/pasaenmendoza.com\/index.php?rest_route=\/wp\/v2\/posts"}],"about":[{"href":"https:\/\/pasaenmendoza.com\/index.php?rest_route=\/wp\/v2\/types\/post"}],"author":[{"embeddable":true,"href":"https:\/\/pasaenmendoza.com\/index.php?rest_route=\/wp\/v2\/users\/2"}],"replies":[{"embeddable":true,"href":"https:\/\/pasaenmendoza.com\/index.php?rest_route=%2Fwp%2Fv2%2Fcomments&post=4260"}],"version-history":[{"count":1,"href":"https:\/\/pasaenmendoza.com\/index.php?rest_route=\/wp\/v2\/posts\/4260\/revisions"}],"predecessor-version":[{"id":4262,"href":"https:\/\/pasaenmendoza.com\/index.php?rest_route=\/wp\/v2\/posts\/4260\/revisions\/4262"}],"wp:featuredmedia":[{"embeddable":true,"href":"https:\/\/pasaenmendoza.com\/index.php?rest_route=\/wp\/v2\/media\/4261"}],"wp:attachment":[{"href":"https:\/\/pasaenmendoza.com\/index.php?rest_route=%2Fwp%2Fv2%2Fmedia&parent=4260"}],"wp:term":[{"taxonomy":"category","embeddable":true,"href":"https:\/\/pasaenmendoza.com\/index.php?rest_route=%2Fwp%2Fv2%2Fcategories&post=4260"},{"taxonomy":"post_tag","embeddable":true,"href":"https:\/\/pasaenmendoza.com\/index.php?rest_route=%2Fwp%2Fv2%2Ftags&post=4260"}],"curies":[{"name":"wp","href":"https:\/\/api.w.org\/{rel}","templated":true}]}}