{"id":4263,"date":"2024-01-04T13:21:31","date_gmt":"2024-01-04T12:21:31","guid":{"rendered":"https:\/\/pasaenmendoza.com\/?p=4263"},"modified":"2024-01-04T13:21:33","modified_gmt":"2024-01-04T12:21:33","slug":"hebe-casado-prendio-la-motosierra-y-achico-en-un-50-los-contratos-temporales","status":"publish","type":"post","link":"https:\/\/pasaenmendoza.com\/?p=4263","title":{"rendered":"Hebe Casado prendi\u00f3 la motosierra y achic\u00f3 en un 50% los contratos temporales"},"content":{"rendered":"\n<p>Se trata de un plan de ajuste en el Senado que tambi\u00e9n incluye a funcionarios. Por su parte, Alfredo Cornejo dispuso la continuidad autom\u00e1tica hasta el 29 de febrero de los contratados.<\/p>\n\n\n\n<p>Mientras el gobernador Alfredo Cornejo decidi\u00f3 extender los\u00a0<strong>contratos\u00a0<\/strong>estatales que terminaban el 31 de diciembre hasta el 29 de febrero,\u00a0Hebe Casado\u00a0eligi\u00f3 el estilo del presidente Javier Milei y encendi\u00f3 la motosierra para recortar los gastos en el Senado. El cambio m\u00e1s grande est\u00e1 en el organigrama donde se achic\u00f3 casi a la mitad la cantidad de direcciones y secretar\u00edas. Tambi\u00e9n hubo un recorte profundo en los\u00a0<strong>contratos\u00a0<\/strong>temporales y los cargos pol\u00edticos.\u00a0<\/p>\n\n\n\n<p>Casi un mes le ha tomado a la sanrafaelina\u00a0<strong>Hebe Casado<\/strong>\u00a0reacomodar las tareas y funciones de los secretarios y directores para hacer un uso eficiente de los recursos humanos.\u00a0<\/p>\n\n\n\n<p>En total, se redujo en un 40% el n\u00famero de direcciones y secretar\u00edas; y se le dio de baja al 50% de\u00a0<strong>contratos\u00a0<\/strong>temporales y cargos pol\u00edticos. \u201cVamos a priorizar el personal de planta permanente y el m\u00e9rito profesional\u201d, indicaron desde el Senado. Adem\u00e1s, decidieron suspender las adscripciones durante todo el a\u00f1o para evitar desv\u00edo de recursos humanos y materiales.\u00a0<\/p>\n\n\n\n<p>Para que los sueldos no se disparen tambi\u00e9n colocar\u00e1n un tope del 60% al \u00edtem de mayor dedicaci\u00f3n que se revisar\u00e1 peri\u00f3dicamente. Hasta ahora ese adicional llega al 75% \u00f3 100% dependiendo del caso.&nbsp;<\/p>\n\n\n\n<p>Aunque en porcentajes el recorte es grande, no tiene un gran impacto en las arcas de la Provincia ya que la Legislatura entre ambas c\u00e1maras representa el 0,4% del presupuesto 2024. De todas formas, no deja de ser un gesto de la pol\u00edtica a la sociedad en un momento de crisis econ\u00f3mica.\u00a0<\/p>\n\n\n\n<p>En cuanto a eficiencia de los recursos, Laura Montero marc\u00f3 un hito en su paso por la Legislatura con la edificaci\u00f3n del anexo legislativo junto a la Casa de la Leyes. La exvicegobernadora realiz\u00f3 el proyecto, construy\u00f3 e inaugur\u00f3 el edificio en cuatro a\u00f1os sin pedir m\u00e1s presupuesto y esta acci\u00f3n se tradujo en un ahorro considerable de oficinas para los senadores que no ten\u00edan lugar.&nbsp;<\/p>\n\n\n\n<h2 class=\"wp-block-heading\">Presencialidad y digitalizaci\u00f3n<\/h2>\n\n\n\n<p>Despu\u00e9s del esc\u00e1ndalo de Miguel Ronco y las sesiones virtuales desde el Caribe en Diputados,<strong>&nbsp;Hebe Casado<\/strong>&nbsp;decidi\u00f3 que todo el trabajo ser\u00e1 100% presencial para garantizar el cumplimiento de las funciones legislativas y administrativas.&nbsp;<\/p>\n\n\n\n<p>En realidad en el Senado, las sesiones volvieron a la presencialidad una vez pasada la emergencia sanitaria y a partir de ahora se descartar\u00e1n las sesiones por Zoom y todos los senadores deber\u00e1n estar en sus bancas. Tambi\u00e9n se va a mejorar el sistema de marcado del personal.<\/p>\n\n\n\n<p>Otro tema en el que se concentrar\u00e1&nbsp;<strong>Hebe Casado<\/strong>&nbsp;es la digitalizaci\u00f3n. En estos cuatro a\u00f1os, la vicegobernadora busca alcanzar una despapelizaci\u00f3n total, optimizar el sistema de digitalizaci\u00f3n de expedientes y tr\u00e1mites para agilizar los procesos y cuidar el ambiente.&nbsp;<\/p>\n\n\n\n<p>Adem\u00e1s, para mejorar los n\u00fameros har\u00e1n foco en los gastos de insumos pero esta tarea saben que llevar\u00e1 m\u00e1s tiempo y tendr\u00e1 que ser hasta generar una conciencia en toda la planta del Senado.&nbsp;<\/p>\n\n\n\n<h2 class=\"wp-block-heading\">Los organigramas de Montero, Abed y Hebe Casado<\/h2>\n\n\n\n<p>En 2015, Laura Montero se propuso un ambicioso proyecto en el buscaba abrir la Legislatura a la comunidad. A la figura de las Secretar\u00edas Administrativa, Privada y Legislativa, y Legal y T\u00e9cnica, equipar\u00f3 la Unidad de Enlace. Adem\u00e1s, cre\u00f3 tres direcciones: An\u00e1lisis de Presupuesto, Planificaci\u00f3n y Comunicaci\u00f3n.<\/p>\n\n\n\n<p>En 2019, Mario Abed se mantuvo dentro de las tareas estrictas de la vicegobernaci\u00f3n. Mantuvo las Secretar\u00edas necesarias para el funcionamiento de la Casa de las Leyes (Administrativa, Privada y Legislativa, y Legal y T\u00e9cnica) y de todos los directores solo dej\u00f3 el de Comunicaci\u00f3n.&nbsp;<\/p>\n\n\n\n<p>Ahora,\u00a0<strong>Hebe Casado\u00a0<\/strong>quiere reducir el organigrama al m\u00ednimo y se qued\u00f3 solo con las tres secretar\u00edas imprescindibles: Legislativa, Administrativa, y Legal y T\u00e9cnica. Solamente sum\u00f3 la Direcci\u00f3n de despacho donde se fusionaron protocolo y prensa. Ambas bajaron de direcciones a jefaturas. Y Arte y Cultura qued\u00f3 como un \u00e1rea dentro de protocolo.\u00a0<\/p>\n\n\n\n<p>El equipo de\u00a0<strong>Hebe Casado\u00a0<\/strong>est\u00e1 integrado por gente de su confianza que la acompa\u00f1a hace a\u00f1os en la militancia del Pro. Lucas Fraure es el secretario Legislativo, Pablo Priore el secretario administrativo, Nuria Olivera es la secretaria Legal y T\u00e9cnica, y Guillermo Fuentes Riva director del Despacho.\u00a0<\/p>\n\n\n\n<p>FUENTE: Mdzonline.<\/p>\n","protected":false},"excerpt":{"rendered":"<p>Se trata de un plan de ajuste en el Senado que tambi\u00e9n incluye a funcionarios. Por su parte, Alfredo Cornejo dispuso la continuidad autom\u00e1tica hasta el 29 de febrero de los contratados. Mientras el gobernador Alfredo Cornejo decidi\u00f3 extender los\u00a0contratos\u00a0estatales que terminaban el 31 de diciembre hasta el 29 de febrero,\u00a0Hebe Casado\u00a0eligi\u00f3 el estilo del [&hellip;]<\/p>\n","protected":false},"author":2,"featured_media":4271,"comment_status":"open","ping_status":"open","sticky":true,"template":"","format":"standard","meta":[],"categories":[47],"tags":[],"_links":{"self":[{"href":"https:\/\/pasaenmendoza.com\/index.php?rest_route=\/wp\/v2\/posts\/4263"}],"collection":[{"href":"https:\/\/pasaenmendoza.com\/index.php?rest_route=\/wp\/v2\/posts"}],"about":[{"href":"https:\/\/pasaenmendoza.com\/index.php?rest_route=\/wp\/v2\/types\/post"}],"author":[{"embeddable":true,"href":"https:\/\/pasaenmendoza.com\/index.php?rest_route=\/wp\/v2\/users\/2"}],"replies":[{"embeddable":true,"href":"https:\/\/pasaenmendoza.com\/index.php?rest_route=%2Fwp%2Fv2%2Fcomments&post=4263"}],"version-history":[{"count":1,"href":"https:\/\/pasaenmendoza.com\/index.php?rest_route=\/wp\/v2\/posts\/4263\/revisions"}],"predecessor-version":[{"id":4273,"href":"https:\/\/pasaenmendoza.com\/index.php?rest_route=\/wp\/v2\/posts\/4263\/revisions\/4273"}],"wp:featuredmedia":[{"embeddable":true,"href":"https:\/\/pasaenmendoza.com\/index.php?rest_route=\/wp\/v2\/media\/4271"}],"wp:attachment":[{"href":"https:\/\/pasaenmendoza.com\/index.php?rest_route=%2Fwp%2Fv2%2Fmedia&parent=4263"}],"wp:term":[{"taxonomy":"category","embeddable":true,"href":"https:\/\/pasaenmendoza.com\/index.php?rest_route=%2Fwp%2Fv2%2Fcategories&post=4263"},{"taxonomy":"post_tag","embeddable":true,"href":"https:\/\/pasaenmendoza.com\/index.php?rest_route=%2Fwp%2Fv2%2Ftags&post=4263"}],"curies":[{"name":"wp","href":"https:\/\/api.w.org\/{rel}","templated":true}]}}