{"id":4270,"date":"2024-01-04T13:32:45","date_gmt":"2024-01-04T12:32:45","guid":{"rendered":"https:\/\/pasaenmendoza.com\/?p=4270"},"modified":"2024-01-04T13:32:46","modified_gmt":"2024-01-04T12:32:46","slug":"el-calor-no-afloja-y-se-espera-un-jueves-inestable-en-mendoza","status":"publish","type":"post","link":"https:\/\/pasaenmendoza.com\/?p=4270","title":{"rendered":"El calor no afloja y se espera un jueves inestable en Mendoza"},"content":{"rendered":"\n<p>Para este<strong>&nbsp;jueves 4 de enero<\/strong>, anticipan una jornada&nbsp;<strong>muy calurosa e inestable con probabilidad de tormentas aisladas<\/strong>&nbsp;en la provincia de&nbsp;<strong>Mendoza<\/strong>. La temperatura m\u00e1xima llegar\u00e1 a 37\u00b0, mientras que la m\u00ednima fue de 22\u00b0.&nbsp;<\/p>\n\n\n\n<p>\u00a0Adem\u00e1s anunciaron la presencia de vientos moderados del noreste, seg\u00fan informaron desde\u00a0<strong>Contingencias Clim\u00e1ticas<\/strong>.\u00a0<\/p>\n\n\n\n<p>Seg\u00fan el\u00a0<strong>pron\u00f3stico extendido<\/strong>, el calor seguir\u00e1 presente durante la semana, con m\u00e1ximas que alcanzar\u00e1n los 38\u00b0.\u00a0<\/p>\n\n\n\n<p><strong>Pron\u00f3stico extendido para Mendoza<\/strong><\/p>\n\n\n\n<p>Este\u00a0<strong>viernes 5 de enero<\/strong>\u00a0estar\u00e1 muy caluroso con nubosidad variable y tormentas hacia la noche, vientos moderados del noreste. M\u00e1xima de 38\u00baC, m\u00ednima de 23\u00ba.<\/p>\n\n\n\n<p>Para este&nbsp;<strong>s\u00e1bado 6 de enero&nbsp;<\/strong>anunciaron una jornada con cielo parcialmente nublado, vientos moderados del sudeste. Inestable hacia la noche. M\u00e1xima de 32\u00baC, m\u00ednima de 23\u00baC.<\/p>\n\n\n\n<p>Por su parte, el domingo 7 de enero estar\u00e1 parcialmente nublado con ascenso de la temperatura. Tiempo inestable. M\u00e1xima de 35\u00baC, m\u00ednima de 21\u00baC.<\/p>\n\n\n\n<p><strong>Fuente: www.mendozapost.com<\/strong><\/p>\n","protected":false},"excerpt":{"rendered":"<p>Para este&nbsp;jueves 4 de enero, anticipan una jornada&nbsp;muy calurosa e inestable con probabilidad de tormentas aisladas&nbsp;en la provincia de&nbsp;Mendoza. La temperatura m\u00e1xima llegar\u00e1 a 37\u00b0, mientras que la m\u00ednima fue de 22\u00b0.&nbsp; \u00a0Adem\u00e1s anunciaron la presencia de vientos moderados del noreste, seg\u00fan informaron desde\u00a0Contingencias Clim\u00e1ticas.\u00a0 Seg\u00fan el\u00a0pron\u00f3stico extendido, el calor seguir\u00e1 presente durante la semana, [&hellip;]<\/p>\n","protected":false},"author":2,"featured_media":4283,"comment_status":"open","ping_status":"open","sticky":false,"template":"","format":"standard","meta":[],"categories":[52],"tags":[],"_links":{"self":[{"href":"https:\/\/pasaenmendoza.com\/index.php?rest_route=\/wp\/v2\/posts\/4270"}],"collection":[{"href":"https:\/\/pasaenmendoza.com\/index.php?rest_route=\/wp\/v2\/posts"}],"about":[{"href":"https:\/\/pasaenmendoza.com\/index.php?rest_route=\/wp\/v2\/types\/post"}],"author":[{"embeddable":true,"href":"https:\/\/pasaenmendoza.com\/index.php?rest_route=\/wp\/v2\/users\/2"}],"replies":[{"embeddable":true,"href":"https:\/\/pasaenmendoza.com\/index.php?rest_route=%2Fwp%2Fv2%2Fcomments&post=4270"}],"version-history":[{"count":1,"href":"https:\/\/pasaenmendoza.com\/index.php?rest_route=\/wp\/v2\/posts\/4270\/revisions"}],"predecessor-version":[{"id":4284,"href":"https:\/\/pasaenmendoza.com\/index.php?rest_route=\/wp\/v2\/posts\/4270\/revisions\/4284"}],"wp:featuredmedia":[{"embeddable":true,"href":"https:\/\/pasaenmendoza.com\/index.php?rest_route=\/wp\/v2\/media\/4283"}],"wp:attachment":[{"href":"https:\/\/pasaenmendoza.com\/index.php?rest_route=%2Fwp%2Fv2%2Fmedia&parent=4270"}],"wp:term":[{"taxonomy":"category","embeddable":true,"href":"https:\/\/pasaenmendoza.com\/index.php?rest_route=%2Fwp%2Fv2%2Fcategories&post=4270"},{"taxonomy":"post_tag","embeddable":true,"href":"https:\/\/pasaenmendoza.com\/index.php?rest_route=%2Fwp%2Fv2%2Ftags&post=4270"}],"curies":[{"name":"wp","href":"https:\/\/api.w.org\/{rel}","templated":true}]}}