{"id":4274,"date":"2024-01-04T13:26:02","date_gmt":"2024-01-04T12:26:02","guid":{"rendered":"https:\/\/pasaenmendoza.com\/?p=4274"},"modified":"2024-01-04T13:26:04","modified_gmt":"2024-01-04T12:26:04","slug":"buscan-incorporar-un-titulo-intermedio-en-las-escuelas-tecnicas-para-bajar-el-abandono-escolar","status":"publish","type":"post","link":"https:\/\/pasaenmendoza.com\/?p=4274","title":{"rendered":"Buscan incorporar un t\u00edtulo intermedio en las escuelas t\u00e9cnicas para bajar el abandono escolar"},"content":{"rendered":"\n<p>El 27 de diciembre pasado, cuando&nbsp;<strong>Tadeo Garc\u00eda Zalazar<\/strong>&nbsp;asumi\u00f3 como flamante&nbsp;<strong>Director General de Escuelas (DGE)<\/strong>&nbsp;llam\u00f3 la atenci\u00f3n un proyecto que ten\u00eda planificado aplicar en las escuelas secundarias, precisamente en las T\u00e9cnicas.<\/p>\n\n\n\n<p>Si bien en ese momento no precis\u00f3 detalles, el funcionario asegur\u00f3 que\u00a0<mark>las escuelas t\u00e9cnicas podr\u00edan otorgar un t\u00edtulo intermedio en 5\u00ba a\u00f1o<\/mark>, algo que ya se aplica en provincias como C\u00f3rdoba.<\/p>\n\n\n\n<p>El motivo de la propuesta tiene que ver con el&nbsp;<mark>alto \u00edndice de abandono escolar<\/mark>&nbsp;que se genera entre 3\u00ba y 5\u00ba a\u00f1o, si bien las causales son muchas, una de las principales tiene que ver con la necesidad econ\u00f3mica que reina en los hogares argentinos.<\/p>\n\n\n\n<h2 class=\"wp-block-heading\" id=\"h-acerca-de-la-implementacion\">Acerca de la implementaci\u00f3n<\/h2>\n\n\n\n<p>Si bien Garc\u00eda Zalazar no profundiz\u00f3 mucho m\u00e1s sobre el tema, en di\u00e1logo con&nbsp;<em>El Sol<\/em>&nbsp;brind\u00f3 detalles de la estrategia a seguir.<\/p>\n\n\n\n<p><em>\u201cPese a que existe una normativa nacional que habr\u00eda que modificar, ya que la ley establece que en las escuelas t\u00e9cnicas se otorgan los t\u00edtulos a los seis a\u00f1os de cursado, estamos trabajando en una propuesta t\u00e9cnica que, en unos meses, ser\u00e1 elevada al Consejo Federal de Educaci\u00f3n, donde est\u00e1n representadas todas las provincias\u201d,\u00a0<\/em>anticip\u00f3 el titular de la DGE.<\/p>\n\n\n\n<p>Teniendo en cuenta que el proceso tendr\u00e1 un tratamiento especial y llevar\u00e1 tiempo alcanzar una resoluci\u00f3n, incluso, un dictamen t\u00e9cnico,&nbsp;<mark>la idea de Tadeo Garc\u00eda Zalazar es buscar herramientas para que Mendoza pueda avanzar en la propuesta, previo a que se logre la resoluci\u00f3n.<\/mark><\/p>\n\n\n\n<p><em>\u201cNuestra propuesta consiste en hacer algunas pruebas pilotos en escuelas t\u00e9cnicas, ver los resultados alcanzados y luego poder trasladarlo a todo el sistema\u201d,<\/em>&nbsp;coment\u00f3.<\/p>\n\n\n\n<p>El desgranamiento registrado en el secundario, sobre todo, entre 3\u00b0 y 5\u00b0 a\u00f1o es alto, por ello, la estrategia planteada por las autoridades de Educaci\u00f3n de Mendoza tiene que ver con que&nbsp;<mark>las escuelas tengan cinco a\u00f1os con una titulaci\u00f3n y despu\u00e9s, los alumnos que tengan la vocaci\u00f3n de alcanzar el t\u00edtulo t\u00e9cnico lo hagan cursando un a\u00f1o m\u00e1s.<\/mark><\/p>\n\n\n\n<p><em>\u201cOtro de los objetivos es incrementar las horas de pr\u00e1cticas, como as\u00ed tambi\u00e9n generar los v\u00ednculos necesarios con empresas para pasant\u00edas\u201d,<\/em>&nbsp;agreg\u00f3 el funcionario.<\/p>\n\n\n\n<h2 class=\"wp-block-heading\">Cu\u00e1ndo se pondr\u00eda en vigencia<\/h2>\n\n\n\n<p>La puesta en marcha del t\u00edtulo intermedio en las escuelas t\u00e9cnicas de Mendoza implica varias instancias, en este sentido, Tadeo Garc\u00eda Zalazar expres\u00f3:&nbsp;<em>\u201cLa primera reuni\u00f3n con el Consejo Federal ser\u00e1 los primeros d\u00edas de febrero y all\u00ed tenemos pensado presentar la propuesta. Eso entra en un temario, generalmente tiene un dictamen t\u00e9cnico y all\u00ed veremos los plazos que nos dan\u201d.<\/em><\/p>\n\n\n\n<p>Independientemente de ello,<mark>\u00a0las autoridades locales estudiar\u00e1n la posibilidad de hacerlo dentro del marco regulatorio provincial<\/mark>, por lo que este a\u00f1o podr\u00edan arrancar con las pruebas pilotos, aunque Garc\u00eda Zalazar prefiere contar con el aval de la Naci\u00f3n.<\/p>\n\n\n\n<p>FUENTE: Elsol.com.ar <\/p>\n","protected":false},"excerpt":{"rendered":"<p>El 27 de diciembre pasado, cuando&nbsp;Tadeo Garc\u00eda Zalazar&nbsp;asumi\u00f3 como flamante&nbsp;Director General de Escuelas (DGE)&nbsp;llam\u00f3 la atenci\u00f3n un proyecto que ten\u00eda planificado aplicar en las escuelas secundarias, precisamente en las T\u00e9cnicas. Si bien en ese momento no precis\u00f3 detalles, el funcionario asegur\u00f3 que\u00a0las escuelas t\u00e9cnicas podr\u00edan otorgar un t\u00edtulo intermedio en 5\u00ba a\u00f1o, algo que ya [&hellip;]<\/p>\n","protected":false},"author":2,"featured_media":4277,"comment_status":"open","ping_status":"open","sticky":true,"template":"","format":"standard","meta":[],"categories":[47],"tags":[],"_links":{"self":[{"href":"https:\/\/pasaenmendoza.com\/index.php?rest_route=\/wp\/v2\/posts\/4274"}],"collection":[{"href":"https:\/\/pasaenmendoza.com\/index.php?rest_route=\/wp\/v2\/posts"}],"about":[{"href":"https:\/\/pasaenmendoza.com\/index.php?rest_route=\/wp\/v2\/types\/post"}],"author":[{"embeddable":true,"href":"https:\/\/pasaenmendoza.com\/index.php?rest_route=\/wp\/v2\/users\/2"}],"replies":[{"embeddable":true,"href":"https:\/\/pasaenmendoza.com\/index.php?rest_route=%2Fwp%2Fv2%2Fcomments&post=4274"}],"version-history":[{"count":1,"href":"https:\/\/pasaenmendoza.com\/index.php?rest_route=\/wp\/v2\/posts\/4274\/revisions"}],"predecessor-version":[{"id":4278,"href":"https:\/\/pasaenmendoza.com\/index.php?rest_route=\/wp\/v2\/posts\/4274\/revisions\/4278"}],"wp:featuredmedia":[{"embeddable":true,"href":"https:\/\/pasaenmendoza.com\/index.php?rest_route=\/wp\/v2\/media\/4277"}],"wp:attachment":[{"href":"https:\/\/pasaenmendoza.com\/index.php?rest_route=%2Fwp%2Fv2%2Fmedia&parent=4274"}],"wp:term":[{"taxonomy":"category","embeddable":true,"href":"https:\/\/pasaenmendoza.com\/index.php?rest_route=%2Fwp%2Fv2%2Fcategories&post=4274"},{"taxonomy":"post_tag","embeddable":true,"href":"https:\/\/pasaenmendoza.com\/index.php?rest_route=%2Fwp%2Fv2%2Ftags&post=4274"}],"curies":[{"name":"wp","href":"https:\/\/api.w.org\/{rel}","templated":true}]}}