{"id":4276,"date":"2024-01-04T13:37:08","date_gmt":"2024-01-04T12:37:08","guid":{"rendered":"https:\/\/pasaenmendoza.com\/?p=4276"},"modified":"2024-01-04T13:37:12","modified_gmt":"2024-01-04T12:37:12","slug":"la-familia-del-jubilado-que-perdio-todo-en-el-incendio-de-su-departamento-necesita-ayuda","status":"publish","type":"post","link":"https:\/\/pasaenmendoza.com\/?p=4276","title":{"rendered":"La familia del jubilado que perdi\u00f3 todo en el incendio de su departamento necesita ayuda"},"content":{"rendered":"\n<p>La familia de\u00a0<strong>Roberto Valpreda<\/strong>, el hombre que perdi\u00f3 todo como consecuencia de un\u00a0incendio en la Cuarta Secci\u00f3n, inici\u00f3 una campa\u00f1a solidaria para poder\u00a0<strong>recaudar fondos y reparar el departamento que qued\u00f3 inhabitable<\/strong>.<\/p>\n\n\n\n<p>El lunes pasado un incendio en el quinto piso de un edificio de calle&nbsp;<strong>Espa\u00f1a al 2800<\/strong>&nbsp;alert\u00f3 a los vecinos de la zona. Si bien los bomberos trabajaron r\u00e1pidamente, el fuego destroz\u00f3 uno de los departamentos y da\u00f1\u00f3 otros tres del mismo piso.<\/p>\n\n\n\n<p><strong>Mar\u00eda Valpreda<\/strong>, hija del hombre de 75 a\u00f1os, apela a la solidaridad de los mendocinos para poder<strong>\u00a0limpiar y reacondicionar el departamento<\/strong>\u00a0de su pap\u00e1. Adem\u00e1s, quiere ayudar a los vecinos que tambi\u00e9n fueron afectados por el incendio.<\/p>\n\n\n\n<p>Roberto Valpreda viv\u00eda s\u00f3lo en el departamento de Ciudad. El 1 de enero, cerca de las 21, un incendio, que desconocen c\u00f3mo se origin\u00f3, destruy\u00f3 completamente su vivienda.<\/p>\n\n\n\n<p>El jubilado&nbsp;<strong>sufri\u00f3 la quemadura de sus c\u00f3rneas y actualmente se est\u00e1 recuperando<\/strong>. Sin embargo, a\u00fan est\u00e1 en estado de shock por lo sucedido.<\/p>\n\n\n\n<p>&#8220;Los da\u00f1os fueron totales,\u00a0<strong>no qued\u00f3 absolutamente nada<\/strong>. S\u00f3lo lo que mi pap\u00e1 ten\u00eda puesto, que era un short&#8221;, cont\u00f3 su hija Mar\u00eda.<\/p>\n\n\n\n<p>Actualmente el hombre est\u00e1 hospedado en el departamento de su hija, pero desea poder recuperar lo que le cost\u00f3 tantos a\u00f1os de trabajo.<\/p>\n\n\n\n<p>Por el momento, lo que la familia necesita es\u00a0<strong>dinero para empezar con el trabajo de obra<\/strong>\u00a0porque tampoco tienen lugar f\u00edsico para poder dejar las donaciones que le hagan. &#8220;<strong>Necesitamos limpiar ese departamento y que una empresa se lleve los escombros del quinto piso<\/strong>&#8220;, detall\u00f3 la mujer.<\/p>\n\n\n\n<p><strong>Mi pap\u00e1 tiene que seguir pagando, por ejemplo, el tel\u00e9fono, que tambi\u00e9n se le prendi\u00f3 fuego. Deber\u00e1 adem\u00e1s pagar las cuentas como si \u00e9l estuviera ah\u00ed<\/strong><\/p>\n\n\n\n<h2 class=\"wp-block-heading\">Los datos de la cuenta bancaria para poder ayudar a Roberto<\/h2>\n\n\n\n<p><strong>ALIAS: roberto.valpreda<\/strong><\/p>\n\n\n\n<p><strong>CBU:<\/strong>&nbsp;0070081830004898556158<\/p>\n\n\n\n<p><strong>Cuenta:<\/strong>&nbsp;489855610815<\/p>\n","protected":false},"excerpt":{"rendered":"<p>La familia de\u00a0Roberto Valpreda, el hombre que perdi\u00f3 todo como consecuencia de un\u00a0incendio en la Cuarta Secci\u00f3n, inici\u00f3 una campa\u00f1a solidaria para poder\u00a0recaudar fondos y reparar el departamento que qued\u00f3 inhabitable. El lunes pasado un incendio en el quinto piso de un edificio de calle&nbsp;Espa\u00f1a al 2800&nbsp;alert\u00f3 a los vecinos de la zona. Si bien [&hellip;]<\/p>\n","protected":false},"author":2,"featured_media":4286,"comment_status":"open","ping_status":"open","sticky":false,"template":"","format":"standard","meta":[],"categories":[50],"tags":[],"_links":{"self":[{"href":"https:\/\/pasaenmendoza.com\/index.php?rest_route=\/wp\/v2\/posts\/4276"}],"collection":[{"href":"https:\/\/pasaenmendoza.com\/index.php?rest_route=\/wp\/v2\/posts"}],"about":[{"href":"https:\/\/pasaenmendoza.com\/index.php?rest_route=\/wp\/v2\/types\/post"}],"author":[{"embeddable":true,"href":"https:\/\/pasaenmendoza.com\/index.php?rest_route=\/wp\/v2\/users\/2"}],"replies":[{"embeddable":true,"href":"https:\/\/pasaenmendoza.com\/index.php?rest_route=%2Fwp%2Fv2%2Fcomments&post=4276"}],"version-history":[{"count":1,"href":"https:\/\/pasaenmendoza.com\/index.php?rest_route=\/wp\/v2\/posts\/4276\/revisions"}],"predecessor-version":[{"id":4287,"href":"https:\/\/pasaenmendoza.com\/index.php?rest_route=\/wp\/v2\/posts\/4276\/revisions\/4287"}],"wp:featuredmedia":[{"embeddable":true,"href":"https:\/\/pasaenmendoza.com\/index.php?rest_route=\/wp\/v2\/media\/4286"}],"wp:attachment":[{"href":"https:\/\/pasaenmendoza.com\/index.php?rest_route=%2Fwp%2Fv2%2Fmedia&parent=4276"}],"wp:term":[{"taxonomy":"category","embeddable":true,"href":"https:\/\/pasaenmendoza.com\/index.php?rest_route=%2Fwp%2Fv2%2Fcategories&post=4276"},{"taxonomy":"post_tag","embeddable":true,"href":"https:\/\/pasaenmendoza.com\/index.php?rest_route=%2Fwp%2Fv2%2Ftags&post=4276"}],"curies":[{"name":"wp","href":"https:\/\/api.w.org\/{rel}","templated":true}]}}