{"id":4279,"date":"2024-01-04T13:30:33","date_gmt":"2024-01-04T12:30:33","guid":{"rendered":"https:\/\/pasaenmendoza.com\/?p=4279"},"modified":"2024-01-04T13:30:35","modified_gmt":"2024-01-04T12:30:35","slug":"mercedes-llano-defendio-la-ley-omnibus-sin-mencionar-las-retenciones-al-vino","status":"publish","type":"post","link":"https:\/\/pasaenmendoza.com\/?p=4279","title":{"rendered":"Mercedes Llano defendi\u00f3 la Ley \u00d3mnibus sin mencionar las retenciones al vino"},"content":{"rendered":"\n<p>&nbsp;El Gobierno Nacional busca apurar el tratamiento de la Ley \u00f3mnibus que elev\u00f3 al Congreso previo al final del 2023, con el llamado a sesiones extraordinarias para tratarla cuanto antes. En este sentido,&nbsp;<strong>los diputados mendocinos por La Libertad Avanza mantuvieron una reuni\u00f3n con el presidente Milei,<\/strong>&nbsp;con el fin de establecer las t\u00e1cticas para lograr la aprobaci\u00f3n de la Ley.&nbsp;<\/p>\n\n\n\n<p>La diputada nacional mendocina,\u00a0<strong>Mercedes Llano, fue una de las que estuvo presente en Casa Rosada para dicha reuni\u00f3n,<\/strong>\u00a0en la que se busc\u00f3 acelerar procesos para tratar lo m\u00e1s r\u00e1pido posible la Ley enviada por el Ejecutivo.\u00a0<\/p>\n\n\n\n<p>En medio de la<strong>&nbsp;disconformidad del sector vitivin\u00edcola por la imposici\u00f3n de retenciones a la exportaci\u00f3n de vinos<\/strong>, los legisladores deber\u00e1n tratar los puntos \u00e1lgidos en lo econ\u00f3mico que contiene la Ley, aunque ning\u00fan referente mendocino de LLA se manifest\u00f3 al respecto.&nbsp;<\/p>\n\n\n\n<p>Fundamentalmente, tanto el Gobierno provincial, como los empresarios vitivin\u00edcolas,\u00a0<strong>est\u00e1n sumamente preocupados por el efecto que pueda tener el aumento de las retenciones en el crecimiento de la industria y en los n\u00fameros para 2024.\u00a0<\/strong><\/p>\n\n\n\n<p>Cabe recordar que el gobierno anterior, bajo la gesti\u00f3n de Sergio Massa en el Ministerio de Econom\u00eda,\u00a0<strong>elimin\u00f3 las restricciones al vino,<\/strong>\u00a0por lo que, hoy por hoy, esas retenciones est\u00e1n en el 0%\u00a0<strong>y el Gobierno busca llevarlas al 8%.\u00a0<\/strong><\/p>\n\n\n\n<p>La diputada&nbsp;<strong>Llano<\/strong>&nbsp;reflej\u00f3 en su cuenta de X su participaci\u00f3n en la reuni\u00f3n del oficialismo y se\u00f1al\u00f3 que la Ley &#8220;Bases&#8221; es &#8220;una ley que&nbsp;<strong>garantiza m\u00e1s libertad, desmantela privilegios corporativos,<\/strong>&nbsp;reduce el tama\u00f1o el estado, elimina la asfixiante carga burocr\u00e1tica y combate la corrupci\u00f3n, entre otras medidas que van allanar el camino hacia el PROGRESO de nuestro pa\u00eds&#8221;.<\/p>\n\n\n\n<p>A su vez, la legisladora asegur\u00f3 que &#8220;una Argentina mejor ya est\u00e1 en marcha&#8221;.<\/p>\n\n\n\n<p>FUENTE: Mendozapost.<\/p>\n","protected":false},"excerpt":{"rendered":"<p>&nbsp;El Gobierno Nacional busca apurar el tratamiento de la Ley \u00f3mnibus que elev\u00f3 al Congreso previo al final del 2023, con el llamado a sesiones extraordinarias para tratarla cuanto antes. En este sentido,&nbsp;los diputados mendocinos por La Libertad Avanza mantuvieron una reuni\u00f3n con el presidente Milei,&nbsp;con el fin de establecer las t\u00e1cticas para lograr la [&hellip;]<\/p>\n","protected":false},"author":2,"featured_media":4280,"comment_status":"open","ping_status":"open","sticky":false,"template":"","format":"standard","meta":[],"categories":[47],"tags":[],"_links":{"self":[{"href":"https:\/\/pasaenmendoza.com\/index.php?rest_route=\/wp\/v2\/posts\/4279"}],"collection":[{"href":"https:\/\/pasaenmendoza.com\/index.php?rest_route=\/wp\/v2\/posts"}],"about":[{"href":"https:\/\/pasaenmendoza.com\/index.php?rest_route=\/wp\/v2\/types\/post"}],"author":[{"embeddable":true,"href":"https:\/\/pasaenmendoza.com\/index.php?rest_route=\/wp\/v2\/users\/2"}],"replies":[{"embeddable":true,"href":"https:\/\/pasaenmendoza.com\/index.php?rest_route=%2Fwp%2Fv2%2Fcomments&post=4279"}],"version-history":[{"count":1,"href":"https:\/\/pasaenmendoza.com\/index.php?rest_route=\/wp\/v2\/posts\/4279\/revisions"}],"predecessor-version":[{"id":4281,"href":"https:\/\/pasaenmendoza.com\/index.php?rest_route=\/wp\/v2\/posts\/4279\/revisions\/4281"}],"wp:featuredmedia":[{"embeddable":true,"href":"https:\/\/pasaenmendoza.com\/index.php?rest_route=\/wp\/v2\/media\/4280"}],"wp:attachment":[{"href":"https:\/\/pasaenmendoza.com\/index.php?rest_route=%2Fwp%2Fv2%2Fmedia&parent=4279"}],"wp:term":[{"taxonomy":"category","embeddable":true,"href":"https:\/\/pasaenmendoza.com\/index.php?rest_route=%2Fwp%2Fv2%2Fcategories&post=4279"},{"taxonomy":"post_tag","embeddable":true,"href":"https:\/\/pasaenmendoza.com\/index.php?rest_route=%2Fwp%2Fv2%2Ftags&post=4279"}],"curies":[{"name":"wp","href":"https:\/\/api.w.org\/{rel}","templated":true}]}}