{"id":4282,"date":"2024-01-04T13:38:16","date_gmt":"2024-01-04T12:38:16","guid":{"rendered":"https:\/\/pasaenmendoza.com\/?p=4282"},"modified":"2024-01-04T13:38:18","modified_gmt":"2024-01-04T12:38:18","slug":"la-oficina-de-etica-pidio-analizar-uno-por-uno-a-los-estatales-denunciados-por-cobrar-planes","status":"publish","type":"post","link":"https:\/\/pasaenmendoza.com\/?p=4282","title":{"rendered":"La Oficina de \u00c9tica pidi\u00f3 analizar uno por uno a los estatales denunciados por cobrar planes"},"content":{"rendered":"\n<p>Antes de convalidar si hubo incompatibilidades, el organismo pidi\u00f3 ver los listados propios para cotejarlos con el emitido por Naci\u00f3n. Fue solicitado este mi\u00e9rcoles a trav\u00e9s de un oficio<\/p>\n\n\n\n<p>La<strong>\u00a0Oficina de \u00c9tica P\u00fablica<\/strong>\u00a0de Mendoza pidi\u00f3 analizar uno por uno a los\u00a0<strong>estatales<\/strong>\u00a0denunciados por cobrar\u00a0<strong>planes sociales<\/strong>.\u00a0La decisi\u00f3n fue tomada 24 horas despu\u00e9s de que el Ejecutivo nacional diese a conocer un listado con 97 personas que presuntamente est\u00e1n en situaci\u00f3n irregular: son trabajadores estatales del \u00e1mbito local y a la vez reciben el beneficio.<\/p>\n\n\n\n<p><strong>&#8220;Se va a chequear uno por uno a todos esos nombres que figuran en el listado,\u00a0<\/strong>porque cada individuo puede tener una situaci\u00f3n particular. Por eso hay que tener en cuenta los detalles y, antes que nada,\u00a0<strong>debe volver a chequearse<\/strong>\u00a0esa informaci\u00f3n&#8221;, explic\u00f3 el titular dl organismo,<strong>\u00a0Gabriel Balsells &#8211; Mir\u00f3<\/strong><\/p>\n\n\n\n<p>Es porque al funcionario, como a parte de la estructura estatal de Mendoza,&nbsp;<strong>no le queda claro que la n\u00f3mina<\/strong>&nbsp;emitida este martes por el ministerio de<strong>&nbsp;Capital Humano sea del todo correcta.<\/strong>&nbsp;Este medio ya cont\u00f3 horas atr\u00e1s que la respuesta oficial desde el Barrio C\u00edvico fue que nada de lo que circula est\u00e1 confirmado y que por lo tanto&nbsp;<strong>no pueden ofrecer precisiones&nbsp;<\/strong>al respecto.<\/p>\n\n\n\n<p><strong>&#8220;Nosotros no podemos saber si ellos, Naci\u00f3n, han detectado gente en esas condiciones.<\/strong>\u00a0Son ellos los que tienen que aplicar las (eventuales) suspensiones&#8221;, fue la explicaci\u00f3n concreta. De esa misma manera est\u00e1<strong>\u00a0actuando \u00c9tica P\u00fablica,\u00a0<\/strong>que no termina de tomar el listado nacional como 100% preciso\u00a0<strong>hasta no haber hecho su propia indagaci\u00f3n.\u00a0<\/strong>Es por eso que avanz\u00f3 con el pedido para tener una lista<strong>\u00a0elaborada por Casa de Gobierno<\/strong>\u00a0y a partir de ah\u00ed cotejar ambas.<\/p>\n\n\n\n<p>Esto se requiri\u00f3<strong>\u00a0a trav\u00e9s de un oficio este mi\u00e9rcoles por la tarde.<\/strong>\u00a0Normalmente\u00a0<strong>el proceso administrativo toma cerca de diez d\u00edas<\/strong>; por lo que la documentaci\u00f3n llegar\u00eda a manos de Balsells &#8211; Mir\u00f3\u00a0<strong>a mediados de enero.\u00a0<\/strong>Podr\u00eda haber sumarios administrativos en caso de que se detecten irregularidades, pero en ninguno de los casos eso est\u00e1 confirmado. &#8220;Primero tenemos que ver\u00a0<strong>qu\u00e9 dice la documentaci\u00f3n<\/strong>\u00a0oficial&#8221;, ratific\u00f3 el funcionario.<\/p>\n\n\n\n<h2 class=\"wp-block-heading\">La tarea de la Oficina de \u00c9tica<\/h2>\n\n\n\n<p>La impresi\u00f3n que tienen en el organismo es que pueden<strong>&nbsp;existir errores en la lista que la administraci\u00f3n de Javier Milei&nbsp;<\/strong>dej\u00f3 trascender por estas horas. No descartan que haya equivocaciones o bien&nbsp;<strong>desactualizaciones<\/strong>: personas que ya no cobran el plan e igual figuran, o bien que<strong>&nbsp;ya no hacen labores para el Estado<\/strong>&nbsp;mendocino. O ninguna de las dos.<\/p>\n\n\n\n<p>La tarea est\u00e1 a cargo de\u00a0<strong>una Oficina de \u00c9tica que est\u00e1 levemente diezmada por las vacaciones de enero.<\/strong>\u00a0Normalmente tienen un n\u00famero cercano a cinco abogados que tienen a su cargo ese tipo de relevamientos, mientras que en el contexto actual<strong>\u00a0el n\u00famero se reduce a la mitad<\/strong>, seg\u00fan trascendi\u00f3.<\/p>\n\n\n\n<p>En el medio, adem\u00e1s<strong>, tienen en sus manos el manejo de todas las declaraciones juradas<\/strong>\u00a0de los funcionarios nuevos y de los legisladores que est\u00e1n asumiendo sus bancas. Esto incluye a todos los concejales y\u00a0<strong>empleados de los 18 municipios, cuyas informaciones patrimoniale<\/strong>s deben pasar por dominio de la entidad.<\/p>\n\n\n\n<h2 class=\"wp-block-heading\">Milei suspendi\u00f3 los planes a 97 mendocinos<\/h2>\n\n\n\n<p>La novedad<strong>\u00a0lleg\u00f3 este martes, luego de que la provincia remitiera la informaci\u00f3n solicitada por el fiscal Guillermo Marijuan<\/strong>\u00a0desde Buenos Aires. \u00c9ste no s\u00f3lo lleva la investigaci\u00f3n por supuestas\u00a0<strong>irregularidades\u00a0<\/strong>-de las que el Ejecutivo nacional dice haber detectado casi 5.000 en todo el pa\u00eds-, sino que adem\u00e1s aport\u00f3 una base de datos que<strong>\u00a0se us\u00f3 para entrecruzar informaci\u00f3n en Capital Humano<\/strong><\/p>\n\n\n\n<p>Con la confirmaci\u00f3n de que estatales mendocinos<strong>&nbsp;incurrieron en casos de supuesta incompatibilidad&nbsp;<\/strong>-seg\u00fan la administraci\u00f3n Milei-, determinaron que 97 individuos perdieran el beneficio al que<strong>&nbsp;acced\u00edan a trav\u00e9s de Potenciar Trabajo.<\/strong>&nbsp;Siempre siguiendo datos nacionales. Al menos&nbsp;<strong>ser\u00e1 una medida temporal, ya que el aporte no les fue quitado&nbsp;<\/strong>definitivamente, sino que esos casi 100 fueron suspendidos provisoriamente del sistema.<\/p>\n\n\n\n<p>El\u00a0<strong>Potenciar\u00a0<\/strong>es el plan social con el que debut\u00f3 el gobierno de\u00a0<strong>Alberto Fern\u00e1ndez<\/strong>. Fue la evoluci\u00f3n del programa Hacemos Futuro que hab\u00eda impuesto la gesti\u00f3n de Mauricio Macri y se ampli\u00f3 adem\u00e1s a m\u00e1s de un mill\u00f3n de personas.\u00a0<strong>Entre ellos, miles de mendocinos.<\/strong>\u00a0Otorga<strong>\u00a0$78.000<\/strong>\u00a0por mes a cambio de una contraprestaci\u00f3n, generalmente relacionada con alg\u00fan trabajo social.<\/p>\n\n\n\n<p>FUENTE: Diariouno.com.ar <\/p>\n","protected":false},"excerpt":{"rendered":"<p>Antes de convalidar si hubo incompatibilidades, el organismo pidi\u00f3 ver los listados propios para cotejarlos con el emitido por Naci\u00f3n. Fue solicitado este mi\u00e9rcoles a trav\u00e9s de un oficio La\u00a0Oficina de \u00c9tica P\u00fablica\u00a0de Mendoza pidi\u00f3 analizar uno por uno a los\u00a0estatales\u00a0denunciados por cobrar\u00a0planes sociales.\u00a0La decisi\u00f3n fue tomada 24 horas despu\u00e9s de que el Ejecutivo nacional [&hellip;]<\/p>\n","protected":false},"author":2,"featured_media":4290,"comment_status":"open","ping_status":"open","sticky":true,"template":"","format":"standard","meta":[],"categories":[47],"tags":[],"_links":{"self":[{"href":"https:\/\/pasaenmendoza.com\/index.php?rest_route=\/wp\/v2\/posts\/4282"}],"collection":[{"href":"https:\/\/pasaenmendoza.com\/index.php?rest_route=\/wp\/v2\/posts"}],"about":[{"href":"https:\/\/pasaenmendoza.com\/index.php?rest_route=\/wp\/v2\/types\/post"}],"author":[{"embeddable":true,"href":"https:\/\/pasaenmendoza.com\/index.php?rest_route=\/wp\/v2\/users\/2"}],"replies":[{"embeddable":true,"href":"https:\/\/pasaenmendoza.com\/index.php?rest_route=%2Fwp%2Fv2%2Fcomments&post=4282"}],"version-history":[{"count":1,"href":"https:\/\/pasaenmendoza.com\/index.php?rest_route=\/wp\/v2\/posts\/4282\/revisions"}],"predecessor-version":[{"id":4293,"href":"https:\/\/pasaenmendoza.com\/index.php?rest_route=\/wp\/v2\/posts\/4282\/revisions\/4293"}],"wp:featuredmedia":[{"embeddable":true,"href":"https:\/\/pasaenmendoza.com\/index.php?rest_route=\/wp\/v2\/media\/4290"}],"wp:attachment":[{"href":"https:\/\/pasaenmendoza.com\/index.php?rest_route=%2Fwp%2Fv2%2Fmedia&parent=4282"}],"wp:term":[{"taxonomy":"category","embeddable":true,"href":"https:\/\/pasaenmendoza.com\/index.php?rest_route=%2Fwp%2Fv2%2Fcategories&post=4282"},{"taxonomy":"post_tag","embeddable":true,"href":"https:\/\/pasaenmendoza.com\/index.php?rest_route=%2Fwp%2Fv2%2Ftags&post=4282"}],"curies":[{"name":"wp","href":"https:\/\/api.w.org\/{rel}","templated":true}]}}