{"id":4291,"date":"2024-01-04T13:50:33","date_gmt":"2024-01-04T12:50:33","guid":{"rendered":"https:\/\/pasaenmendoza.com\/?p=4291"},"modified":"2024-01-04T13:50:35","modified_gmt":"2024-01-04T12:50:35","slug":"las-ferias-de-juguetes-que-ofrece-el-gran-mendoza-para-esperar-a-los-reyes-magos","status":"publish","type":"post","link":"https:\/\/pasaenmendoza.com\/?p=4291","title":{"rendered":"Las ferias de juguetes que ofrece el Gran Mendoza para esperar a los Reyes Magos"},"content":{"rendered":"\n<p>El s\u00e1bado llegan los Reyes Magos y los departamentos del\u00a0<strong>Gran Mendoza ofrecen diferentes propuestas para poder elegir los juguetes<\/strong>\u00a0en sus ferias. Ciudad de Mendoza tendr\u00e1 dos opciones, la Gran Feria de Reyes Magos en el parque O\u2019Higgins y la calle\u00a0<strong>General Paz<\/strong>\u00a0se convertir\u00e1 en peatonal.<\/p>\n\n\n\n<p>La&nbsp;<strong>Gran Feria del parque O\u2019Higgins&nbsp;<\/strong>comienza este jueves y finalizar\u00e1 el s\u00e1bado 6 de enero, de 10 a 23. Esta feria se hizo para Navidad y result\u00f3 un \u00e9xito. El lugar contar\u00e1 con opciones de regalos para todas las edades, pero adem\u00e1s se podr\u00e1 disfrutar de espacios recreativos, food trucks, espect\u00e1culos y artistas en vivo.<\/p>\n\n\n\n<p>La otra feria de Ciudad ser\u00e1 en la calle\u00a0<strong>General Paz<\/strong>\u00a0que ser\u00e1 peatonalizada para mayor seguridad. Se llevar\u00e1 a cabo en el tramo comprendido entre Patricias Mendocinas y San Mart\u00edn y, en el lugar, trabajar\u00e1n preventores para controlar la circulaci\u00f3n de veh\u00edculos y peatones. Esta propuesta se desarrollar\u00e1 el\u00a0<strong>jueves 4 y viernes 5<\/strong>, de 15 a 20.<\/p>\n\n\n\n<h2 class=\"wp-block-heading\"><strong>Las distintas opciones de los departamentos<\/strong><\/h2>\n\n\n\n<p><strong>Maip\u00fa&nbsp;<\/strong>realizar\u00e1 una nueva edici\u00f3n de la Feria del Juguete en el&nbsp;<strong>Parque Metropolitano<\/strong>&nbsp;los d\u00edas 3, 4, 5 y 6 de enero. Estar\u00e1 destinada a los vecinos y vecinas que deseen comprar sus regalos para los festejos de Reyes Magos, adem\u00e1s de contar con actividades de esparcimiento y entretenimiento para toda la familia.<\/p>\n\n\n\n<p>La municipalidad de&nbsp;<strong>Las Heras<\/strong>&nbsp;tendr\u00e1 su propuesta para reyes en la&nbsp;<strong>Plaza Marcos Burgos<\/strong>&nbsp;el viernes de 17 a 02 y el s\u00e1bado desde las 17 hasta las 23. En el lugar habr\u00e1 puestos de juguetes y distintos artesanos maipucinos.<\/p>\n\n\n\n<p>En tanto,\u00a0<strong>Luj\u00e1n de Cuyo\u00a0<\/strong>recibir\u00e1 a los reyes en el\u00a0<strong>Parque Ferri<\/strong>\u00a0el 5 y 6 de enero. All\u00ed se podr\u00e1 disfrutar de la Feria de Artesanos, food trucks, juegos y espect\u00e1culos desde las 18.<\/p>\n\n\n\n<p>Este a\u00f1o&nbsp;<strong>Guaymall\u00e9n<\/strong>&nbsp;no realizar\u00e1 la conocida feria en el predio de la<strong>&nbsp;Virgen.&nbsp;<\/strong>Sin embargo, con el fin de promover el desarrollo del sector comercial de Guaymall\u00e9n, desde el martes 2 hasta el s\u00e1bado 6 de enero se realizar\u00e1 la edici\u00f3n especial \u201c<strong>Semana de Reyes en Compr\u00e1 Local<\/strong>\u201d.<\/p>\n\n\n\n<p>Los comercios y emprendimientos de los rubros jugueter\u00eda, regaler\u00eda, artesan\u00eda, indumentaria y afines ofrecer\u00e1n importantes promociones, destinadas al p\u00fablico infantil presentando la imagen del evento en el comercio adherido.<\/p>\n\n\n\n<p><strong>Fuente: www.diariouno.com.ar<\/strong><\/p>\n","protected":false},"excerpt":{"rendered":"<p>El s\u00e1bado llegan los Reyes Magos y los departamentos del\u00a0Gran Mendoza ofrecen diferentes propuestas para poder elegir los juguetes\u00a0en sus ferias. Ciudad de Mendoza tendr\u00e1 dos opciones, la Gran Feria de Reyes Magos en el parque O\u2019Higgins y la calle\u00a0General Paz\u00a0se convertir\u00e1 en peatonal. La&nbsp;Gran Feria del parque O\u2019Higgins&nbsp;comienza este jueves y finalizar\u00e1 el s\u00e1bado [&hellip;]<\/p>\n","protected":false},"author":2,"featured_media":4299,"comment_status":"open","ping_status":"open","sticky":false,"template":"","format":"standard","meta":[],"categories":[50],"tags":[],"_links":{"self":[{"href":"https:\/\/pasaenmendoza.com\/index.php?rest_route=\/wp\/v2\/posts\/4291"}],"collection":[{"href":"https:\/\/pasaenmendoza.com\/index.php?rest_route=\/wp\/v2\/posts"}],"about":[{"href":"https:\/\/pasaenmendoza.com\/index.php?rest_route=\/wp\/v2\/types\/post"}],"author":[{"embeddable":true,"href":"https:\/\/pasaenmendoza.com\/index.php?rest_route=\/wp\/v2\/users\/2"}],"replies":[{"embeddable":true,"href":"https:\/\/pasaenmendoza.com\/index.php?rest_route=%2Fwp%2Fv2%2Fcomments&post=4291"}],"version-history":[{"count":1,"href":"https:\/\/pasaenmendoza.com\/index.php?rest_route=\/wp\/v2\/posts\/4291\/revisions"}],"predecessor-version":[{"id":4300,"href":"https:\/\/pasaenmendoza.com\/index.php?rest_route=\/wp\/v2\/posts\/4291\/revisions\/4300"}],"wp:featuredmedia":[{"embeddable":true,"href":"https:\/\/pasaenmendoza.com\/index.php?rest_route=\/wp\/v2\/media\/4299"}],"wp:attachment":[{"href":"https:\/\/pasaenmendoza.com\/index.php?rest_route=%2Fwp%2Fv2%2Fmedia&parent=4291"}],"wp:term":[{"taxonomy":"category","embeddable":true,"href":"https:\/\/pasaenmendoza.com\/index.php?rest_route=%2Fwp%2Fv2%2Fcategories&post=4291"},{"taxonomy":"post_tag","embeddable":true,"href":"https:\/\/pasaenmendoza.com\/index.php?rest_route=%2Fwp%2Fv2%2Ftags&post=4291"}],"curies":[{"name":"wp","href":"https:\/\/api.w.org\/{rel}","templated":true}]}}