{"id":4302,"date":"2024-01-05T13:08:08","date_gmt":"2024-01-05T12:08:08","guid":{"rendered":"https:\/\/pasaenmendoza.com\/?p=4302"},"modified":"2024-01-05T13:08:10","modified_gmt":"2024-01-05T12:08:10","slug":"el-diputado-vinculado-a-de-marchi-que-votara-en-contra-de-las-retenciones-al-vino","status":"publish","type":"post","link":"https:\/\/pasaenmendoza.com\/?p=4302","title":{"rendered":"El diputado vinculado a De Marchi que votar\u00e1 en contra de las retenciones al vino"},"content":{"rendered":"\n<p>\u00c1lvaro Mart\u00ednez es el \u00fanico representante de LAUM en Diputados y adelant\u00f3 que no acompa\u00f1ar\u00e1 el tributo al sector vitivin\u00edcola. Mientas que el excandidato a Gobernador dej\u00f3 en claro su postura respecto a \u201cLey \u00d3mnibus\u201d.<\/p>\n\n\n\n<p>Dos pol\u00edticos mendocinos estrechamente vinculados que apoyan al presidente Javier Milei, pero bajo situaciones pol\u00edticamente inc\u00f3modas. Uno es&nbsp;<strong>Omar De Marchi<\/strong>, que fue designado como Secretario de Relaciones Parlamentarias, un cargo que lo lleva a negociar acuerdos en el Congreso. El otro es uno de sus alfiles, el diputado nacional&nbsp;<strong>\u00c1lvaro Mart\u00ednez<\/strong>, que adelant\u00f3 que votar\u00e1 en contra de las retenciones al vino que propuso el Jefe de Estado en su ley \u00d3mnibus. &nbsp;<\/p>\n\n\n\n<p>Si bien los referentes de LAUM coinciden en su totalidad respecto a la \u201c<em>Ley de Bases y Puntos de Partida para la Libertad de los Argentinos<\/em>\u201d, De Marchi sostuvo que \u201c<em>no es momento<\/em>\u201d para detenerse a ver si hay puntos de la normativa que \u201c<em>perjudican o no<\/em>\u201d a la provincia y remarc\u00f3 que la prioridad \u201c<em>es sacar adelante al pa\u00eds lo m\u00e1s r\u00e1pido posible<\/em>\u201d.<\/p>\n\n\n\n<p>\u201c<em>Prefiero hacer una visi\u00f3n general de los proyectos presentados por el presidente. Trato de no hacerlo por regi\u00f3n o sector porque siempre hay un perjudicado. Lo que hay que priorizar ahora en que en sacar al pa\u00eds adelante lo m\u00e1s r\u00e1pido posible<\/em>\u201d, manifest\u00f3 De Marchi acerca de Ley \u00d3mnibus.<\/p>\n\n\n\n<p>Siguiendo la misma l\u00ednea discursiva, el exdiputado nacional tom\u00f3 distancia de los reclamos que se escucharon en Mendoza -y, de hecho, de lo que propuso en campa\u00f1a-: \u201c<em>En el camino del tratamiento se pueden llegar a herir susceptibilidades como el tema de las econom\u00edas regionales, las farmacias o los abogados por el tema del divorcio expr\u00e9s<\/em>\u201d.<\/p>\n\n\n\n<p>Pero para el funcionario hay que \u201c<em>priorizar esta liberalizaci\u00f3n o desburocratizaci\u00f3n que nos plantea el presidente<\/em>\u201d<\/p>\n\n\n\n<p>En cuanto a su nuevo rol en el Gobierno nacional, De Marchi reconoci\u00f3 que est\u00e1 \u201ccontento\u201d y que no ser\u00e1 una tarea f\u00e1cil. El exintendente de Luj\u00e1n de Cuyo cumple una funci\u00f3n clave que es la b\u00fasqueda de consensos en ambas c\u00e1maras legislativas del Congreso ya que&nbsp;<strong>Milei<\/strong>&nbsp;cuenta con apenas 38 diputados y 8 senadores propios.<\/p>\n\n\n\n<p>\u201c<em>Solo he tenido contactos formales con la oposici\u00f3n. Primero quiero que comience el tratamiento, que se expresen en las comisiones y ah\u00ed empezar a consensuar en los temas que hagan falta<\/em>\u201d, afirm\u00f3.<\/p>\n\n\n\n<h2 class=\"wp-block-heading\">La postura de Mart\u00ednez<\/h2>\n\n\n\n<p>Por el lado de Mart\u00ednez, en su funci\u00f3n como Diputado nacional, adelant\u00f3 que votar\u00e1 en contra del Art\u00edculo 205 que fija un 8% de la al\u00edcuota a los derechos de exportaci\u00f3n para todas las mercader\u00edas correspondientes al complejo vitivin\u00edcola<\/p>\n\n\n\n<p>\u201c<em>Voy a votar en contra porque los legisladores siempre tenemos que estar al lado de los productores mendocinos. Pero voy a plantear al presidente que me d\u00e9 los motivos del aumento de la retenci\u00f3n al vino y que me expliquen si es algo temporal o permanente<\/em>\u201d, afirm\u00f3 el diputado.<\/p>\n\n\n\n<p>Quien fuera jefe de campa\u00f1a de De Marchi en las elecciones provinciales del 2023, explay\u00f3 que mantendr\u00e1 los lineamientos de LAUM de \u201c<em>siempre poner a Mendoza primero<\/em>\u201d, pero destac\u00f3 que hay que \u201c<em>estar a la altura<\/em>\u201d de la realidad que atraviesa la Argentina.<\/p>\n\n\n\n<p>Mart\u00ednez conforma un monobloque de LAUM, aunque subray\u00f3 que est\u00e1 \u201c<em>muy cerca<\/em>\u201d del bloque de La Libertad Avanza<strong>&nbsp;<\/strong>y en permanente contacto con sus pares del Partido Dem\u00f3crata,&nbsp;<strong>Mercedes Llano&nbsp;<\/strong>y&nbsp;<strong>Facundo Correa Llano<\/strong>.<\/p>\n\n\n\n<p>Tambi\u00e9n mantiene v\u00ednculos con legisladores del interior como&nbsp;<strong>Paula Omodeo&nbsp;<\/strong>del Partido Creo de Tucum\u00e1n o Avanza Libertad&nbsp;de&nbsp;<strong>Jos\u00e9 Luis Espert<\/strong>.<\/p>\n\n\n\n<p>Este tipo de v\u00ednculos pol\u00edticos va de la mano a un pedido expreso de Omar De Marchi, que pidi\u00f3 mantener di\u00e1logo con diferentes sectores partidarios dentro del recinto de Diputados.<\/p>\n\n\n\n<h2 class=\"wp-block-heading\" id=\"h-este-jueves-diputados-conformo-sus-comisiones\">Este jueves Diputados conform\u00f3 sus comisiones<\/h2>\n\n\n\n<p>En el mediod\u00eda de este jueves, la C\u00e1mara de Diputados llam\u00f3 a la conformaci\u00f3n de cinco comisiones, de las cuales tres, van a tratar los 654 art\u00edculos de la Ley \u00d3mnibus.&nbsp;<mark>Estas son Presupuestos y Hacienda, Asuntos Constitucionales y Legislaci\u00f3n General<\/mark>.<\/p>\n\n\n\n<p>De las tres comisiones que llevar\u00e1n adelante el tratamiento de dicha ley habr\u00e1 cinco diputados nacionales de Mendoza involucrados. En Presupuesto y Hacienda estar\u00e1 el radical\u00a0<strong>Lisando Nieri<\/strong>\u00a0y el dem\u00f3crata,\u00a0<strong>Correa Llano<\/strong>.<\/p>\n\n\n\n<p>En Asuntos Constitucionales,&nbsp;<strong>Mercedes Llano<\/strong>&nbsp;(PD) y en Legislaci\u00f3n General,&nbsp;<strong>\u00c1lvaro Mart\u00ednez&nbsp;<\/strong>(LAUM).<\/p>\n\n\n\n<p>En la comisi\u00f3n de Relaciones Exteriores y Culto estar\u00e1 el exgobernador de la provincia,&nbsp;<strong>Julio Cobos<\/strong>, y la peronista&nbsp;<strong>Liliana Paponet<\/strong>.<\/p>\n\n\n\n<p>Ya con las comisiones conformadas, el presidente de la C\u00e1mara de Diputados,\u00a0<strong>Mart\u00edn Menem\u00a0<\/strong>pretende tratar el proyecto de ley\u00a0<mark>el jueves 25 de enero y que la misma tenga media sanci\u00f3n<\/mark>.<\/p>\n\n\n\n<p>FUENTE: Elsol.com.ar <\/p>\n","protected":false},"excerpt":{"rendered":"<p>\u00c1lvaro Mart\u00ednez es el \u00fanico representante de LAUM en Diputados y adelant\u00f3 que no acompa\u00f1ar\u00e1 el tributo al sector vitivin\u00edcola. Mientas que el excandidato a Gobernador dej\u00f3 en claro su postura respecto a \u201cLey \u00d3mnibus\u201d. Dos pol\u00edticos mendocinos estrechamente vinculados que apoyan al presidente Javier Milei, pero bajo situaciones pol\u00edticamente inc\u00f3modas. Uno es&nbsp;Omar De Marchi, [&hellip;]<\/p>\n","protected":false},"author":2,"featured_media":4303,"comment_status":"open","ping_status":"open","sticky":true,"template":"","format":"standard","meta":[],"categories":[47],"tags":[],"_links":{"self":[{"href":"https:\/\/pasaenmendoza.com\/index.php?rest_route=\/wp\/v2\/posts\/4302"}],"collection":[{"href":"https:\/\/pasaenmendoza.com\/index.php?rest_route=\/wp\/v2\/posts"}],"about":[{"href":"https:\/\/pasaenmendoza.com\/index.php?rest_route=\/wp\/v2\/types\/post"}],"author":[{"embeddable":true,"href":"https:\/\/pasaenmendoza.com\/index.php?rest_route=\/wp\/v2\/users\/2"}],"replies":[{"embeddable":true,"href":"https:\/\/pasaenmendoza.com\/index.php?rest_route=%2Fwp%2Fv2%2Fcomments&post=4302"}],"version-history":[{"count":1,"href":"https:\/\/pasaenmendoza.com\/index.php?rest_route=\/wp\/v2\/posts\/4302\/revisions"}],"predecessor-version":[{"id":4304,"href":"https:\/\/pasaenmendoza.com\/index.php?rest_route=\/wp\/v2\/posts\/4302\/revisions\/4304"}],"wp:featuredmedia":[{"embeddable":true,"href":"https:\/\/pasaenmendoza.com\/index.php?rest_route=\/wp\/v2\/media\/4303"}],"wp:attachment":[{"href":"https:\/\/pasaenmendoza.com\/index.php?rest_route=%2Fwp%2Fv2%2Fmedia&parent=4302"}],"wp:term":[{"taxonomy":"category","embeddable":true,"href":"https:\/\/pasaenmendoza.com\/index.php?rest_route=%2Fwp%2Fv2%2Fcategories&post=4302"},{"taxonomy":"post_tag","embeddable":true,"href":"https:\/\/pasaenmendoza.com\/index.php?rest_route=%2Fwp%2Fv2%2Ftags&post=4302"}],"curies":[{"name":"wp","href":"https:\/\/api.w.org\/{rel}","templated":true}]}}