{"id":4305,"date":"2024-01-05T13:30:25","date_gmt":"2024-01-05T12:30:25","guid":{"rendered":"https:\/\/pasaenmendoza.com\/?p=4305"},"modified":"2024-01-05T13:30:27","modified_gmt":"2024-01-05T12:30:27","slug":"era-asesora-de-cornejo-en-el-senado-y-ahora-asumio-en-la-dge","status":"publish","type":"post","link":"https:\/\/pasaenmendoza.com\/?p=4305","title":{"rendered":"Era asesora de Cornejo en el Senado y ahora asumi\u00f3 en la DGE"},"content":{"rendered":"\n<p>La exdiputada radical\u00a0<strong>Tamara Salom\u00f3n<\/strong>, que ven\u00eda trabajando como asesora de\u00a0Alfredo Cornejo\u00a0en el Senado de la Naci\u00f3n, fue nombrada en la\u00a0<strong>Direcci\u00f3n General de Escuelas (DGE)<\/strong>, a trav\u00e9s de un decreto firmado el 22 de diciembre pasado y publicado hoy en el Bolet\u00edn Oficial.<\/p>\n\n\n\n<p>Salom\u00f3n es la flamante &#8220;<strong>Coordinadora de Delegaciones Administrativas<\/strong>&#8221; de la&nbsp;<strong>DGE<\/strong>, seg\u00fan se estableci\u00f3 en el decreto 3181\/23, firmado por su exjefe en el Congreso y flamante gobernador, Alfredo Cornejo.<\/p>\n\n\n\n<p>&#8220;<em>Des\u00edgnese, a partir de la fecha del presente decreto, a la se\u00f1ora Ingrid Tamara Salom\u00f3n en el cargo de: R\u00c9GIMEN SALARIAL 01; AGRUPAMIENTO 2; TRAMO 00; SUBTRAMO 08; CLASE 075: Coordinadora de Delegaciones Administrativas, UNIDAD ORGANIZATIVA 01: Direcci\u00f3n General de Escuelas<\/em>&#8220;, dice el decreto.<\/p>\n\n\n\n<p>En el mismo decreto, Cornejo y el &#8220;s\u00faper ministro&#8221; del \u00e1rea,\u00a0Tadeo Garc\u00eda Zalazar, nombraron a Anal\u00eda Roxana S\u00e1nchez como &#8220;secretaria privada&#8221; y a Diego Tinnirello como &#8220;director general de Prensa y Comunicaci\u00f3n&#8221;.<\/p>\n\n\n\n<p>En realidad, el nombre completo del \u00e1rea en la que est\u00e1 incluida la Direcci\u00f3n General de Escuelas, es&nbsp;<strong>Ministerio de Educaci\u00f3n, Cultura, Infancias y DGE<\/strong>.<\/p>\n\n\n\n<p>El decreto:<\/p>\n\n\n\n<p>Visto el EX-2023-09845989-GDEMZA-MESA#DGE, en el que se tramita la designaci\u00f3n de nuevas autoridades en la Direcci\u00f3n General de Escuelas; y<\/p>\n\n\n\n<p>CONSIDERANDO:<\/p>\n\n\n\n<p>Que obra nota del Director General de Escuelas, solicitando las designaciones correspondientes.<\/p>\n\n\n\n<p>Quese incorpora en orden 6 volante de imputaci\u00f3n preventiva de los cargos, los cuales se encuentran vacantes, seg\u00fan Decreto N\u00ba 2239 de fecha 30 de noviembre de 2022, Decreto N\u00ba 2921 de fecha 7 de diciembre de 2023 y Decreto N\u00ba 3175 de fecha 22 de diciembre de 2023.<\/p>\n\n\n\n<p>Por ello y en virtud de lo dispuesto por la Ley N\u00ba 9433 y el Decreto Acuerdo N\u00ba 3\/23 Presupuesto A\u00f1o 2023.<\/p>\n\n\n\n<p><strong>EL&nbsp;<\/strong><strong>GOBERNADOR DE LA PROVINCIA&nbsp;<\/strong><strong>DECRETA:<\/strong><\/p>\n\n\n\n<p>Art\u00edculo 1ro.-Des\u00edgnese, a partir de la fecha del presente decreto, a la se\u00f1ora ANAL\u00cdA ROXANA S\u00c1NCHEZ, D.N.I. N\u00ba 25.766.119, en el cargo de: R\u00c9GIMEN SALARIAL 01; AGRUPAMIENTO 2; TRAMO 00; SUBTRAMO 08; CLASE 075: Secretaria Privada, UNIDAD ORGANIZATIVA 01: Direcci\u00f3n General de Escuelas.<\/p>\n\n\n\n<p>Art\u00edculo 2do.-Des\u00edgnese, a partir de la fecha del presente decreto, a la se\u00f1ora INGRID TAMARA SALOM\u00d3N, D.N.I. N\u00ba 35.210.075, en el cargo de: R\u00c9GIMEN SALARIAL 01; AGRUPAMIENTO 2; TRAMO 00; SUBTRAMO 08; CLASE 075: Coordinadora de Delegaciones Administrativas, UNIDAD ORGANIZATIVA 01: Direcci\u00f3n General de Escuelas.<\/p>\n\n\n\n<p>Art\u00edculo 3ro.-Des\u00edgnese, a partir de la fecha del presente decreto, al se\u00f1or DIEGO PABLO TINNIRELLO, D.N.I. N\u00ba 22.559.243, en el cargo de: R\u00c9GIMEN SALARIAL 01; AGRUPAMIENTO 2; TRAMO 00; SUBTRAMO 09; CLASE 076: Director General de Prensa y Comunicaci\u00f3n, UNIDAD ORGANIZATIVA 01: Direcci\u00f3n General de Escuelas.<\/p>\n\n\n\n<p>Art\u00edculo 4to.-Notif\u00edquese el presente decreto a la Direcci\u00f3n General de Recursos Humanos, dependiente del Ministerio de Gobierno, Infraestructura y Desarrollo Territorial, a fin de que proceda a tomar conocimiento y realizar la correspondiente actualizaci\u00f3n de registros.<\/p>\n\n\n\n<p>Art\u00edculo 5to.-Comun\u00edquese, publ\u00edquese, dese al Registro Oficial y arch\u00edvese.<\/p>\n\n\n\n<p><strong>LIC. ALFREDO V. CORNEJO<\/strong><\/p>\n\n\n\n<p>LIC. TADEO GARC\u00cdA ZALAZAR<\/p>\n\n\n\n<p>FUENTE: Mendozapost.<\/p>\n","protected":false},"excerpt":{"rendered":"<p>La exdiputada radical\u00a0Tamara Salom\u00f3n, que ven\u00eda trabajando como asesora de\u00a0Alfredo Cornejo\u00a0en el Senado de la Naci\u00f3n, fue nombrada en la\u00a0Direcci\u00f3n General de Escuelas (DGE), a trav\u00e9s de un decreto firmado el 22 de diciembre pasado y publicado hoy en el Bolet\u00edn Oficial. Salom\u00f3n es la flamante &#8220;Coordinadora de Delegaciones Administrativas&#8221; de la&nbsp;DGE, seg\u00fan se estableci\u00f3 [&hellip;]<\/p>\n","protected":false},"author":2,"featured_media":4307,"comment_status":"open","ping_status":"open","sticky":true,"template":"","format":"standard","meta":[],"categories":[47],"tags":[],"_links":{"self":[{"href":"https:\/\/pasaenmendoza.com\/index.php?rest_route=\/wp\/v2\/posts\/4305"}],"collection":[{"href":"https:\/\/pasaenmendoza.com\/index.php?rest_route=\/wp\/v2\/posts"}],"about":[{"href":"https:\/\/pasaenmendoza.com\/index.php?rest_route=\/wp\/v2\/types\/post"}],"author":[{"embeddable":true,"href":"https:\/\/pasaenmendoza.com\/index.php?rest_route=\/wp\/v2\/users\/2"}],"replies":[{"embeddable":true,"href":"https:\/\/pasaenmendoza.com\/index.php?rest_route=%2Fwp%2Fv2%2Fcomments&post=4305"}],"version-history":[{"count":1,"href":"https:\/\/pasaenmendoza.com\/index.php?rest_route=\/wp\/v2\/posts\/4305\/revisions"}],"predecessor-version":[{"id":4308,"href":"https:\/\/pasaenmendoza.com\/index.php?rest_route=\/wp\/v2\/posts\/4305\/revisions\/4308"}],"wp:featuredmedia":[{"embeddable":true,"href":"https:\/\/pasaenmendoza.com\/index.php?rest_route=\/wp\/v2\/media\/4307"}],"wp:attachment":[{"href":"https:\/\/pasaenmendoza.com\/index.php?rest_route=%2Fwp%2Fv2%2Fmedia&parent=4305"}],"wp:term":[{"taxonomy":"category","embeddable":true,"href":"https:\/\/pasaenmendoza.com\/index.php?rest_route=%2Fwp%2Fv2%2Fcategories&post=4305"},{"taxonomy":"post_tag","embeddable":true,"href":"https:\/\/pasaenmendoza.com\/index.php?rest_route=%2Fwp%2Fv2%2Ftags&post=4305"}],"curies":[{"name":"wp","href":"https:\/\/api.w.org\/{rel}","templated":true}]}}