{"id":4309,"date":"2024-01-05T13:40:01","date_gmt":"2024-01-05T12:40:01","guid":{"rendered":"https:\/\/pasaenmendoza.com\/?p=4309"},"modified":"2024-01-05T13:40:03","modified_gmt":"2024-01-05T12:40:03","slug":"el-recorte-de-gastos-de-alfredo-cornejo-apunto-a-las-horas-extras-y-a-los-contratos-de-locacion","status":"publish","type":"post","link":"https:\/\/pasaenmendoza.com\/?p=4309","title":{"rendered":"El recorte de gastos de Alfredo Cornejo apunt\u00f3 a las horas extras y a los contratos de locaci\u00f3n"},"content":{"rendered":"\n<p>El ministro V\u00edctor Fayad explic\u00f3 que cada ministerio deber\u00e1 producir un ahorro del 20%. La principal reducci\u00f3n se har\u00e1 en el \u00edtem mayor dedicaci\u00f3n, en el que se invierten $400 millones al mes<\/p>\n\n\n\n<p>El &#8220;No hay plata&#8221; del Gobierno nacional lleg\u00f3 a la provincia y el gobernador\u00a0<strong>Alfredo Cornejo pidi\u00f3\u00a0<\/strong>a sus\u00a0<strong>ministros que hagan un esfuerzo en<\/strong>\u00a0<strong>achicar los gastos<\/strong>. Lo que se dispuso,\u00a0<strong>a trav\u00e9s del decreto 3206\/23<\/strong>\u00a0es realizar un<strong>\u00a0ahorro de 120 millones de pesos<\/strong>, y para esto, cada ministerio deber\u00e1 achicar el 20% de los gastos,\u00a0<strong>apuntando\u00a0<\/strong>principalmente a las<strong>\u00a0horas extras de los empleados y a los contratos de locaci\u00f3n.<\/strong><\/p>\n\n\n\n<p>As\u00ed lo explic\u00f3 el&nbsp;<strong>ministro de Hacienda y Finanzas Victor Fayad<\/strong>, quien agreg\u00f3, adem\u00e1s, que esta necesidad de ahorrar tiene que ver con que a\u00fan no se sabe c\u00f3mo va a a reaccionar la recaudaci\u00f3n en la provincia, como tampoco qu\u00e9 suceder\u00e1 con la Coparticipaci\u00f3n. Pero tambi\u00e9n, responde a una reorganizaci\u00f3n de los ministerios, en los que habr\u00e1 cambios de funciones para muchos empleados.<\/p>\n\n\n\n<p>La intenci\u00f3n es, entonces, que<strong>&nbsp;cada ministro conozca el funcionamiento de las \u00e1reas que tiene bajo su responsabilidad&nbsp;<\/strong>y pueda<strong>&nbsp;detectar en d\u00f3nde hay mayor necesidad de que los trabajadores realicen horas extras y en los sectores que no sea as\u00ed, reducirlas<\/strong>. Lo mismo ocurrir\u00e1 con los contratos de locaci\u00f3n.<\/p>\n\n\n\n<p>La medida entrar\u00e1 en vigencia el 1 de marzo.<\/p>\n\n\n\n<h2 class=\"wp-block-heading\">Los argumentos del Ejecutivo para reducir las horas extras<\/h2>\n\n\n\n<p>&#8220;Lo que pretende el gobernador es que, a trav\u00e9s del decreto publicado&nbsp;<strong>se pueda ahorrar en las cuestiones discrecionales relacionadas con el personal<\/strong>&#8220;, manifest\u00f3 Fayad.<\/p>\n\n\n\n<p>Esto ser\u00eda una reducci\u00f3n del 20% en la cantidad de horas extras de los empleados del Ejecutivo provincial, como de los contratos de locaci\u00f3n.<\/p>\n\n\n\n<p>&#8220;Las horas extras, que internamente se conocen como&nbsp;<strong>mayor dedicaci\u00f3n y los contratos de locaci\u00f3n<\/strong>, son los dos conceptos discrecionales m\u00e1s importantes en cuanto a manejo de personal. Esto viene en l\u00ednea con la administraci\u00f3n austera, pero tambi\u00e9n con la reorganizaci\u00f3n de los ministerios&#8221;<\/p>\n\n\n\n<p><strong>Fayad tambi\u00e9n manifest\u00f3 que este viernes se va a publicar un decreto de restricci\u00f3n de gastos,<\/strong>\u00a0que es una medida que se toma todos los a\u00f1os y reglamenta el presupuesto. El ministro manifest\u00f3 que este decreto abarc\u00e1ra restricciones en la contrataci\u00f3n de nuevos servicios y en la adquisici\u00f3n de bienes corrientes y de bienes de capital.<\/p>\n\n\n\n<h2 class=\"wp-block-heading\">Las horas extra representan 400 millones de pesos por mes<\/h2>\n\n\n\n<p>El ministro de Hacienda sostuvo que, si bien la medida abarca a los contratos de locaci\u00f3n y a las mayores dedicaciones,&nbsp;<strong>la modalidad de contratos no es muy frecuente en el Ejecutivo.<\/strong><\/p>\n\n\n\n<p>En la provincia&nbsp;<strong>no llega al 1% de la planta de personal<\/strong>, &#8220;hay unos 500 contratos en el \u00e1rea de salud sobre un total de 100.000 empleados&#8221;, sostuvo Fayad.<\/p>\n\n\n\n<p>Esto es<strong>&nbsp;muy diferente a lo que ocurre en los municipios,<\/strong>&nbsp;por ejemplo, donde&nbsp;<strong>los contratos<\/strong>&nbsp;pueden abarcar hasta&nbsp;<strong>1\/3 del plantel de trabajadores.<\/strong><\/p>\n\n\n\n<p>En cambo, en las<strong>\u00a0horas extras se gastan 400 millones de pesos por mes<\/strong><\/p>\n\n\n\n<h2 class=\"wp-block-heading\">Una decisi\u00f3n que el Ejecutivo est\u00e1 autorizado a tomar<\/h2>\n\n\n\n<p>Consultado acerca de c\u00f3mo cree que va a repercutir esta medida entre los trabajadores, Fayad subray\u00f3 que se trata de una medida que el Ejecutivo tiene facultad de tomar.<\/p>\n\n\n\n<p>\u201c<strong>Son cuestiones discrecionales, que la norma permite que el Estado provincial las decida unilateralmente<\/strong>, por eso hace referencia solo a las horas extra. Son cuestiones que el Ejecutivo puede definir sin afectar los derechos adquiridos por los trabajadores&#8221;.<\/p>\n\n\n\n<p><strong>Fayad sostuvo que los \u00fanicos que pueden administrar este ahorro en forma correcta son los ministros.<\/strong><\/p>\n\n\n\n<p>&#8220;La idea es que los ministros sepan juzgar de qu\u00e9 empleados se necesitan mayores horas de trabajo que las que prev\u00e9 el contrato, hay que tener en cuenta los cambios que ha habido en los ministerios, cambios de actividades y funciones va a tener un impacto en la cantidad de horas extra y el tipo de expertise que tenga cada empleado&#8221;<\/p>\n\n\n\n<p>FUENTE: Diariouno.com.ar<\/p>\n","protected":false},"excerpt":{"rendered":"<p>El ministro V\u00edctor Fayad explic\u00f3 que cada ministerio deber\u00e1 producir un ahorro del 20%. La principal reducci\u00f3n se har\u00e1 en el \u00edtem mayor dedicaci\u00f3n, en el que se invierten $400 millones al mes El &#8220;No hay plata&#8221; del Gobierno nacional lleg\u00f3 a la provincia y el gobernador\u00a0Alfredo Cornejo pidi\u00f3\u00a0a sus\u00a0ministros que hagan un esfuerzo en\u00a0achicar [&hellip;]<\/p>\n","protected":false},"author":2,"featured_media":4310,"comment_status":"open","ping_status":"open","sticky":true,"template":"","format":"standard","meta":[],"categories":[47],"tags":[],"_links":{"self":[{"href":"https:\/\/pasaenmendoza.com\/index.php?rest_route=\/wp\/v2\/posts\/4309"}],"collection":[{"href":"https:\/\/pasaenmendoza.com\/index.php?rest_route=\/wp\/v2\/posts"}],"about":[{"href":"https:\/\/pasaenmendoza.com\/index.php?rest_route=\/wp\/v2\/types\/post"}],"author":[{"embeddable":true,"href":"https:\/\/pasaenmendoza.com\/index.php?rest_route=\/wp\/v2\/users\/2"}],"replies":[{"embeddable":true,"href":"https:\/\/pasaenmendoza.com\/index.php?rest_route=%2Fwp%2Fv2%2Fcomments&post=4309"}],"version-history":[{"count":1,"href":"https:\/\/pasaenmendoza.com\/index.php?rest_route=\/wp\/v2\/posts\/4309\/revisions"}],"predecessor-version":[{"id":4311,"href":"https:\/\/pasaenmendoza.com\/index.php?rest_route=\/wp\/v2\/posts\/4309\/revisions\/4311"}],"wp:featuredmedia":[{"embeddable":true,"href":"https:\/\/pasaenmendoza.com\/index.php?rest_route=\/wp\/v2\/media\/4310"}],"wp:attachment":[{"href":"https:\/\/pasaenmendoza.com\/index.php?rest_route=%2Fwp%2Fv2%2Fmedia&parent=4309"}],"wp:term":[{"taxonomy":"category","embeddable":true,"href":"https:\/\/pasaenmendoza.com\/index.php?rest_route=%2Fwp%2Fv2%2Fcategories&post=4309"},{"taxonomy":"post_tag","embeddable":true,"href":"https:\/\/pasaenmendoza.com\/index.php?rest_route=%2Fwp%2Fv2%2Ftags&post=4309"}],"curies":[{"name":"wp","href":"https:\/\/api.w.org\/{rel}","templated":true}]}}