{"id":4312,"date":"2024-01-05T13:48:14","date_gmt":"2024-01-05T12:48:14","guid":{"rendered":"https:\/\/pasaenmendoza.com\/?p=4312"},"modified":"2024-01-05T13:48:16","modified_gmt":"2024-01-05T12:48:16","slug":"petri-sumo-al-ministerio-de-defensa-a-roberto-fiochi-uno-de-sus-excandidatos-a-legislador","status":"publish","type":"post","link":"https:\/\/pasaenmendoza.com\/?p=4312","title":{"rendered":"Petri sum\u00f3 al Ministerio de Defensa a Roberto Fiochi, uno de sus excandidatos a legislador"},"content":{"rendered":"\n<p>Roberto Fiochi fue precandidato a senador en la interna de Cambia Mendoza. Ahora ser\u00e1 el director del Instituto de Ayuda Financiera del Ministerio de Defensa. Ya son tres los pol\u00edticos mendocinos en el \u00e1rea<\/p>\n\n\n\n<p><strong>Luis Petri<\/strong>\u00a0se llev\u00f3 al sanrafaelino\u00a0<strong>Roberto Fiochi\u00a0<\/strong>al\u00a0<strong>Ministerio de Defensa<\/strong>. El contador, de 64 a\u00f1os, fue precandidato a legislador en la lista del este\u00f1o dentro de la interna de Cambia Mendoza. Ahora ser\u00e1 director del Instituto de Ayuda Financiera del organismo; un ente que se encarga de dar asistencia en el pago de retiros y pensiones militares.<\/p>\n\n\n\n<p>Fiochi naci\u00f3 en el Sur de la provincia y se gradu\u00f3 en la Universidad del Aconcagua en la carrera de contadur\u00eda. Adem\u00e1s de ese rol y de su futuro como funcionario, el nuevo hombre de la administraci\u00f3n de&nbsp;<strong>Javier Milei es empresario en distintos rubros.<\/strong><\/p>\n\n\n\n<p>En Mendoza tiene un broker de seguros y\u00a0<strong>en Ciudad Aut\u00f3noma de Buenos Aires posee una boutique de vinos y fiambres.\u00a0<\/strong>Adem\u00e1s maneja distintos negocios inmobiliarios.<\/p>\n\n\n\n<p><strong>El Estado Nacional lo design\u00f3&nbsp;<\/strong>a trav\u00e9s del decreto 1884\/23. En esa labor compartir\u00e1 con cinco directores de otros \u00e1mbitos. En concreto, el \u00e1rea en el que se desempe\u00f1ar\u00e1 el sanrafaelino tiene un representante d<strong>e Defensa, que a la vez es el director del \u00f3rgano<\/strong>&nbsp;(\u00e9se ser\u00e1 Fiochi); un referente del&nbsp;<strong>Ej\u00e9rcito; otro de la Armada y uno m\u00e1s otro de la Fuerza A\u00e9rea<\/strong>. A ellos se suman referentes de<strong>l Ministerio de Econom\u00eda y alguien de la Secretar\u00eda de Trabajo.<\/strong><\/p>\n\n\n\n<p>&#8220;Estoy en una etapa de evaluaci\u00f3n en esta etapa&#8221;, dijo a<strong>\u00a0Diaro UNO<\/strong>. &#8220;Todav\u00eda hay algunos cargos que cubrir por nuestra parte, mientras aguardamos directivas del\u00a0<strong>Presidente sobre c\u00f3mo seguir y tambi\u00e9n del ministro Petri<\/strong>. M\u00e1s que nada, est\u00e1n todas orientadas a seguir bajando el gasto y eficientizar la operatoria; pero es un \u00f3rgano muy bien administrado y ordenado. Si bien tengo mucho trabajo que hacer, no ser\u00e1 tan complejo como en otras \u00e1reas.\u00a0<strong>Tiene la impronta de las Fuerzas Armadas, todo organizado&#8221;,<\/strong>\u00a0opin\u00f3.<\/p>\n\n\n\n<p>Antes de esta etapa que est\u00e1 comenzando en la Naci\u00f3n,<strong>\u00a0el contador fue candidato a senador por el Cuarto Distrito en la lista Mendocinos<\/strong>\u00a0<strong>por el Futuro<\/strong>, la que impuls\u00f3 a Petri como aspirante a gobernador y que, si bien\u00a0<strong>cay\u00f3 frente a Alfredo Cornejo\u00a0<\/strong>en la interna oficialista, le permiti\u00f3 a otros de sus pares aspirar a un lugar en la Legislatura. No fue su suerte, ya que qued\u00f3 cerca de ingresar, pero finalmente termin\u00f3 detr\u00e1s de los dos que lo hicieron por Cambia,\u00a0<strong>otro por el peronismo y otro por La Uni\u00f3n Mendocina.<\/strong><\/p>\n\n\n\n<h2 class=\"wp-block-heading\">Los mendocinos que &#8220;coparon&#8221; un ministerio<\/h2>\n\n\n\n<p>Con Fiochi&nbsp;<strong>ya son tres los mendocinos que trabajar\u00e1n en Defensa.&nbsp;<\/strong>Al frente de todo est\u00e1 desde principios de diciembre Luis Petri, pero con el correr de los d\u00edas se confirm\u00f3 a dos de sus hombres cercanos a nivel pol\u00edtico.&nbsp;<strong>El primero fue Oscar Sagas,&nbsp;<\/strong>que ahora es presidente de la IOSFA (Obra Social de las Fuerzas Armadas y de Seguridad). Era uno de los nombres propios que hab\u00edan&nbsp;<strong>sonado para \u00e1reas clave, como la coordinaci\u00f3n de Anses&nbsp;<\/strong>en Mendoza.<\/p>\n\n\n\n<p><strong>&#8220;Empezamos un nuevo tiempo.<\/strong>\u00a0Un tiempo de modernizaci\u00f3n y cambios: una etapa que quiero conducir con estilo horizontal; delegando y empoderando a los verdaderos hacedores, para\u00a0<strong>potenciar los servicios de IOSFA y las capacidades individuales de cada uno.<\/strong>\u00a0Continuaremos trabajando en equipo para que esta sea la gran obra social que merecen nuestras\u00a0<strong>Fuerzas Armadas\u00a0<\/strong>y de Seguridad&#8221;, anunci\u00f3 en su primer discurso. Tambi\u00e9n le agradeci\u00f3 a Petri la designaci\u00f3n.<\/p>\n\n\n\n<p>El segundo en sumarse, en un lapso de apenas diez d\u00edas,&nbsp;<strong>es el propio Fiochi, quien tambi\u00e9n tiene buen v\u00ednculo con el oriundo de San Mart\u00edn&nbsp;<\/strong>y a finales de la semana pasada ya hab\u00eda sido convocado para tomar su lugar en el ministerio. Durante los \u00faltimos d\u00edas mantuvo sus primeras reuniones con<strong>&nbsp;sindicalistas de UPCN en oficinas de Defensa.<\/strong>&nbsp;A esos encuentros sum\u00f3 otro con el general retirado&nbsp;<strong>Carlos Marturet<\/strong>, titular de la Fundaci\u00f3n de Apoyo al IAF, y con el brigadier, tambi\u00e9n retirado,&nbsp;<strong>Carlos Rinaldi,<\/strong>&nbsp;secretario ejecutivo de la entidad.<\/p>\n\n\n\n<p>A su vez, Petri se reunir\u00e1 con el presidente Milei este jueves, cuando se encuentren en Santa Cruz antes de viajar juntos a la Ant\u00e1rtida. En la comitiva del encuentro tambi\u00e9n est\u00e1n confirmados -extraoficialmente- el gobernador de Chubut Ignacio &#8220;Nacho&#8221; Torres (Juntos por el Cambio) y la canciller,\u00a0<strong>Diana Mondino.<\/strong><\/p>\n\n\n\n<p>Al d\u00eda siguiente, si las condiciones clim\u00e1ticas lo permiten, Petri y Milei, junto a sus acompa\u00f1antes, tomar\u00e1n un avi\u00f3n\u00a0<strong>H\u00e9rcules C-130<\/strong>\u00a0de la\u00a0<strong>Fuerza A\u00e9rea Argentina<\/strong>\u00a0que los llevar\u00e1 hasta la\u00a0<strong>Base Marambio<\/strong>.<\/p>\n\n\n\n<p>FUENTE: Diariouno.com.ar <\/p>\n","protected":false},"excerpt":{"rendered":"<p>Roberto Fiochi fue precandidato a senador en la interna de Cambia Mendoza. Ahora ser\u00e1 el director del Instituto de Ayuda Financiera del Ministerio de Defensa. Ya son tres los pol\u00edticos mendocinos en el \u00e1rea Luis Petri\u00a0se llev\u00f3 al sanrafaelino\u00a0Roberto Fiochi\u00a0al\u00a0Ministerio de Defensa. El contador, de 64 a\u00f1os, fue precandidato a legislador en la lista del [&hellip;]<\/p>\n","protected":false},"author":2,"featured_media":4313,"comment_status":"open","ping_status":"open","sticky":true,"template":"","format":"standard","meta":[],"categories":[47],"tags":[],"_links":{"self":[{"href":"https:\/\/pasaenmendoza.com\/index.php?rest_route=\/wp\/v2\/posts\/4312"}],"collection":[{"href":"https:\/\/pasaenmendoza.com\/index.php?rest_route=\/wp\/v2\/posts"}],"about":[{"href":"https:\/\/pasaenmendoza.com\/index.php?rest_route=\/wp\/v2\/types\/post"}],"author":[{"embeddable":true,"href":"https:\/\/pasaenmendoza.com\/index.php?rest_route=\/wp\/v2\/users\/2"}],"replies":[{"embeddable":true,"href":"https:\/\/pasaenmendoza.com\/index.php?rest_route=%2Fwp%2Fv2%2Fcomments&post=4312"}],"version-history":[{"count":1,"href":"https:\/\/pasaenmendoza.com\/index.php?rest_route=\/wp\/v2\/posts\/4312\/revisions"}],"predecessor-version":[{"id":4314,"href":"https:\/\/pasaenmendoza.com\/index.php?rest_route=\/wp\/v2\/posts\/4312\/revisions\/4314"}],"wp:featuredmedia":[{"embeddable":true,"href":"https:\/\/pasaenmendoza.com\/index.php?rest_route=\/wp\/v2\/media\/4313"}],"wp:attachment":[{"href":"https:\/\/pasaenmendoza.com\/index.php?rest_route=%2Fwp%2Fv2%2Fmedia&parent=4312"}],"wp:term":[{"taxonomy":"category","embeddable":true,"href":"https:\/\/pasaenmendoza.com\/index.php?rest_route=%2Fwp%2Fv2%2Fcategories&post=4312"},{"taxonomy":"post_tag","embeddable":true,"href":"https:\/\/pasaenmendoza.com\/index.php?rest_route=%2Fwp%2Fv2%2Ftags&post=4312"}],"curies":[{"name":"wp","href":"https:\/\/api.w.org\/{rel}","templated":true}]}}