{"id":4315,"date":"2024-01-05T14:06:19","date_gmt":"2024-01-05T13:06:19","guid":{"rendered":"https:\/\/pasaenmendoza.com\/?p=4315"},"modified":"2024-01-05T14:06:21","modified_gmt":"2024-01-05T13:06:21","slug":"este-viernes-tendremos-otro-dia-muy-caluroso-con-probabilidad-de-tormentas","status":"publish","type":"post","link":"https:\/\/pasaenmendoza.com\/?p=4315","title":{"rendered":"Este viernes tendremos otro d\u00eda muy caluroso con probabilidad de tormentas"},"content":{"rendered":"\n<p>Este viernes, el pron\u00f3stico para Gran Mendoza indica<strong>&nbsp;una jornada con mucho calor y humedad. Contin\u00faa el alerta por tormentas.&nbsp;<\/strong><\/p>\n\n\n\n<p>Seg\u00fan el&nbsp;<strong>Servicio Meteorol\u00f3gico Nacional<\/strong>, en el Gran Mendoza la m\u00e1xima llegar\u00e1 a los<strong>&nbsp;35\u00b0&nbsp;<\/strong>y hay alerta amarilla por tormentas fuertes que podr\u00edan darse durante la tarde y noche.&nbsp;<\/p>\n\n\n\n<p>El&nbsp;<strong>viento<\/strong>&nbsp;se mantiene moderado desde el Norte.<\/p>\n\n\n\n<p>La humedad se mantiene por encima del 70% y las previsiones de lluvias y tormentas est\u00e1n en el rango de probabilidad del 40 al 70%.\u00a0<\/p>\n\n\n\n<p>Para ma\u00f1ana s\u00e1bado, el pron\u00f3stico indica leve descenso de temperatura, con una&nbsp;<strong>m\u00e1xima de 30\u00b0 y algunas tormentas aisladas durante la ma\u00f1ana.&nbsp;<\/strong><\/p>\n\n\n\n<p><strong>El resto del d\u00eda el cielo permanecer\u00e1 nublado.\u00a0<\/strong>\u00a0<\/p>\n\n\n\n<p><strong>Fuente: www.mendozapost.com<\/strong><\/p>\n","protected":false},"excerpt":{"rendered":"<p>Este viernes, el pron\u00f3stico para Gran Mendoza indica&nbsp;una jornada con mucho calor y humedad. Contin\u00faa el alerta por tormentas.&nbsp; Seg\u00fan el&nbsp;Servicio Meteorol\u00f3gico Nacional, en el Gran Mendoza la m\u00e1xima llegar\u00e1 a los&nbsp;35\u00b0&nbsp;y hay alerta amarilla por tormentas fuertes que podr\u00edan darse durante la tarde y noche.&nbsp; El&nbsp;viento&nbsp;se mantiene moderado desde el Norte. La humedad se [&hellip;]<\/p>\n","protected":false},"author":2,"featured_media":4316,"comment_status":"open","ping_status":"open","sticky":false,"template":"","format":"standard","meta":[],"categories":[52],"tags":[],"_links":{"self":[{"href":"https:\/\/pasaenmendoza.com\/index.php?rest_route=\/wp\/v2\/posts\/4315"}],"collection":[{"href":"https:\/\/pasaenmendoza.com\/index.php?rest_route=\/wp\/v2\/posts"}],"about":[{"href":"https:\/\/pasaenmendoza.com\/index.php?rest_route=\/wp\/v2\/types\/post"}],"author":[{"embeddable":true,"href":"https:\/\/pasaenmendoza.com\/index.php?rest_route=\/wp\/v2\/users\/2"}],"replies":[{"embeddable":true,"href":"https:\/\/pasaenmendoza.com\/index.php?rest_route=%2Fwp%2Fv2%2Fcomments&post=4315"}],"version-history":[{"count":1,"href":"https:\/\/pasaenmendoza.com\/index.php?rest_route=\/wp\/v2\/posts\/4315\/revisions"}],"predecessor-version":[{"id":4317,"href":"https:\/\/pasaenmendoza.com\/index.php?rest_route=\/wp\/v2\/posts\/4315\/revisions\/4317"}],"wp:featuredmedia":[{"embeddable":true,"href":"https:\/\/pasaenmendoza.com\/index.php?rest_route=\/wp\/v2\/media\/4316"}],"wp:attachment":[{"href":"https:\/\/pasaenmendoza.com\/index.php?rest_route=%2Fwp%2Fv2%2Fmedia&parent=4315"}],"wp:term":[{"taxonomy":"category","embeddable":true,"href":"https:\/\/pasaenmendoza.com\/index.php?rest_route=%2Fwp%2Fv2%2Fcategories&post=4315"},{"taxonomy":"post_tag","embeddable":true,"href":"https:\/\/pasaenmendoza.com\/index.php?rest_route=%2Fwp%2Fv2%2Ftags&post=4315"}],"curies":[{"name":"wp","href":"https:\/\/api.w.org\/{rel}","templated":true}]}}