{"id":4321,"date":"2024-01-05T14:18:35","date_gmt":"2024-01-05T13:18:35","guid":{"rendered":"https:\/\/pasaenmendoza.com\/?p=4321"},"modified":"2024-01-05T14:18:36","modified_gmt":"2024-01-05T13:18:36","slug":"un-mendocino-desaparecio-en-san-luis-luego-de-que-le-robaron-y-fue-a-recuperar-sus-pertenencias","status":"publish","type":"post","link":"https:\/\/pasaenmendoza.com\/?p=4321","title":{"rendered":"Un mendocino desapareci\u00f3 en San Luis luego de que le robaron y fue a recuperar sus pertenencias"},"content":{"rendered":"\n<p>El mendocino&nbsp;<strong>Claudio Jes\u00fas Tarifa<\/strong>&nbsp;hab\u00eda salida d\u00edas atr\u00e1s desde su casa del<strong>&nbsp;barrio Bicentenario<\/strong>&nbsp;de&nbsp;<strong>Godoy Cruz&nbsp;<\/strong>para iniciar una traves\u00eda como mochilero. Su destino era&nbsp;<strong>Uruguay<\/strong>, pero en el camino se encontr\u00f3 con problemas y ahora es intensamente buscado en&nbsp;<strong>San Luis<\/strong>.<\/p>\n\n\n\n<p>La informaci\u00f3n publicada por los medios locales sostiene que el hombre, de 37 a\u00f1os,&nbsp;<mark>sufri\u00f3 el domingo 31 un robo en un \u201cbarrio peligroso\u201d de la capital puntana<\/mark>. Al parecer, hab\u00eda llegado un d\u00eda antes a la vecina provincia y se aloj\u00f3 en la casa de un hombre que conoci\u00f3 en las calles.<\/p>\n\n\n\n<p>Fue en ese lugar donde tuvo un altercado y debi\u00f3 retirarse sin sus pertenencias. Luego,\u00a0<mark>volvi\u00f3 y recuper\u00f3 una mochila y su documentaci\u00f3n, pero le faltaba el celular<\/mark>. Por eso, se present\u00f3 en la\u00a0<strong>Comisar\u00eda 4\u00aa<\/strong>\u00a0para radicar la denuncia correspondiente.<\/p>\n\n\n\n<p>Una versi\u00f3n indica que los polic\u00edas lo llevaron hasta la ruta para continuar con su viaje hacia Uruguay, pero nada m\u00e1s se supo sobre \u00e9l.<\/p>\n\n\n\n<p>Adem\u00e1s, Tarifa perdi\u00f3 todo tipo de contacto con su familia, que denunci\u00f3 el paradero e inici\u00f3 una campa\u00f1a en las redes sociales para pedir colaboraci\u00f3n a la ciudadan\u00eda, con el objetivo de poder ubicarlo.<\/p>\n\n\n\n<p>Una hermana del hombre buscado\u00a0habl\u00f3 con el portal\u00a0<em>SanLuis24\u00a0<\/em>y expres\u00f3 que desde la Polic\u00eda de esa provincia no les dieron informaci\u00f3n certera sobre la situaci\u00f3n de su familiar:\u00a0<em>\u201cLa primera vez desde la Comisar\u00eda nos dijeron que mi hermano ya hab\u00eda recuperado sus cosas y se hab\u00eda ido, pero\u00a0<mark>en una segunda ocasi\u00f3n que nos contactamos nos dijeron que no tienen ninguna informaci\u00f3n de \u00e9l<\/mark>\u201d<\/em>.<\/p>\n\n\n\n<p>La mujer agreg\u00f3 que a Tarifa\u00a0<em>\u201cle robaron, le pegaron y trataba solo de recuperar sus cosas porque es de lo que \u00e9l sobrevive\u201d<\/em>.<\/p>\n\n\n\n<p>De acuerdo con publicaciones realizadas por allegados al mendocino en&nbsp;<strong>Facebook<\/strong>, el d\u00eda que desapareci\u00f3 vest\u00eda una remera roja con cruz negra, una bermuda de jean, zapatillas verdes y negras y llevaba una mochila camuflada y con pulseras de hilo para vender.<\/p>\n\n\n\n<p>Sus familiares pidieron que cualquier informaci\u00f3n puede ser comunicada a los n\u00fameros 2612417824 o 2612636079.<\/p>\n\n\n\n<p><em>Fuente: con informaci\u00f3n de El Chorrillero y SanLuis24.<\/em><\/p>\n\n\n\n<p><strong>Fuente: www.elsol.com.ar<\/strong><\/p>\n","protected":false},"excerpt":{"rendered":"<p>El mendocino&nbsp;Claudio Jes\u00fas Tarifa&nbsp;hab\u00eda salida d\u00edas atr\u00e1s desde su casa del&nbsp;barrio Bicentenario&nbsp;de&nbsp;Godoy Cruz&nbsp;para iniciar una traves\u00eda como mochilero. Su destino era&nbsp;Uruguay, pero en el camino se encontr\u00f3 con problemas y ahora es intensamente buscado en&nbsp;San Luis. La informaci\u00f3n publicada por los medios locales sostiene que el hombre, de 37 a\u00f1os,&nbsp;sufri\u00f3 el domingo 31 un robo [&hellip;]<\/p>\n","protected":false},"author":2,"featured_media":4322,"comment_status":"open","ping_status":"open","sticky":false,"template":"","format":"standard","meta":[],"categories":[48],"tags":[],"_links":{"self":[{"href":"https:\/\/pasaenmendoza.com\/index.php?rest_route=\/wp\/v2\/posts\/4321"}],"collection":[{"href":"https:\/\/pasaenmendoza.com\/index.php?rest_route=\/wp\/v2\/posts"}],"about":[{"href":"https:\/\/pasaenmendoza.com\/index.php?rest_route=\/wp\/v2\/types\/post"}],"author":[{"embeddable":true,"href":"https:\/\/pasaenmendoza.com\/index.php?rest_route=\/wp\/v2\/users\/2"}],"replies":[{"embeddable":true,"href":"https:\/\/pasaenmendoza.com\/index.php?rest_route=%2Fwp%2Fv2%2Fcomments&post=4321"}],"version-history":[{"count":1,"href":"https:\/\/pasaenmendoza.com\/index.php?rest_route=\/wp\/v2\/posts\/4321\/revisions"}],"predecessor-version":[{"id":4323,"href":"https:\/\/pasaenmendoza.com\/index.php?rest_route=\/wp\/v2\/posts\/4321\/revisions\/4323"}],"wp:featuredmedia":[{"embeddable":true,"href":"https:\/\/pasaenmendoza.com\/index.php?rest_route=\/wp\/v2\/media\/4322"}],"wp:attachment":[{"href":"https:\/\/pasaenmendoza.com\/index.php?rest_route=%2Fwp%2Fv2%2Fmedia&parent=4321"}],"wp:term":[{"taxonomy":"category","embeddable":true,"href":"https:\/\/pasaenmendoza.com\/index.php?rest_route=%2Fwp%2Fv2%2Fcategories&post=4321"},{"taxonomy":"post_tag","embeddable":true,"href":"https:\/\/pasaenmendoza.com\/index.php?rest_route=%2Fwp%2Fv2%2Ftags&post=4321"}],"curies":[{"name":"wp","href":"https:\/\/api.w.org\/{rel}","templated":true}]}}