{"id":4324,"date":"2024-01-05T14:24:30","date_gmt":"2024-01-05T13:24:30","guid":{"rendered":"https:\/\/pasaenmendoza.com\/?p=4324"},"modified":"2024-01-05T14:24:31","modified_gmt":"2024-01-05T13:24:31","slug":"crimen-de-tomas-tello-uno-de-los-detenidos-se-quebro-y-confeso","status":"publish","type":"post","link":"https:\/\/pasaenmendoza.com\/?p=4324","title":{"rendered":"Crimen de Tom\u00e1s Tello: uno de los detenidos se quebr\u00f3 y confes\u00f3"},"content":{"rendered":"\n<p>La Justicia le dict\u00f3 este jueves la prisi\u00f3n preventiva a los dos adolescentes de 16 y 17 a\u00f1os detenidos por la causa en la que se investiga el crimen de&nbsp;<strong>Tom\u00e1s Tello<\/strong>, el joven atacado por una patota en el marco de los festejos del A\u00f1o Nuevo, en la localidad balnearia de&nbsp;<strong>Santa Teresita.<\/strong><\/p>\n\n\n\n<p>En tanto, uno de los adolescentes, que al igual que el otro se hab\u00eda negado a declarar, pidi\u00f3 hacerlo y brind\u00f3 una versi\u00f3n en la que intent\u00f3 desligarse del cruento ataque.<\/p>\n\n\n\n<p>Seg\u00fan fuentes judiciales, el menor, adem\u00e1s, reconoci\u00f3 en el lugar del hecho a\u00a0<strong>Dami\u00e1n &#8220;el Kope&#8221; Kopeli\u00e1n<\/strong>, sindicado como quien acert\u00f3 la estocada mortal a Tello.\u00a0&#8220;Dijo que vio todo&#8221;, seg\u00fan public\u00f3 TN con informaci\u00f3n de fuentes judiciales.<\/p>\n\n\n\n<p>Los dos menores ser\u00e1n expuestos a partir del lunes de una nueva rueda de reconocimiento. Mientras tanto se encuentran a cargo del fuero de responsabilidad juvenil y fueron trasladados a un instituto de menores en Dolores.<\/p>\n\n\n\n<p>Los acusados por el asesinato de Tom\u00e1s Tello<\/p>\n\n\n\n<p>El principal sospechoso de la pu\u00f1alada que termin\u00f3 con la vida del joven de 18 a\u00f1os es&nbsp;<strong>Dami\u00e1n Kopeli\u00e1n<\/strong>(21) un vendedor ambulante que hace poco viv\u00eda en Santa Teresita.<\/p>\n\n\n\n<p>El siguiente detenido es su padre,&nbsp;<strong>Avedis Kipeli\u00e1n<\/strong>, un hombre de 57 a\u00f1os que tambi\u00e9n se dedicaba a la venta ambulante en las playas. Si bien no habr\u00eda participado del ataque, es investigado por encubrimiento.<\/p>\n\n\n\n<p>Por otro lado, el primo de Dami\u00e1n,&nbsp;<strong>Aram Kopeli\u00e1n<\/strong>&nbsp;de 27 a\u00f1os.<\/p>\n\n\n\n<p>El resto de los detenidos son\u00a0<strong>Federico Gonzalo Brandon<\/strong>\u00a0(22),\u00a0<strong>Carlos Omar Amestoy<\/strong>\u00a0(29),\u00a0<strong>Roberto Nicol\u00e1s de Jes\u00fas Ochoa<\/strong>\u00a0(27) y<strong>\u00a0Dar\u00edo Javier Espinosa<\/strong>\u00a0(33).<\/p>\n\n\n\n<p>Por \u00faltimo, hay un d\u00e9cimo detenido, se trata de<strong>\u00a0Diego Alberto Cejas<\/strong>\u00a0de 29 a\u00f1os que fue captado por las im\u00e1genes que aportaron los testigos.<\/p>\n\n\n\n<p><strong>Fuente: www.mendozapost.com<\/strong><\/p>\n","protected":false},"excerpt":{"rendered":"<p>La Justicia le dict\u00f3 este jueves la prisi\u00f3n preventiva a los dos adolescentes de 16 y 17 a\u00f1os detenidos por la causa en la que se investiga el crimen de&nbsp;Tom\u00e1s Tello, el joven atacado por una patota en el marco de los festejos del A\u00f1o Nuevo, en la localidad balnearia de&nbsp;Santa Teresita. En tanto, uno [&hellip;]<\/p>\n","protected":false},"author":2,"featured_media":4325,"comment_status":"open","ping_status":"open","sticky":false,"template":"","format":"standard","meta":[],"categories":[48],"tags":[],"_links":{"self":[{"href":"https:\/\/pasaenmendoza.com\/index.php?rest_route=\/wp\/v2\/posts\/4324"}],"collection":[{"href":"https:\/\/pasaenmendoza.com\/index.php?rest_route=\/wp\/v2\/posts"}],"about":[{"href":"https:\/\/pasaenmendoza.com\/index.php?rest_route=\/wp\/v2\/types\/post"}],"author":[{"embeddable":true,"href":"https:\/\/pasaenmendoza.com\/index.php?rest_route=\/wp\/v2\/users\/2"}],"replies":[{"embeddable":true,"href":"https:\/\/pasaenmendoza.com\/index.php?rest_route=%2Fwp%2Fv2%2Fcomments&post=4324"}],"version-history":[{"count":1,"href":"https:\/\/pasaenmendoza.com\/index.php?rest_route=\/wp\/v2\/posts\/4324\/revisions"}],"predecessor-version":[{"id":4326,"href":"https:\/\/pasaenmendoza.com\/index.php?rest_route=\/wp\/v2\/posts\/4324\/revisions\/4326"}],"wp:featuredmedia":[{"embeddable":true,"href":"https:\/\/pasaenmendoza.com\/index.php?rest_route=\/wp\/v2\/media\/4325"}],"wp:attachment":[{"href":"https:\/\/pasaenmendoza.com\/index.php?rest_route=%2Fwp%2Fv2%2Fmedia&parent=4324"}],"wp:term":[{"taxonomy":"category","embeddable":true,"href":"https:\/\/pasaenmendoza.com\/index.php?rest_route=%2Fwp%2Fv2%2Fcategories&post=4324"},{"taxonomy":"post_tag","embeddable":true,"href":"https:\/\/pasaenmendoza.com\/index.php?rest_route=%2Fwp%2Fv2%2Ftags&post=4324"}],"curies":[{"name":"wp","href":"https:\/\/api.w.org\/{rel}","templated":true}]}}