{"id":4327,"date":"2024-01-05T14:47:27","date_gmt":"2024-01-05T13:47:27","guid":{"rendered":"https:\/\/pasaenmendoza.com\/?p=4327"},"modified":"2024-01-05T14:47:29","modified_gmt":"2024-01-05T13:47:29","slug":"farmaceuticos-y-bioquimicos-acordaron-un-aumento-salarial-del-91-para-el-primer-trimestre","status":"publish","type":"post","link":"https:\/\/pasaenmendoza.com\/?p=4327","title":{"rendered":"Farmace\u00faticos y bioqu\u00edmicos acordaron un aumento salarial del 91% para el primer trimestre"},"content":{"rendered":"\n<p>El Sindicato Argentino de\u00a0<strong>Farmac\u00e9uticos y\u00a0Bioqu\u00edmicos\u00a0<\/strong>(SAFYB) suscribi\u00f3 la primera paritaria del 2024, con un\u00a0<strong>aumento del 91% para el primer trimestre del a\u00f1o<\/strong>\u00a0en el salario de los profesionales afiliados.<\/p>\n\n\n\n<p>El incremento trimestral cercano al 100% se reparte en&nbsp;<strong>19% para enero, 43% para febrero y 29% para marzo<\/strong>, de acuerdo al acta firmada el 3 de enero que precisa que la r\u00fabrica se produjo &#8220;rectificando los valores preacordados en 2023 para enero y febrero 2024, que debieron ser ajustados debido a los \u00edndices inflacionarios&#8221;.<\/p>\n\n\n\n<p>Con la\u00a0<strong>actualizaci\u00f3n paritaria<\/strong>, el\u00a0<strong>salario inicial<\/strong>\u00a0para los profesionales de las farmacias y los laboratorios, pasar\u00e1 a tener un piso salarial de $<strong>750 mil mensuales,<\/strong>\u00a0al que se le debe incorporar\u00a0<strong>10% por presentismo, 12% por capacitaci\u00f3n, 20% por gesti\u00f3n del establecimiento y refrigerio a cargo del empleador.<\/strong><\/p>\n\n\n\n<h2 class=\"wp-block-heading\"><strong>Bioqu\u00edmicos y farmace\u00faticos, en contra del DNU de Milei<\/strong><\/h2>\n\n\n\n<p>Al mismo tiempo,<strong>&nbsp;el gremio inform\u00f3 que recurri\u00f3 a la Justicia contra el DNU 70\/23 del gobierno de Javier Milei&nbsp;<\/strong>debido a que &#8220;reduce la fuente laboral del farmac\u00e9utico porque deval\u00faa su papel, autorizando la venta de medicamentos fuera de la farmacia y la direcci\u00f3n t\u00e9cnica farmac\u00e9utica en varios lugares simult\u00e1neos, lo que termina asegurando ausencia en todos lados&#8221;.<\/p>\n\n\n\n<p>Asimismo, consideran que &#8220;el&nbsp;<strong>DNU<\/strong>&nbsp;baja el precio a la labor farmac\u00e9utica y el salario del profesional, que fue gran protagonista en la pandemia&#8221; y advirtieron que &#8220;<strong>al dejar la farmacia sin director farmac\u00e9utico presente, se fomenta la automedicaci\u00f3n y adicci\u00f3n a medicamentos, el uso irracional de f\u00e1rmacos y el tr\u00e1fico de drogas,<\/strong>&nbsp;que generan problemas de salud y muertes, porque en ausencia del farmac\u00e9utico el propietario de la farmacia vende sin control por cuestiones de rentabilidad&#8221;.<\/p>\n\n\n\n<p>El secretario general del sindicato, Marcelo Peretta, remarc\u00f3 que &#8220;el farmac\u00e9utico se encarga del origen, la conservaci\u00f3n e informaci\u00f3n sobre medicamentos, y es clave en la vacunaci\u00f3n, el control de presi\u00f3n arterial, el seguimiento del uso racional de medicamentos y, en esta \u00e9poca del a\u00f1o, en la producci\u00f3n, provisi\u00f3n e informaci\u00f3n de productos contra el dengue, por lo que debe estar siempre presente en su lugar de trabajo&#8221;.<\/p>\n\n\n\n<p>Adem\u00e1s, sostuvo que &#8220;<strong>no hay diferencia entre medicamentos de venta libre y recetados porque ambos se elaboran igual<\/strong>, por el mismo laboratorio, con id\u00e9nticos controles, y a pesar de que la dosis de los venta libre es menor, la cantidad de unidades por envase hace que al tomar, por ejemplo, dos comprimidos de venta libre, se alcance igual o mayor dosis (y riesgo) que los recetados, por eso es indispensable que, como dice la publicidad de los medicamentos de venta libre: &#8216;ante cualquier duda el paciente consulte a su m\u00e9dico o a su farmac\u00e9utico'&#8221;.<\/p>\n\n\n\n<p>El profesional farmac\u00e9utico asegur\u00f3 que &#8220;<strong>el DNU no bajar\u00e1 el precio de los medicamentos sino que fomenta el monopolio<\/strong>&nbsp;porque su autor ignora (o quiere beneficiar a los productores) que la farmacia no fija el precio de los remedios: el precio de los f\u00e1rmacos lo fija el laboratorio productor&#8221;.<\/p>\n\n\n\n<p>Desde el sindicato catalogaron de &#8220;preocupante que el DNU desregule los puntos de venta de medicamentos y deval\u00fae el papel farmac\u00e9utico, pero<strong>&nbsp;no fomente competencia entre los laboratorios productores de medicamentos (son 300 desde 1990) e inclusive les &#8216;limpie&#8217; la competencia cerrando los laboratorios p\u00fablicos<\/strong>&#8220;.<\/p>\n\n\n\n<p><strong>Fuente: www.diariouno.com.ar<\/strong><\/p>\n","protected":false},"excerpt":{"rendered":"<p>El Sindicato Argentino de\u00a0Farmac\u00e9uticos y\u00a0Bioqu\u00edmicos\u00a0(SAFYB) suscribi\u00f3 la primera paritaria del 2024, con un\u00a0aumento del 91% para el primer trimestre del a\u00f1o\u00a0en el salario de los profesionales afiliados. El incremento trimestral cercano al 100% se reparte en&nbsp;19% para enero, 43% para febrero y 29% para marzo, de acuerdo al acta firmada el 3 de enero que [&hellip;]<\/p>\n","protected":false},"author":2,"featured_media":4328,"comment_status":"open","ping_status":"open","sticky":false,"template":"","format":"standard","meta":[],"categories":[55],"tags":[],"_links":{"self":[{"href":"https:\/\/pasaenmendoza.com\/index.php?rest_route=\/wp\/v2\/posts\/4327"}],"collection":[{"href":"https:\/\/pasaenmendoza.com\/index.php?rest_route=\/wp\/v2\/posts"}],"about":[{"href":"https:\/\/pasaenmendoza.com\/index.php?rest_route=\/wp\/v2\/types\/post"}],"author":[{"embeddable":true,"href":"https:\/\/pasaenmendoza.com\/index.php?rest_route=\/wp\/v2\/users\/2"}],"replies":[{"embeddable":true,"href":"https:\/\/pasaenmendoza.com\/index.php?rest_route=%2Fwp%2Fv2%2Fcomments&post=4327"}],"version-history":[{"count":1,"href":"https:\/\/pasaenmendoza.com\/index.php?rest_route=\/wp\/v2\/posts\/4327\/revisions"}],"predecessor-version":[{"id":4329,"href":"https:\/\/pasaenmendoza.com\/index.php?rest_route=\/wp\/v2\/posts\/4327\/revisions\/4329"}],"wp:featuredmedia":[{"embeddable":true,"href":"https:\/\/pasaenmendoza.com\/index.php?rest_route=\/wp\/v2\/media\/4328"}],"wp:attachment":[{"href":"https:\/\/pasaenmendoza.com\/index.php?rest_route=%2Fwp%2Fv2%2Fmedia&parent=4327"}],"wp:term":[{"taxonomy":"category","embeddable":true,"href":"https:\/\/pasaenmendoza.com\/index.php?rest_route=%2Fwp%2Fv2%2Fcategories&post=4327"},{"taxonomy":"post_tag","embeddable":true,"href":"https:\/\/pasaenmendoza.com\/index.php?rest_route=%2Fwp%2Fv2%2Ftags&post=4327"}],"curies":[{"name":"wp","href":"https:\/\/api.w.org\/{rel}","templated":true}]}}