{"id":4330,"date":"2024-01-05T14:53:43","date_gmt":"2024-01-05T13:53:43","guid":{"rendered":"https:\/\/pasaenmendoza.com\/?p=4330"},"modified":"2024-01-05T14:53:44","modified_gmt":"2024-01-05T13:53:44","slug":"jaque-dio-marcha-atras-y-anuncio-que-la-fiesta-nacional-del-chivo-si-se-hara-en-malargue","status":"publish","type":"post","link":"https:\/\/pasaenmendoza.com\/?p=4330","title":{"rendered":"Jaque dio marcha atr\u00e1s y anunci\u00f3 que la Fiesta Nacional del Chivo s\u00ed se har\u00e1 en Malarg\u00fce"},"content":{"rendered":"\n<p>Dos semanas despu\u00e9s de anunciar la cancelaci\u00f3n por razones econ\u00f3micas\u00a0Celso Jaque revi\u00f3 su decisi\u00f3n y la\u00a0<strong>Fiesta Nacional del Chivo<\/strong>\u00a0fue confirmada. El pedido de vecinos y de sectores privados fue lo que motiv\u00f3 al intendente de Malarg\u00fce a cambiar su resoluci\u00f3n inicial tomada a pocos d\u00edas de haber asumido la jefatura comunal tras imponerse en las elecciones al radical Juan Manuel Ojeda.<\/p>\n\n\n\n<p>La colaboraci\u00f3n y gesti\u00f3n de la C\u00e1mara de Comercio y Afines malarg\u00fcina, la Sociedad Rural del Secano y la Amatur (Asociaci\u00f3n Malarg\u00fcina de Turismo) fue lo que llev\u00f3 al peronista Jaque a cambiar su decisi\u00f3n.<\/p>\n\n\n\n<p><strong>La Fiesta del Chivo se har\u00e1 entre el 9 y el 11 de febrero,\u00a0<\/strong>junto con la Vendimia departamental, sin n\u00fameros nacionales y con la participaci\u00f3n de algunos grupos musicales de Chile.<\/p>\n\n\n\n<h2 class=\"wp-block-heading\">La buena nueva para Malarg\u00fce: se har\u00e1 la Fiesta del Chivo<\/h2>\n\n\n\n<p>Acompa\u00f1ado por autoridades de las entidades que decidieron respaldar al municipio y colaborar con la organizaci\u00f3n, Celso convoc\u00f3 a los medios de comunicaci\u00f3n para anunciar la realizaci\u00f3n de la edici\u00f3n 2024 de la Fiesta Nacional del Chivo.<\/p>\n\n\n\n<p>El intendente repas\u00f3 que &#8220;terminamos el 2023 con una reuni\u00f3n del Concejo Deliberante en la que me toc\u00f3 anunciar que por la situaci\u00f3n econ\u00f3mica, financiera y administrativa en que recibimos el municipio<strong>&nbsp;ten\u00edamos que suspender la Fiesta del Chivo&#8221;.<\/strong><\/p>\n\n\n\n<p>&#8220;Pero desde entonces -cont\u00f3 el intendente- se movilizaron la C\u00e1mara de Comercio, la Amatur y la Sociedad Rural del Secano, m\u00e1s los vecinos. Y gracias al esfuerzo y compromiso de todos podremos hacer la fiesta que es un sello de Malarg\u00fce&#8221;.<\/p>\n\n\n\n<p>La celebraci\u00f3n se har\u00e1 en el primer fin de semana largo de este a\u00f1o, entre el 9 y el 11 de febrero. En el medio, el d\u00eda 10, se celebrar\u00e1 la Fiesta de la Vendimia departamental.<\/p>\n\n\n\n<p><strong>Ser\u00e1 todo en el polideportivo municipal, con entrada gratuita.<\/strong><\/p>\n\n\n\n<p>Jaque explic\u00f3 que &#8220;se utilizar\u00e1 ese escenario porque no hay recursos para alquilar estructuras m\u00e1s grandes. La municipalidad se har\u00e1 cargo de encontrar mecanismos para contar con proveedores locales de sonido e iluminaci\u00f3n y aportar\u00e1 el personal par seguridad y limpieza&#8221;.<\/p>\n\n\n\n<p>Tambi\u00e9n relat\u00f3 Jaque, parafraseando al presidente Javier Milei:&nbsp;<strong>&#8220;No tenemos plata&#8230;<\/strong>&nbsp;para traer n\u00fameros nacionales. Ser\u00e1n todos artistas locales, que los tenemos y buenos, m\u00e1s algunos grupos chilenos&#8221;.<\/p>\n\n\n\n<p>El intendente finalmente sostuvo que a\u00fan est\u00e1n terminando de definir algunas actividades enmarcadas en esta celebraci\u00f3n, las que se informar\u00e1n en los pr\u00f3ximos d\u00edas.<\/p>\n\n\n\n<p>Hay que recordar que para este 2024 ya se suspendieron Rivadavia Canta al Pa\u00eds y los festivales del Mel\u00f3n y la Sand\u00eda y del Cosechador en Lavalle. Adem\u00e1s la Fiesta de la Tonada, en Tunuy\u00e1n ser\u00e1 m\u00e1s austera y con entradas m\u00e1s caras.<\/p>\n\n\n\n<p><strong>Fuente: www.diariouno.com.ar<\/strong><\/p>\n","protected":false},"excerpt":{"rendered":"<p>Dos semanas despu\u00e9s de anunciar la cancelaci\u00f3n por razones econ\u00f3micas\u00a0Celso Jaque revi\u00f3 su decisi\u00f3n y la\u00a0Fiesta Nacional del Chivo\u00a0fue confirmada. El pedido de vecinos y de sectores privados fue lo que motiv\u00f3 al intendente de Malarg\u00fce a cambiar su resoluci\u00f3n inicial tomada a pocos d\u00edas de haber asumido la jefatura comunal tras imponerse en las [&hellip;]<\/p>\n","protected":false},"author":2,"featured_media":4331,"comment_status":"open","ping_status":"open","sticky":false,"template":"","format":"standard","meta":[],"categories":[74],"tags":[],"_links":{"self":[{"href":"https:\/\/pasaenmendoza.com\/index.php?rest_route=\/wp\/v2\/posts\/4330"}],"collection":[{"href":"https:\/\/pasaenmendoza.com\/index.php?rest_route=\/wp\/v2\/posts"}],"about":[{"href":"https:\/\/pasaenmendoza.com\/index.php?rest_route=\/wp\/v2\/types\/post"}],"author":[{"embeddable":true,"href":"https:\/\/pasaenmendoza.com\/index.php?rest_route=\/wp\/v2\/users\/2"}],"replies":[{"embeddable":true,"href":"https:\/\/pasaenmendoza.com\/index.php?rest_route=%2Fwp%2Fv2%2Fcomments&post=4330"}],"version-history":[{"count":1,"href":"https:\/\/pasaenmendoza.com\/index.php?rest_route=\/wp\/v2\/posts\/4330\/revisions"}],"predecessor-version":[{"id":4332,"href":"https:\/\/pasaenmendoza.com\/index.php?rest_route=\/wp\/v2\/posts\/4330\/revisions\/4332"}],"wp:featuredmedia":[{"embeddable":true,"href":"https:\/\/pasaenmendoza.com\/index.php?rest_route=\/wp\/v2\/media\/4331"}],"wp:attachment":[{"href":"https:\/\/pasaenmendoza.com\/index.php?rest_route=%2Fwp%2Fv2%2Fmedia&parent=4330"}],"wp:term":[{"taxonomy":"category","embeddable":true,"href":"https:\/\/pasaenmendoza.com\/index.php?rest_route=%2Fwp%2Fv2%2Fcategories&post=4330"},{"taxonomy":"post_tag","embeddable":true,"href":"https:\/\/pasaenmendoza.com\/index.php?rest_route=%2Fwp%2Fv2%2Ftags&post=4330"}],"curies":[{"name":"wp","href":"https:\/\/api.w.org\/{rel}","templated":true}]}}