{"id":4334,"date":"2024-01-05T15:00:35","date_gmt":"2024-01-05T14:00:35","guid":{"rendered":"https:\/\/pasaenmendoza.com\/?p=4334"},"modified":"2024-01-05T15:00:36","modified_gmt":"2024-01-05T14:00:36","slug":"en-menos-de-dos-meses-la-tarifa-de-taxis-y-remises-tendra-un-aumento-del-144","status":"publish","type":"post","link":"https:\/\/pasaenmendoza.com\/?p=4334","title":{"rendered":"En menos de dos meses la tarifa de taxis y remises tendr\u00e1 un aumento del 144%"},"content":{"rendered":"\n<p>El<strong>\u00a0Ente de Movilidad Provincial (EMOP)<\/strong>\u00a0puso en consideraci\u00f3n p\u00fablica para que el p\u00fablico en general analice un nuevo incremento en la\u00a0<strong>tarifa de\u00a0taxis\u00a0y remises<\/strong>\u00a0del 77,6% que se aplicar\u00eda en breve. La \u00faltima suba en el costo del servicio se hab\u00eda producido el pasado 24 de noviembre, cuando estableci\u00f3 un\u00a0<strong>aumento\u00a0<\/strong>del 66,57%.<\/p>\n\n\n\n<p>A trav\u00e9s de la Resoluci\u00f3n N\u00ba 2, publicada este viernes en el Bolet\u00edn Oficial, el organismo someti\u00f3 \u201ca conocimiento y consideraci\u00f3n p\u00fablica el informe t\u00e9cnico oficial relacionado al incremento del costo de la tarifa del servicio de taxi y remis\u201d. El mismo contempla un estudio de costos de combustible y otros insumos de los veh\u00edculos y concluye en la necesidad de un incremento del 77,64%.<\/p>\n\n\n\n<p>En este sentido, se invita al p\u00fablico en general a \u201cformular las propuestas, oposiciones, sugerencias, peticiones, objeciones y todo cuanto deseen aportar\u201d dentro de un plazo de 10 d\u00edas h\u00e1biles desde hoy.<\/p>\n\n\n\n<p>\u201cTranscurrido el plazo establecido en el art\u00edculo 3\u00b0, y\/o resueltas las sugerencias u objeciones formuladas por los interesados, en su caso, se proceder\u00e1 a elevar el Informe T\u00e9cnico Oficial Final a la Subsecretar\u00eda de Transporte de Mendoza, para la continuidad del tr\u00e1mite pertinente\u201d, expresa la resoluci\u00f3n.<\/p>\n\n\n\n<p>Esta nueva actualizaci\u00f3n tarifaria comenz\u00f3 luego de que las diferentes c\u00e1maras empresarias del sector solicitan un ajuste del \u00faltimo incremento otorgado en noviembre, con fundamento en la situaci\u00f3n econ\u00f3mica y contexto inflacionario actual.<\/p>\n\n\n\n<p>El pasado 24 de noviembre se dispuso una aumento tarifario del 66,57% y ahora se analiza una suba 77,64%, lo que provocar\u00eda que en un plazo menor a dos meses el costo del servicio de&nbsp;<strong>taxis y remises<\/strong>&nbsp;subir\u00eda m\u00e1s de un 144%.<\/p>\n\n\n\n<p>La particularidad que tiene este nuevo proceso de actualizaci\u00f3n tarifaria es que el EMOP no convoc\u00f3 a una audiencia p\u00fablica, como ven\u00eda ocurriendo en las anteriores oportunidades. Asimismo, no recurrir\u00e1 al Poder Ejecutivo para que establezca el incremento. Esto se debe a una modificaci\u00f3n introducida por un decreto del 14 de diciembre que regul\u00f3 el procedimiento de determinaci\u00f3n tarifaria de taxi y remis.<\/p>\n\n\n\n<p>La resoluci\u00f3n del EMOP indica que \u201ctrat\u00e1ndose de servicios p\u00fablicos, tanto el procedimiento de Audiencia P\u00fablica o similar, que garantice la participaci\u00f3n ciudadana, y la convocatoria previa del \u00d3rgano Consultivo asesor, constituyen actos ineludibles, bajo pena de nulidad absoluta\u201d. No obstante, remarca que \u201cen materia de servicios no p\u00fablicos, no resultar\u00eda esencial su convocatoria\u201d. \u201cEl servicio de taxi y remis, no es esencial, a diferencia del regular, que es precisamente de car\u00e1cter masivo, general y necesario. Resultando l\u00f3gica su diferenciaci\u00f3n\u201d, argumentan y se\u00f1alan que \u201cesta aclaraci\u00f3n es importante efectuarla, en raz\u00f3n de las contradicciones halladas en la legislaci\u00f3n actual\u201d.<\/p>\n\n\n\n<p>\u201cEn materia de tarifa de taxi y remis, es suficiente y tambi\u00e9n obligatorio a partir del decreto 2843\/23, la sanci\u00f3n de una norma legal, resoluci\u00f3n, de la Autoridad de Aplicaci\u00f3n, sin necesidad de recurrir a un decreto del Poder Ejecutivo\u201d, establece en los considerandos.<\/p>\n\n\n\n<p>En este sentido, el EMOP avanz\u00f3 con la publicaci\u00f3n del informe t\u00e9cnico elaborado a trav\u00e9s de las solicitudes y estudios de costos privados aportados, de modo tal de poner a disposici\u00f3n de todos los interesados el expediente \u00edntegro, para que puedan conocerlo y a partir de all\u00ed formular las sugerencias y opiniones pertinentes, en el plazo que se fije al respecto.<\/p>\n\n\n\n<p>Finalmente ser\u00e1 la Subsecretar\u00eda de Transporte de Mendoza que determinar\u00e1 la aplicaci\u00f3n del incremento final la tarifa del servicio.<\/p>\n\n\n\n<p><strong>Fuente: www.mdzol.com<\/strong><\/p>\n","protected":false},"excerpt":{"rendered":"<p>El\u00a0Ente de Movilidad Provincial (EMOP)\u00a0puso en consideraci\u00f3n p\u00fablica para que el p\u00fablico en general analice un nuevo incremento en la\u00a0tarifa de\u00a0taxis\u00a0y remises\u00a0del 77,6% que se aplicar\u00eda en breve. La \u00faltima suba en el costo del servicio se hab\u00eda producido el pasado 24 de noviembre, cuando estableci\u00f3 un\u00a0aumento\u00a0del 66,57%. A trav\u00e9s de la Resoluci\u00f3n N\u00ba 2, [&hellip;]<\/p>\n","protected":false},"author":2,"featured_media":4335,"comment_status":"open","ping_status":"open","sticky":false,"template":"","format":"standard","meta":[],"categories":[79],"tags":[],"_links":{"self":[{"href":"https:\/\/pasaenmendoza.com\/index.php?rest_route=\/wp\/v2\/posts\/4334"}],"collection":[{"href":"https:\/\/pasaenmendoza.com\/index.php?rest_route=\/wp\/v2\/posts"}],"about":[{"href":"https:\/\/pasaenmendoza.com\/index.php?rest_route=\/wp\/v2\/types\/post"}],"author":[{"embeddable":true,"href":"https:\/\/pasaenmendoza.com\/index.php?rest_route=\/wp\/v2\/users\/2"}],"replies":[{"embeddable":true,"href":"https:\/\/pasaenmendoza.com\/index.php?rest_route=%2Fwp%2Fv2%2Fcomments&post=4334"}],"version-history":[{"count":2,"href":"https:\/\/pasaenmendoza.com\/index.php?rest_route=\/wp\/v2\/posts\/4334\/revisions"}],"predecessor-version":[{"id":4337,"href":"https:\/\/pasaenmendoza.com\/index.php?rest_route=\/wp\/v2\/posts\/4334\/revisions\/4337"}],"wp:featuredmedia":[{"embeddable":true,"href":"https:\/\/pasaenmendoza.com\/index.php?rest_route=\/wp\/v2\/media\/4335"}],"wp:attachment":[{"href":"https:\/\/pasaenmendoza.com\/index.php?rest_route=%2Fwp%2Fv2%2Fmedia&parent=4334"}],"wp:term":[{"taxonomy":"category","embeddable":true,"href":"https:\/\/pasaenmendoza.com\/index.php?rest_route=%2Fwp%2Fv2%2Fcategories&post=4334"},{"taxonomy":"post_tag","embeddable":true,"href":"https:\/\/pasaenmendoza.com\/index.php?rest_route=%2Fwp%2Fv2%2Ftags&post=4334"}],"curies":[{"name":"wp","href":"https:\/\/api.w.org\/{rel}","templated":true}]}}