{"id":4343,"date":"2024-01-08T12:47:42","date_gmt":"2024-01-08T11:47:42","guid":{"rendered":"https:\/\/pasaenmendoza.com\/?p=4343"},"modified":"2024-01-08T12:47:45","modified_gmt":"2024-01-08T11:47:45","slug":"ernesto-sanz-javier-milei-tiene-legitimidad-de-origen-pero-tiene-que-construir-la-de-ejercicio","status":"publish","type":"post","link":"https:\/\/pasaenmendoza.com\/?p=4343","title":{"rendered":"Ernesto Sanz: &#8220;Javier Milei tiene legitimidad de origen, pero tiene que construir la de ejercicio&#8221;"},"content":{"rendered":"\n<p>El exsenador nacional mendocino se refiri\u00f3 al presidente de la Naci\u00f3n y sus primeras acciones en el poder, en medio de la crisis socioecon\u00f3mica. Adem\u00e1s, opin\u00f3 acerca del rol de Juntos por el Cambio.<\/p>\n\n\n\n<p><strong>Ernesto Sanz<\/strong>, hoy alejado de la funci\u00f3n p\u00fablica, reflexion\u00f3 acerca del panorama pol\u00edtico que atraviesa la Argentina, a un mes de la asunci\u00f3n de\u00a0<strong>Javier Milei\u00a0<\/strong>como presidente de la Naci\u00f3n. El exsenador nacional mendocino,\u00a0expresidente de la Uni\u00f3n C\u00edvica Radical (UCR) y miembro fundador de Cambiemos asegur\u00f3<em><strong>\u00a0<\/strong><\/em>que el mandatario libertario &#8220;tiene\u00a0legitimidad de origen, lo que tiene que construir es legitimidad de ejercicio y eso se hace todos los d\u00edas&#8221;. En tanto, el dirigente oriundo de San Rafael asegur\u00f3 no sentir tristeza por la oportunidad electoral que perdi\u00f3 Juntos por el Cambio en 2023, sino &#8220;frustraci\u00f3n pol\u00edtica&#8221;.<\/p>\n\n\n\n<p><strong>&#8211; \u00bfC\u00f3mo ve el pa\u00eds en tres meses\u00a0con todo lo que conlleva el ascenso de Javier Milei en el poder?<\/strong><br>Cualquier an\u00e1lisis tiene que hacerse a la luz de cu\u00e1l es la herencia recibida por este Gobierno. Creo que este Gobierno se asemeja bastante al de Ra\u00fal Alfons\u00edn en 1983\u00a0en cuanto a la herencia recibida. No s\u00e9 si era peor o igual, pero son las dos herencias m\u00e1s pesadas de la democracia: la de Alfons\u00edn al comienzo y la de Milei ahora. El grado de deterioro del Estado, de la econom\u00eda y de las relaciones internacionales\u00a0con el que recibi\u00f3 el pa\u00eds\u00a0<strong>Milei<\/strong>, hace que indefectiblemente cualquier an\u00e1lisis tenga que partir de ah\u00ed.\u00a0El pa\u00eds vive un momento de emergencia y una crisis muy dura.\u00a0Creo que esto va a durar un tiempo hasta que se puedan ver los frutos de este de las medidas de correcci\u00f3n.<\/p>\n\n\n\n<p><strong>&#8211; Como miembro fundador de Cambiemos, \u00bfcu\u00e1l piensa que tiene que ser el rol de Juntos por el Cambio? \u00bfHay que &#8220;cogobernar&#8221; o, de alguna forma, poner alg\u00fan tipo de &#8220;traba&#8221;?<\/strong><br>Ni una cosa ni la otra. Esos son los dos extremos. Un extremo es cogobernar y para eso ten\u00e9s que convertirte en oficialista. El\u00a0otro extremo es poner trabas, como hacen los kirchneristas, es decir, ser opositores destructivos. Ni una cosa ni la otra. Juntos por el Cambio -o lo que queda-\u00a0lo que tiene que hacer es ser una oposici\u00f3n muy constructiva y\u00a0muy racional. En todo caso, controlando y poniendo l\u00edmites. Voy a dar un ejemplo: en esta \u00faltima ley \u00f3mnibus la mayor\u00eda de las cosas tienen que aprobarse, pero lo que no puede aprobarse es una delegaci\u00f3n de facultades por cuatro a\u00f1os. Nunca lo hubo. Me parece que es innecesario y, adem\u00e1s, le quita valor al propio Congreso. Pero, en general, se tiene que apoyar, no obstruir y controlar para\u00a0que no se corran los l\u00edmites republicanos.<\/p>\n\n\n\n<p><strong>&#8211; Teniendo en cuenta que&nbsp;usted fue uno de los creadores de la entonces principal coalici\u00f3n opositora, \u00bfsiente alg\u00fan tipo de tristeza, remordimiento o algo que le que le haya hecho pensar que se rompi\u00f3 todo todo aquello que construy\u00f3?<\/strong><br>Remordimiento y tristeza no. De ninguna manera porque no son cuestiones sentimentales. Digamos, no es como si se hubiera roto una familia&#8230;&nbsp;Lo que s\u00ed siento es una frustraci\u00f3n&nbsp;porque yo creo que este era el turno para que lo gobernara Juntos por el Cambio y, por los errores que se cometieron, no porque gan\u00f3 Milei. No siento ni tristeza ni ninguna de esas emociones que son m\u00e1s humanas. S\u00ed&nbsp;una frustraci\u00f3n pol\u00edtica. Hace dos a\u00f1os atr\u00e1s todo indicaba que se pod\u00eda gobernar la Argentina y hab\u00eda equipo. Pero los errores cometidos hicieron que se frustraras. Hoy, cada partido componente de Juntos por el Cambio ha recuperado su autonom\u00eda y&nbsp;su identidad y eso a m\u00ed no me molesta. En todo caso, lo que observo es que el el radicalismo tiene que trabajar mucho para reconstruir su propia identidad.<\/p>\n\n\n\n<p><strong>&#8211; \u00bfEst\u00e1 de acuerdo con la postura quiz\u00e1s un poco m\u00e1s combativa que ha tomado la dirigencia del radicalismo a nivel nacional con Mart\u00edn Lousteau a la cabeza?<\/strong><br>No creo que sea as\u00ed&#8230; Al&nbsp;radicalismo hoy ten\u00e9s que mirarlo no por ning\u00fan dirigente en particular, sino por lo que hacen los bloques. Los bloques radicales, de Diputados y de Senadores, han sido muy colaborativos.&nbsp;Ahora, eso s\u00ed, &nbsp;tienen que fijar l\u00edmites. Como lo que dije de la delegaci\u00f3n de facultades o&nbsp;meter todo dentro de un DNU. Son cuestiones discutibles en el Congreso, pero la discusi\u00f3n que hacen los bloques radicales es muy racional y muy colaborativa.&nbsp;<\/p>\n\n\n\n<p><strong>&#8211; \u00bfQu\u00e9 opini\u00f3n tiene sobre el gobernador de Mendoza, Alfredo&nbsp;Cornejo?&nbsp;\u00bfQu\u00e9 postura debe Deber\u00eda adoptar Mendoza frente al Gobierno nacional y todos los cambios que se est\u00e1n viendo.<\/strong><br>Cornejo fue un muy buen gobernador de Mendoza y creo que tambi\u00e9n lo va a ser en en el segundo mandato. Creo que la postura que adopt\u00f3 Cornejo es muy sensata. Es de mucha prudencia y&nbsp;no de confrontaci\u00f3n. S\u00ed, hay que estar muy atento para que las medidas del Gobierno nacional no&nbsp;lesionen el federalismo. Hay algunas medidas vinculadas al tema hidrocarburos o al tema&nbsp;impuestos que a m\u00ed me preocupan&#8230;&nbsp;Hay que apoyar al Gobierno nacional, pero tambi\u00e9n hay que ser muy firme en que&nbsp;las reformas no sean unitarias y que protejan al federalismo.<\/p>\n\n\n\n<p><strong>&#8211; \u00bfY respecto a su visi\u00f3n sobre el presidente\u00a0Javier Milei?<\/strong><br>Tengo\u00a0luces y sombras en la opini\u00f3n. Me parece una persona que lleg\u00f3 con m\u00e9rito a ser presidente. Tiene legitimidad de origen, lo que tiene que construir es legitimidad de ejercicio y eso se hace todos los d\u00edas. Y no es solo desde la teor\u00eda econ\u00f3mica liberal, sino con inteligencia, paciencia, sabidur\u00eda, amplitud, generosidad, y una visi\u00f3n estrat\u00e9gica.\u00a0Creo que es muy pronto para poder juzgarlo. La reflexi\u00f3n es qu\u00e9\u00a0legitimidad de origen la tiene porque gan\u00f3 muy bien, pero la de ejercicio la tiene que\u00a0construir.<\/p>\n\n\n\n<p><strong>&#8211; Actualmente. usted no est\u00e1 ejerciendo ning\u00fan cargo.&nbsp;\u00bfQu\u00e9 hace&nbsp;en materia de pol\u00edtica?<\/strong><br>Pol\u00edticamente muy poco. Estoy abocado&nbsp;al ejercicio de mi profesi\u00f3n. Tengo estudio&nbsp;en San Rafael y en Buenos Aires, as\u00ed que voy y vengo. Pero, por supuesto, en lo que puedo ayudo a amigos m\u00edos que hoy est\u00e1n ejerciendo funciones p\u00fablicas. Legisladores, intendentes&#8230; Trato de ayudar, pero desde una posici\u00f3n en un segundo plano. Mi&nbsp;plan A es el ejercicio de abogado, que con eso ya tengo suficiente.<\/p>\n\n\n\n<p><strong>&#8211; \u00bfY cu\u00e1l es el dirigente pol\u00edtico con el que m\u00e1s di\u00e1logo mantiene al d\u00eda de hoy para intercambiar posiciones?<\/strong><br>Tengo una relaci\u00f3n muy estrecha -adem\u00e1s de pol\u00edtica, afectiva- con Maximiliano Abad&nbsp;porque ha sido un dirigente joven que se hizo al lado m\u00edo. Es el&nbsp;presidente de la&nbsp;UCR en la provincia de&nbsp;Buenos Aires y hoy es senador nacional. Por lo tanto, por una cuesti\u00f3n de afecto, pero tambi\u00e9n de compromiso pol\u00edtico,&nbsp;estamos muy cerca.<\/p>\n\n\n\n<p><strong>&#8211; \u00bfQu\u00e9 le dice a la gente en la calle usted cuando se lo&nbsp;cruzan?<\/strong><br>En general, la gente que vot\u00f3 a Milei en la segunda vuelta, que incluso son votos de Juntos por el Cambio con los votos radicales, quiere que a este gobierno le vaya bien. No quiere caer de nuevo en el otro extremo del p\u00e9ndulo, que es el regreso del kirchnerismo y sus peores pr\u00e1cticas. Entonces, la gente lo que pide&nbsp;es que se apoye al Gobierno y que se lo ayude, pero tambi\u00e9n es cierto que muchos&nbsp;ven que hay que poner l\u00edmites y controlar.<\/p>\n\n\n\n<p><strong>&#8211; \u00bfUsted hace alg\u00fan tipo de ajuste en la econom\u00eda de su hogar? \u00bfC\u00f3mo cu\u00e1les?<\/strong><br>S\u00ed, como todo el mundo.\u00a0Cualquier tipo de gasto superfluo que en otra \u00e9poca se hace y hoy no. Hay mil maneras. Compras innecesarias tampoco se hacen&#8230; Cada uno trata de ajustarse.<\/p>\n\n\n\n<p>FUENTE: Mdzonline.<\/p>\n","protected":false},"excerpt":{"rendered":"<p>El exsenador nacional mendocino se refiri\u00f3 al presidente de la Naci\u00f3n y sus primeras acciones en el poder, en medio de la crisis socioecon\u00f3mica. Adem\u00e1s, opin\u00f3 acerca del rol de Juntos por el Cambio. Ernesto Sanz, hoy alejado de la funci\u00f3n p\u00fablica, reflexion\u00f3 acerca del panorama pol\u00edtico que atraviesa la Argentina, a un mes de [&hellip;]<\/p>\n","protected":false},"author":2,"featured_media":4344,"comment_status":"open","ping_status":"open","sticky":true,"template":"","format":"standard","meta":[],"categories":[47],"tags":[],"_links":{"self":[{"href":"https:\/\/pasaenmendoza.com\/index.php?rest_route=\/wp\/v2\/posts\/4343"}],"collection":[{"href":"https:\/\/pasaenmendoza.com\/index.php?rest_route=\/wp\/v2\/posts"}],"about":[{"href":"https:\/\/pasaenmendoza.com\/index.php?rest_route=\/wp\/v2\/types\/post"}],"author":[{"embeddable":true,"href":"https:\/\/pasaenmendoza.com\/index.php?rest_route=\/wp\/v2\/users\/2"}],"replies":[{"embeddable":true,"href":"https:\/\/pasaenmendoza.com\/index.php?rest_route=%2Fwp%2Fv2%2Fcomments&post=4343"}],"version-history":[{"count":1,"href":"https:\/\/pasaenmendoza.com\/index.php?rest_route=\/wp\/v2\/posts\/4343\/revisions"}],"predecessor-version":[{"id":4345,"href":"https:\/\/pasaenmendoza.com\/index.php?rest_route=\/wp\/v2\/posts\/4343\/revisions\/4345"}],"wp:featuredmedia":[{"embeddable":true,"href":"https:\/\/pasaenmendoza.com\/index.php?rest_route=\/wp\/v2\/media\/4344"}],"wp:attachment":[{"href":"https:\/\/pasaenmendoza.com\/index.php?rest_route=%2Fwp%2Fv2%2Fmedia&parent=4343"}],"wp:term":[{"taxonomy":"category","embeddable":true,"href":"https:\/\/pasaenmendoza.com\/index.php?rest_route=%2Fwp%2Fv2%2Fcategories&post=4343"},{"taxonomy":"post_tag","embeddable":true,"href":"https:\/\/pasaenmendoza.com\/index.php?rest_route=%2Fwp%2Fv2%2Ftags&post=4343"}],"curies":[{"name":"wp","href":"https:\/\/api.w.org\/{rel}","templated":true}]}}