{"id":4346,"date":"2024-01-08T12:56:26","date_gmt":"2024-01-08T11:56:26","guid":{"rendered":"https:\/\/pasaenmendoza.com\/?p=4346"},"modified":"2024-01-08T12:56:28","modified_gmt":"2024-01-08T11:56:28","slug":"el-gobierno-oficializo-la-designacion-de-tadeo-garcia-zalazar-como-titular-de-la-dge","status":"publish","type":"post","link":"https:\/\/pasaenmendoza.com\/?p=4346","title":{"rendered":"El Gobierno oficializ\u00f3 la designaci\u00f3n de Tadeo Garc\u00eda Zalazar como titular de la DGE"},"content":{"rendered":"\n<p>El&nbsp;<strong>Gobierno&nbsp;<\/strong>oficializ\u00f3 este lunes, a trav\u00e9s del decreto 3254 publicado en el Bolet\u00edn Oficial, la designaci\u00f3n de&nbsp;<strong>Tadeo Garc\u00eda Zalazar,<\/strong>&nbsp;ministro de Educaci\u00f3n, Cultura e Infancias, como titular de la&nbsp;<strong>Direcci\u00f3n General de Escuelas (DGE).<\/strong><\/p>\n\n\n\n<p><mark>El pliego del ex intendente de Godoy Cruz hab\u00eda sido enviado por el Ejecutivo a la Legislatura y conseguido el aval correspondiente el 27 de diciembre pasado.<\/mark><\/p>\n\n\n\n<p>Si bien la normativa fue publicada este lunes, tiene fecha del 29 de diciembre y lleva la firma del gobernador<strong>&nbsp;Alfredo Cornejo<\/strong>.<\/p>\n\n\n\n<p>La designaci\u00f3n de Garc\u00eda Zalazar en la DGE caus\u00f3 algo de revuelo, e incluso se tuvo que armar una ingenier\u00eda jur\u00eddica especial para que un ministro tambi\u00e9n se pudiera hacer cargo del organismo.<\/p>\n\n\n\n<p>Esto se debe a que, seg\u00fan la constituci\u00f3n provincial, especifica que la DGE debe ser un organismo aut\u00e1rquico, con un rol central en las pol\u00edticas del gobierno.<\/p>\n\n\n\n<p>FUENTE: Elsol.com.ar <\/p>\n","protected":false},"excerpt":{"rendered":"<p>El&nbsp;Gobierno&nbsp;oficializ\u00f3 este lunes, a trav\u00e9s del decreto 3254 publicado en el Bolet\u00edn Oficial, la designaci\u00f3n de&nbsp;Tadeo Garc\u00eda Zalazar,&nbsp;ministro de Educaci\u00f3n, Cultura e Infancias, como titular de la&nbsp;Direcci\u00f3n General de Escuelas (DGE). El pliego del ex intendente de Godoy Cruz hab\u00eda sido enviado por el Ejecutivo a la Legislatura y conseguido el aval correspondiente el 27 [&hellip;]<\/p>\n","protected":false},"author":2,"featured_media":4347,"comment_status":"open","ping_status":"open","sticky":true,"template":"","format":"standard","meta":[],"categories":[47],"tags":[],"_links":{"self":[{"href":"https:\/\/pasaenmendoza.com\/index.php?rest_route=\/wp\/v2\/posts\/4346"}],"collection":[{"href":"https:\/\/pasaenmendoza.com\/index.php?rest_route=\/wp\/v2\/posts"}],"about":[{"href":"https:\/\/pasaenmendoza.com\/index.php?rest_route=\/wp\/v2\/types\/post"}],"author":[{"embeddable":true,"href":"https:\/\/pasaenmendoza.com\/index.php?rest_route=\/wp\/v2\/users\/2"}],"replies":[{"embeddable":true,"href":"https:\/\/pasaenmendoza.com\/index.php?rest_route=%2Fwp%2Fv2%2Fcomments&post=4346"}],"version-history":[{"count":1,"href":"https:\/\/pasaenmendoza.com\/index.php?rest_route=\/wp\/v2\/posts\/4346\/revisions"}],"predecessor-version":[{"id":4348,"href":"https:\/\/pasaenmendoza.com\/index.php?rest_route=\/wp\/v2\/posts\/4346\/revisions\/4348"}],"wp:featuredmedia":[{"embeddable":true,"href":"https:\/\/pasaenmendoza.com\/index.php?rest_route=\/wp\/v2\/media\/4347"}],"wp:attachment":[{"href":"https:\/\/pasaenmendoza.com\/index.php?rest_route=%2Fwp%2Fv2%2Fmedia&parent=4346"}],"wp:term":[{"taxonomy":"category","embeddable":true,"href":"https:\/\/pasaenmendoza.com\/index.php?rest_route=%2Fwp%2Fv2%2Fcategories&post=4346"},{"taxonomy":"post_tag","embeddable":true,"href":"https:\/\/pasaenmendoza.com\/index.php?rest_route=%2Fwp%2Fv2%2Ftags&post=4346"}],"curies":[{"name":"wp","href":"https:\/\/api.w.org\/{rel}","templated":true}]}}