{"id":4349,"date":"2024-01-08T13:02:20","date_gmt":"2024-01-08T12:02:20","guid":{"rendered":"https:\/\/pasaenmendoza.com\/?p=4349"},"modified":"2024-01-08T13:02:21","modified_gmt":"2024-01-08T12:02:21","slug":"cayo-la-recaudacion-de-los-impuestos-inmobiliario-ingresos-brutos-y-automotor-y-preocupa-a-fayad","status":"publish","type":"post","link":"https:\/\/pasaenmendoza.com\/?p=4349","title":{"rendered":"Cay\u00f3 la recaudaci\u00f3n de los impuestos Inmobiliario, Ingresos Brutos y Automotor y preocupa a Fayad"},"content":{"rendered":"\n<p>La oficina del\u00a0<strong>ministro de Hacienda, V\u00edctor Fayad,<\/strong>\u00a0fue por estos d\u00edas el epicentro de malas noticias para el Gobierno de Alfredo Cornejo. Es que a la confirmaci\u00f3n de que\u00a0<strong>Mendoza recibir\u00eda un 20% menos de la coparticipaci\u00f3n<\/strong>\u00a0que mandaba la Naci\u00f3n, se le sum\u00f3 este fin de semana un informe que revelaba que t<strong>ambi\u00e9n hab\u00eda ca\u00eddo en diciembre la recaudaci\u00f3n de los 4 principales impuestos provinciales.<\/strong><\/p>\n\n\n\n<p>Seg\u00fan esos datos en&nbsp;<strong>el \u00faltimo mes del 2023<\/strong>&nbsp;el pago del impuesto de&nbsp;<strong>Sellos se desplom\u00f3 un 16%<\/strong>, lo sigue el impuesto&nbsp;<strong>Inmobiliario que tambi\u00e9n se redujo en un 15,6% e Ingresos Brutos que cay\u00f3 en un 12,5%.<\/strong><\/p>\n\n\n\n<p>De todos esos impuestos provinciales el que menos cay\u00f3 -al menos en esa comparaci\u00f3n de lo que se pag\u00f3 en diciembre del 2022 versus lo que se abon\u00f3 el mes pasado- fue el impuesto\u00a0<strong>Automotor,<\/strong>\u00a0m\u00e1s conocido como la patente, que s<strong>e redujo en un 10,5%.<\/strong><\/p>\n\n\n\n<p>Si bien desde el Gobierno a\u00fan no han traducido cu\u00e1nto significa en pesos esa ca\u00edda en la recaudaci\u00f3n, es claro que los n\u00fameros desvelan al ministro Fayad.<\/p>\n\n\n\n<p>No s\u00f3lo por el recorte en los ingresos, sino tambi\u00e9n porque\u00a0<strong>en breve deber\u00e1 reabrir las paritarias con los gremios de los empleados p\u00fablicos\u00a0<\/strong>a los que estaba previsto darles este mes de Enero un aumento del 5,8%, pero sujeto a una cl\u00e1usula de revisi\u00f3n si es que la inflaci\u00f3n sub\u00eda por encima del 12%, algo que ya todos descuentan sobretodo con las proyecciones de diciembre que indican que podr\u00eda rondar el 30%.<\/p>\n\n\n\n<h2 class=\"wp-block-heading\"><strong>Una ca\u00edda previsible<\/strong><\/h2>\n\n\n\n<p>Ya a mediados de diciembre pasado, y ante una previsible ca\u00edda de la recaudaci\u00f3n impositiva por el impacto de la recesi\u00f3n econ\u00f3mica, el ministro\u00a0<strong>Fayad admiti\u00f3 en el programa S\u00e9ptimo D\u00eda que en el Gobierno preocupaba esa ca\u00edda en el pago de los impuestos patrimoniales,<\/strong>\u00a0que es lo que efectivamente se comprob\u00f3.<\/p>\n\n\n\n<p>Para evitar esa mora record\u00f3 que &#8220;los hemos topeado para hacerlos pagables&#8221; pero a la vez advirti\u00f3: &#8220;<strong>vamos a ser muy rigurosos con los morosos&#8221;<\/strong>&nbsp;y adelant\u00f3 que&nbsp;<strong>el inter\u00e9s por mora estar\u00e1 por encima de la inflaci\u00f3n<\/strong>.<\/p>\n\n\n\n<p>&#8220;El gran desaf\u00edo es mantener muy bajos los niveles de mora y para eso vamos a ser muy rigurosos con los contribuyentes que no paguen los impuestos&#8221;, insisti\u00f3. Por si hiciera falta darle m\u00e1s contundencia a su advertencia remarc\u00f3 que la tasa por mora estar\u00e1 por encima de la inflaci\u00f3n &#8220;porque no puede ser negocio no pagar los impuestos&#8221;.<\/p>\n\n\n\n<h2 class=\"wp-block-heading\">Mientras m\u00e1s tarde Milei en revertir Ganancias m\u00e1s dinero pierde Mendoza<\/h2>\n\n\n\n<p>Si bien el Gobierno mendocino ha salido a respaldar pol\u00edticamente varias de las medidas que adopt\u00f3 el presidente Javier Milei, en el edificio de calle Peltier hay&nbsp;<strong>cierto malestar por las demoras del libertario para avanzar con un par de cambios impositivos que urge recomponer.<\/strong><\/p>\n\n\n\n<p>El mejor ejemplo es la reforma de Ganancias que implement\u00f3 Sergio Massa y que Milei pretende revertir, aunque eso a\u00fan llevar\u00e1 algunos meses y otros tantos en impactar en las arcas de la provincia.<\/p>\n\n\n\n<p>Es que principalmente por esa reforma en un impuesto que es el que m\u00e1s impacta en la coparticipaci\u00f3n; y tambi\u00e9n por la rebaja que sufri\u00f3 el IVA, s\u00f3lo en diciembre Mendoza dej\u00f3 de recibir una suma cercana a los $18.000 millones.<\/p>\n\n\n\n<p><strong>A esa conclusi\u00f3n lleg\u00f3 Fayad tomando los datos que maneja \u00e9l y cotej\u00e1ndolos con un informe del IARAF&nbsp;<\/strong>(Instituto Argentino de An\u00e1lisis Fiscal) sobre todas las provincias.<\/p>\n\n\n\n<p>&#8220;Si se toma a\u00f1o contra a\u00f1o,&nbsp;<strong>la ca\u00edda es de 4%, aproximadamente.&nbsp;<\/strong>Pero si se toman los meses de diciembre, que es cuando se ve el &#8216;efecto ganancias&#8217;, no s\u00f3lo hay un 20%, sino tambi\u00e9n una ca\u00edda real de<strong>&nbsp;$18 mil millones.<\/strong>&nbsp;En esos t\u00e9rminos, si ajust\u00e1s por inflaci\u00f3n, los ingresos coparticipados<strong>&nbsp;debieron ser de $86 mil millones y fueron de $68 mil millones&#8221;,<\/strong>&nbsp;calcul\u00f3 el ministro d\u00edas atr\u00e1s en di\u00e1logo con Diario UNO.<\/p>\n\n\n\n<p>Pero en Casa de Gobierno no s\u00f3lo preocupa esos $18.000 millones que dej\u00f3 de recibir Mendoza, sino c\u00f3mo y cu\u00e1nto se prolongar\u00e1 la ca\u00edda.<\/p>\n\n\n\n<p>Es que pol\u00edticamente saben que la reforma de Ganancias conllevar\u00e1 una negociaci\u00f3n partidaria y que si finalmente el Congreso avala que se revierta como propone el presidente Milei, volver a gravar ese impuesto llevar\u00e1 varios meses y otros tantos en reflejarse en la recaudaci\u00f3n, por lo que especulan con que el da\u00f1o a las arcas provinciales sea a\u00fan mayor.<\/p>\n\n\n\n<h2 class=\"wp-block-heading\">Cu\u00e1nto perdieron las provincias por el cambio en Ganancias<\/h2>\n\n\n\n<p>El&nbsp;<strong>Instituto Argentino de An\u00e1lisis Fiscal<\/strong>&nbsp;fue el primero en levantar el debate por estos d\u00edas. Elabor\u00f3 un documento en el que establece<strong>&nbsp;cu\u00e1nto perdieron las provincias<\/strong>, seg\u00fan su mirada, tras el primer trimestre post cambios en la coparticipaci\u00f3n. En ese estudio afirman que la&nbsp;<strong>baja&nbsp;<\/strong>fue de casi&nbsp;<strong>14% en t\u00e9rminos reales<\/strong>&nbsp;y que con ello se cort\u00f3 una racha de dos a\u00f1os consecutivos en que hubo&nbsp;<strong>crecimiento de la recaudaci\u00f3n.<\/strong><\/p>\n\n\n\n<p><strong>Mendoza es una de las perjudicadas.\u00a0<\/strong>Por eso\u00a0avanz\u00f3 con una presentaci\u00f3n en la\u00a0<strong>Corte Suprema<\/strong>\u00a0a finales de noviembre en la que plante\u00f3 la posible\u00a0<strong>inconsitucionalidad<\/strong>\u00a0de la decisi\u00f3n. Su argumento fue que la coparticipaci\u00f3n<strong>\u00a0est\u00e1 protegida por la Carta Magna<\/strong>\u00a0y que, por lo tanto, la p\u00e9rdida no puede ser\u00a0<strong>definida desde el Congreso<\/strong>. Algo similar afront\u00f3 el gobierno de\u00a0<strong>Mauricio Macri\u00a0<\/strong>en su primer a\u00f1o de gesti\u00f3n.<\/p>\n\n\n\n<p>Por esa\u00a0<strong>desfinanciaci\u00f3n es que el Ejecutivo ya le dio su palabra a los gobernadores de que retrotraer\u00e1 la eliminaci\u00f3n de esa Cuarta Categor\u00eda,\u00a0<\/strong>haciendo que miles de empleados vuelvan a pagar, pero garantizando financiaci\u00f3n a las provincias. Se tratar\u00e1, probablemente,\u00a0<strong>el pr\u00f3ximo 24 de enero<\/strong>\u00a0con el resto de los proyectos oficialistas.<\/p>\n\n\n\n<p>FUENTE: Diariouno.com.ar <\/p>\n","protected":false},"excerpt":{"rendered":"<p>La oficina del\u00a0ministro de Hacienda, V\u00edctor Fayad,\u00a0fue por estos d\u00edas el epicentro de malas noticias para el Gobierno de Alfredo Cornejo. Es que a la confirmaci\u00f3n de que\u00a0Mendoza recibir\u00eda un 20% menos de la coparticipaci\u00f3n\u00a0que mandaba la Naci\u00f3n, se le sum\u00f3 este fin de semana un informe que revelaba que tambi\u00e9n hab\u00eda ca\u00eddo en diciembre [&hellip;]<\/p>\n","protected":false},"author":2,"featured_media":4350,"comment_status":"open","ping_status":"open","sticky":true,"template":"","format":"standard","meta":[],"categories":[47],"tags":[],"_links":{"self":[{"href":"https:\/\/pasaenmendoza.com\/index.php?rest_route=\/wp\/v2\/posts\/4349"}],"collection":[{"href":"https:\/\/pasaenmendoza.com\/index.php?rest_route=\/wp\/v2\/posts"}],"about":[{"href":"https:\/\/pasaenmendoza.com\/index.php?rest_route=\/wp\/v2\/types\/post"}],"author":[{"embeddable":true,"href":"https:\/\/pasaenmendoza.com\/index.php?rest_route=\/wp\/v2\/users\/2"}],"replies":[{"embeddable":true,"href":"https:\/\/pasaenmendoza.com\/index.php?rest_route=%2Fwp%2Fv2%2Fcomments&post=4349"}],"version-history":[{"count":1,"href":"https:\/\/pasaenmendoza.com\/index.php?rest_route=\/wp\/v2\/posts\/4349\/revisions"}],"predecessor-version":[{"id":4351,"href":"https:\/\/pasaenmendoza.com\/index.php?rest_route=\/wp\/v2\/posts\/4349\/revisions\/4351"}],"wp:featuredmedia":[{"embeddable":true,"href":"https:\/\/pasaenmendoza.com\/index.php?rest_route=\/wp\/v2\/media\/4350"}],"wp:attachment":[{"href":"https:\/\/pasaenmendoza.com\/index.php?rest_route=%2Fwp%2Fv2%2Fmedia&parent=4349"}],"wp:term":[{"taxonomy":"category","embeddable":true,"href":"https:\/\/pasaenmendoza.com\/index.php?rest_route=%2Fwp%2Fv2%2Fcategories&post=4349"},{"taxonomy":"post_tag","embeddable":true,"href":"https:\/\/pasaenmendoza.com\/index.php?rest_route=%2Fwp%2Fv2%2Ftags&post=4349"}],"curies":[{"name":"wp","href":"https:\/\/api.w.org\/{rel}","templated":true}]}}