{"id":4358,"date":"2024-01-08T13:37:04","date_gmt":"2024-01-08T12:37:04","guid":{"rendered":"https:\/\/pasaenmendoza.com\/?p=4358"},"modified":"2024-01-08T13:37:05","modified_gmt":"2024-01-08T12:37:05","slug":"se-incendio-un-lubricentro-en-godoy-cruz","status":"publish","type":"post","link":"https:\/\/pasaenmendoza.com\/?p=4358","title":{"rendered":"Se incendi\u00f3 un lubricentro en Godoy Cruz"},"content":{"rendered":"\n<p>Un taller lubricentro de la cadena Prolube, ubicado en Beltr\u00e1n y Rivadavia de Godoy Cruz, se prendi\u00f3 fuego en la tarde de este domingo pasado.<\/p>\n\n\n\n<p>El 911 fue alertado por varios llamados que informaban por el incendio desatado en un galp\u00f3n, seguido de varias explosiones en el interior.<\/p>\n\n\n\n<p>Dos dotaciones de bomberos voluntarios de Godoy Cruz se desplazaron para sofocar las llamas, apoyados a su vez por una de Luj\u00e1n de Cuyo.<\/p>\n\n\n\n<p>El foco \u00edgneo fue extinguido r\u00e1pidamente. A priori, la causa del siniestro se tratar\u00eda de una falla por deterioro en el tendido el\u00e9ctrico que se encuentra en el interior de la propiedad.<\/p>\n\n\n\n<p>Las llamas generaron p\u00e9rdidas totales en una oficina y afect\u00f3 parcialmente a dos camionetas que se encontraban estacionadas en el interior.<\/p>\n\n\n\n<p>Investiga la oficina fiscal N\u00b0 3.<\/p>\n\n\n\n<p><strong>Fuente: www.elsol.com.ar<\/strong><\/p>\n","protected":false},"excerpt":{"rendered":"<p>Un taller lubricentro de la cadena Prolube, ubicado en Beltr\u00e1n y Rivadavia de Godoy Cruz, se prendi\u00f3 fuego en la tarde de este domingo pasado. El 911 fue alertado por varios llamados que informaban por el incendio desatado en un galp\u00f3n, seguido de varias explosiones en el interior. Dos dotaciones de bomberos voluntarios de Godoy [&hellip;]<\/p>\n","protected":false},"author":2,"featured_media":4363,"comment_status":"open","ping_status":"open","sticky":false,"template":"","format":"standard","meta":[],"categories":[48],"tags":[],"_links":{"self":[{"href":"https:\/\/pasaenmendoza.com\/index.php?rest_route=\/wp\/v2\/posts\/4358"}],"collection":[{"href":"https:\/\/pasaenmendoza.com\/index.php?rest_route=\/wp\/v2\/posts"}],"about":[{"href":"https:\/\/pasaenmendoza.com\/index.php?rest_route=\/wp\/v2\/types\/post"}],"author":[{"embeddable":true,"href":"https:\/\/pasaenmendoza.com\/index.php?rest_route=\/wp\/v2\/users\/2"}],"replies":[{"embeddable":true,"href":"https:\/\/pasaenmendoza.com\/index.php?rest_route=%2Fwp%2Fv2%2Fcomments&post=4358"}],"version-history":[{"count":1,"href":"https:\/\/pasaenmendoza.com\/index.php?rest_route=\/wp\/v2\/posts\/4358\/revisions"}],"predecessor-version":[{"id":4364,"href":"https:\/\/pasaenmendoza.com\/index.php?rest_route=\/wp\/v2\/posts\/4358\/revisions\/4364"}],"wp:featuredmedia":[{"embeddable":true,"href":"https:\/\/pasaenmendoza.com\/index.php?rest_route=\/wp\/v2\/media\/4363"}],"wp:attachment":[{"href":"https:\/\/pasaenmendoza.com\/index.php?rest_route=%2Fwp%2Fv2%2Fmedia&parent=4358"}],"wp:term":[{"taxonomy":"category","embeddable":true,"href":"https:\/\/pasaenmendoza.com\/index.php?rest_route=%2Fwp%2Fv2%2Fcategories&post=4358"},{"taxonomy":"post_tag","embeddable":true,"href":"https:\/\/pasaenmendoza.com\/index.php?rest_route=%2Fwp%2Fv2%2Ftags&post=4358"}],"curies":[{"name":"wp","href":"https:\/\/api.w.org\/{rel}","templated":true}]}}