{"id":4359,"date":"2024-01-08T13:36:29","date_gmt":"2024-01-08T12:36:29","guid":{"rendered":"https:\/\/pasaenmendoza.com\/?p=4359"},"modified":"2024-01-08T13:36:30","modified_gmt":"2024-01-08T12:36:30","slug":"prestadores-turisticos-afectados-por-el-fuego-y-el-zonda-aun-no-reciben-subsidios-prometidos","status":"publish","type":"post","link":"https:\/\/pasaenmendoza.com\/?p=4359","title":{"rendered":"Prestadores tur\u00edsticos afectados por el fuego y el Zonda a\u00fan no reciben subsidios prometidos"},"content":{"rendered":"\n<p>El 28 de octubre \u00faltimo,<strong>\u00a0la acci\u00f3n del viento Zonda provoc\u00f3 un\u00a0incendio\u00a0que carboniz\u00f3 gran parte de las caba\u00f1as y complejo de los prestadores de Colonia Suiza en Luj\u00e1n de Cuyo<\/strong>.\u00a0<strong>A 2 meses del desastre ambiental<\/strong>, gran parte de los damnificados<strong>\u00a0no logr\u00f3 cobrar los subsidios prometidos por Naci\u00f3n.<\/strong><\/p>\n\n\n\n<p><strong>El presidente de la C\u00e1mara de Turismo de la Ruta 82, Fabi\u00e1n Gonz\u00e1lez<\/strong>, lament\u00f3 que hasta el momento no hayan recibido los aportes que se les hab\u00edan prometido para la reparaci\u00f3n de los complejos.<\/p>\n\n\n\n<p>Adem\u00e1s de las p\u00e9rdidas totales en la infraestructura, los emprendedores hab\u00edan tomado el dinero de turistas en reservas y lo tuvieron que devolver, con el agravante de que no est\u00e1n trabajando.<\/p>\n\n\n\n<p>&#8220;<strong>Tuve que vender un auto para poder devolver parte del dinero de lugares que nos hab\u00edan reservado<\/strong>. La gente comprende que fue una contingencia clim\u00e1tica, pero hay que hacerles los reintegros porque ellos quieren tomar sus vacaciones y no tienen la culpa&#8221;, dijo con amargura Gonz\u00e1lez, quien no pudo abrir esta temporada.<\/p>\n\n\n\n<p>A fines de octubre, desde Naci\u00f3n se comprometieron fondos para que los prestadores pudieran hacer frente a los gastos que implicaba levantar su negocio y adem\u00e1s reponer el dinero de los anticipos.<\/p>\n\n\n\n<p>&#8220;Empezamos el tr\u00e1mite con la provincia y con la Municipalidad de Luj\u00e1n, pero a principios de diciembre, todo pas\u00f3 a las esfera de Desarrollo Social de Mendoza con distintos tr\u00e1mites que nos ped\u00edan para hacer una tasaci\u00f3n e ingresar en el beneficio. A\u00fan no han venido a constatar las p\u00e9rdidas en mi caso&#8221;.<\/p>\n\n\n\n<p>Con cierta resignaci\u00f3n, Gonz\u00e1lez recalc\u00f3 que tuvo que afrontar muchos gastos con dinero prestado, ya que s\u00f3lo por el&nbsp;<strong>volumen de reservas perdi\u00f3 unos 7 millones de pesos<\/strong>.<\/p>\n\n\n\n<h2 class=\"wp-block-heading\">Otros pudieron salvar la temporada 2024<\/h2>\n\n\n\n<p>Otros prestadores tur\u00edsticos, como el caso de M\u00f3nica de Caba\u00f1as R\u00edo Mendoza, comenzaron a trabajar pese a no contar con la cochera, que producto de la acci\u00f3n del Zonda se cay\u00f3 un tronco y qued\u00f3 destruida.<\/p>\n\n\n\n<p>&#8220;Todav\u00eda no la terminamos, pero alquilamos igual las habitaciones y arrancamos. E<strong>stamos haciendo los arreglos con nuestro trabajo y no sabemos por qu\u00e9 se demora la entrega de los fondos<\/strong>. Siempre que avanzamos&nbsp;<strong>falta un papel y se detiene la gesti\u00f3n. Llevamos m\u00e1s de dos meses esperando<\/strong>&#8220;, asegur\u00f3.<\/p>\n\n\n\n<p>M\u00f3nica y su esposo admiten que la<strong>&nbsp;&#8220;sacaron barata&#8221;&nbsp;<\/strong>en comparaci\u00f3n con otra gente que directamente tuvo que cerrar.<\/p>\n\n\n\n<p>&#8220;Queremos saber cu\u00e1l es la raz\u00f3n de la demora. Hicimos un festival para recaudar fondos en noviembre y terminamos entregando $40.000 por familia. Sabemos que no solucion\u00f3 el gran drama de esta gente, pero al menos intentamos salir adelante&#8221;, dijeron.<\/p>\n\n\n\n<h2 class=\"wp-block-heading\"><strong>Los afectados por el desastre del Zonda<\/strong><\/h2>\n\n\n\n<p>La provincia y la Municipalidad, como la C\u00e1mara de Turismo de la Ruta 82 realizaron un relevamiento sobre las viviendas y los emprendimientos tur\u00edsticos da\u00f1ados por la acci\u00f3n del fuego, de uno de los fen\u00f3menos de Zonda m\u00e1s destructivos de los que se tenga recuerdo.<\/p>\n\n\n\n<p>Se determin\u00f3 que hubo&nbsp;<strong>6 complejos afectados, 7 viviendas de alquiler temporal y 18 caba\u00f1as con destrucci\u00f3n total<\/strong>.<\/p>\n\n\n\n<p>El entonces&nbsp;<strong>gobernador Rodolfo Suarez<\/strong>&nbsp;hab\u00eda solicitado al gobierno nacional&nbsp;<strong>asistencia financiera<\/strong>&nbsp;para que los damnificados del evento climatol\u00f3gico puedan levantar estos inmuebles, pero adem\u00e1s responder con las reservas que ya se hicieron para esta temporada y por la cual no van a poder responder. Hasta ahora, seg\u00fan aseguraron los afectados, se avanz\u00f3 en algunos casos de viviendas familiares.<\/p>\n\n\n\n<p>Los fondos prometidos por Naci\u00f3n se valuaron en<strong>&nbsp;$2.300 millones<\/strong>&nbsp;en Aportes del Tesoro Nacional (ATN) que hab\u00edan llegado, seg\u00fan coment\u00f3 el propio Suarez, en aquel momento.<\/p>\n\n\n\n<p>UNO se contact\u00f3 con fuentes del<strong>\u00a0Ministerio de Infraestructura y Desarrollo Territorial<\/strong>\u00a0para conocer c\u00f3mo est\u00e1 la gesti\u00f3n de la ayuda de los damnificados y no logr\u00f3 respuesta.<\/p>\n\n\n\n<p><strong>Fuente: www.diariouno.com.ar<\/strong><\/p>\n","protected":false},"excerpt":{"rendered":"<p>El 28 de octubre \u00faltimo,\u00a0la acci\u00f3n del viento Zonda provoc\u00f3 un\u00a0incendio\u00a0que carboniz\u00f3 gran parte de las caba\u00f1as y complejo de los prestadores de Colonia Suiza en Luj\u00e1n de Cuyo.\u00a0A 2 meses del desastre ambiental, gran parte de los damnificados\u00a0no logr\u00f3 cobrar los subsidios prometidos por Naci\u00f3n. El presidente de la C\u00e1mara de Turismo de la [&hellip;]<\/p>\n","protected":false},"author":2,"featured_media":4360,"comment_status":"open","ping_status":"open","sticky":false,"template":"","format":"standard","meta":[],"categories":[50],"tags":[],"_links":{"self":[{"href":"https:\/\/pasaenmendoza.com\/index.php?rest_route=\/wp\/v2\/posts\/4359"}],"collection":[{"href":"https:\/\/pasaenmendoza.com\/index.php?rest_route=\/wp\/v2\/posts"}],"about":[{"href":"https:\/\/pasaenmendoza.com\/index.php?rest_route=\/wp\/v2\/types\/post"}],"author":[{"embeddable":true,"href":"https:\/\/pasaenmendoza.com\/index.php?rest_route=\/wp\/v2\/users\/2"}],"replies":[{"embeddable":true,"href":"https:\/\/pasaenmendoza.com\/index.php?rest_route=%2Fwp%2Fv2%2Fcomments&post=4359"}],"version-history":[{"count":2,"href":"https:\/\/pasaenmendoza.com\/index.php?rest_route=\/wp\/v2\/posts\/4359\/revisions"}],"predecessor-version":[{"id":4362,"href":"https:\/\/pasaenmendoza.com\/index.php?rest_route=\/wp\/v2\/posts\/4359\/revisions\/4362"}],"wp:featuredmedia":[{"embeddable":true,"href":"https:\/\/pasaenmendoza.com\/index.php?rest_route=\/wp\/v2\/media\/4360"}],"wp:attachment":[{"href":"https:\/\/pasaenmendoza.com\/index.php?rest_route=%2Fwp%2Fv2%2Fmedia&parent=4359"}],"wp:term":[{"taxonomy":"category","embeddable":true,"href":"https:\/\/pasaenmendoza.com\/index.php?rest_route=%2Fwp%2Fv2%2Fcategories&post=4359"},{"taxonomy":"post_tag","embeddable":true,"href":"https:\/\/pasaenmendoza.com\/index.php?rest_route=%2Fwp%2Fv2%2Ftags&post=4359"}],"curies":[{"name":"wp","href":"https:\/\/api.w.org\/{rel}","templated":true}]}}