{"id":4366,"date":"2024-01-08T13:44:42","date_gmt":"2024-01-08T12:44:42","guid":{"rendered":"https:\/\/pasaenmendoza.com\/?p=4366"},"modified":"2024-01-08T13:44:44","modified_gmt":"2024-01-08T12:44:44","slug":"crimen-de-mariana-el-desesperado-pedido-de-justicia-del-padre","status":"publish","type":"post","link":"https:\/\/pasaenmendoza.com\/?p=4366","title":{"rendered":"Crimen de Mariana: el desesperado pedido de justicia del padre"},"content":{"rendered":"\n<p>El caso de&nbsp;<strong>Mariana Dom\u00ednguez<\/strong>, la joven asesinada por una bala perdida en plena Nochebuena, tiene a su familia en plena b\u00fasqueda de justicia. Por ahora, se sabe que el arma utilizada es una pistola 9 mil\u00edmetros, la misma que utiliza la Polic\u00eda. Este lunes, el padre de la v\u00edctima habl\u00f3 con el programa &#8220;Jornada #6a7&#8221;, conducido por Jorge Fern\u00e1ndez Rojas, que se emite de lunes a viernes de 6 a 7 por&nbsp;<em>Radio Jornada 91.9<\/em>.<\/p>\n\n\n\n<p>Durante la charla, Marcelo Dom\u00ednguez se mostr\u00f3 muy molesto con el accionar de la Fiscal\u00eda y dijo que \u00e9l y el resto de la familia de Mariana no recibieron ni un llamado de autoridades ni de la Polic\u00eda para brindarles contenci\u00f3n.<\/p>\n\n\n\n<p>El hombre apunt\u00f3 contra la Comisar\u00eda 27\u00b0: &#8220;Fuimos el mi\u00e9rcoles con la mam\u00e1 a preguntar c\u00f3mo estaba la causa. Cuando llamamos por tel\u00e9fono, nunca te atiende nadie. Fuimos al Polo Judicial, nos presentamos en la fiscal\u00eda, y nos encontramos con que el fiscal no estaba porque estaban de feria&#8221;.<\/p>\n\n\n\n<p>&#8220;Nosotros, al ser personas comunes, trabajadoras, no le movemos la aguja a esta gente. Cuando digo &#8216;esta gente&#8217;, me refiero a al gente que nos gobierna y a las autoridades que nos manejan. No hay un minuto de mi vida en que no me ponga a pensar en la tragedia y la injusticia que le pas\u00f3 a mi pobre ni\u00f1a. Porque si le hubiese pasado a alguno de ellos, me gustar\u00eda saber si actuar\u00edan de la misma manera&#8221;, a\u00f1adi\u00f3 Dom\u00ednguez.<\/p>\n\n\n\n<p>El 24 de diciembre a la noche,\u00a0<strong>Mariana Dom\u00ednguez<\/strong>\u00a0(28) estaba cenando en su casa de\u00a0<strong>Godoy Cruz<\/strong>\u00a0cuando fue alcanzada por una bala perdida que atraves\u00f3 el toldo del patio. El proyectil impact\u00f3 en su cabeza y la joven, que estudiaba dise\u00f1o gr\u00e1fico, muri\u00f3 en el Hospital El Carmen.<\/p>\n\n\n\n<p>Por \u00faltimo, durante la entrevista el padre hizo un pedido a los vecinos godoicruce\u00f1os para que colaboren en el esclarecimiento del caso: &#8220;Al que haya escuchado algo, el que pueda aportar el m\u00ednimo dato, que lo haga por la memoria de una pobre chica que lo \u00fanico que hizo siempre es estudiar y trabajaar. Que no se queden callados, porque si se quedan callados son c\u00f3mplices del que hizo el disparo&#8221;.<\/p>\n\n\n\n<p><strong>Fuente: www.mendozapost.com<\/strong><\/p>\n","protected":false},"excerpt":{"rendered":"<p>El caso de&nbsp;Mariana Dom\u00ednguez, la joven asesinada por una bala perdida en plena Nochebuena, tiene a su familia en plena b\u00fasqueda de justicia. Por ahora, se sabe que el arma utilizada es una pistola 9 mil\u00edmetros, la misma que utiliza la Polic\u00eda. Este lunes, el padre de la v\u00edctima habl\u00f3 con el programa &#8220;Jornada #6a7&#8221;, [&hellip;]<\/p>\n","protected":false},"author":2,"featured_media":4370,"comment_status":"open","ping_status":"open","sticky":false,"template":"","format":"standard","meta":[],"categories":[48],"tags":[],"_links":{"self":[{"href":"https:\/\/pasaenmendoza.com\/index.php?rest_route=\/wp\/v2\/posts\/4366"}],"collection":[{"href":"https:\/\/pasaenmendoza.com\/index.php?rest_route=\/wp\/v2\/posts"}],"about":[{"href":"https:\/\/pasaenmendoza.com\/index.php?rest_route=\/wp\/v2\/types\/post"}],"author":[{"embeddable":true,"href":"https:\/\/pasaenmendoza.com\/index.php?rest_route=\/wp\/v2\/users\/2"}],"replies":[{"embeddable":true,"href":"https:\/\/pasaenmendoza.com\/index.php?rest_route=%2Fwp%2Fv2%2Fcomments&post=4366"}],"version-history":[{"count":1,"href":"https:\/\/pasaenmendoza.com\/index.php?rest_route=\/wp\/v2\/posts\/4366\/revisions"}],"predecessor-version":[{"id":4373,"href":"https:\/\/pasaenmendoza.com\/index.php?rest_route=\/wp\/v2\/posts\/4366\/revisions\/4373"}],"wp:featuredmedia":[{"embeddable":true,"href":"https:\/\/pasaenmendoza.com\/index.php?rest_route=\/wp\/v2\/media\/4370"}],"wp:attachment":[{"href":"https:\/\/pasaenmendoza.com\/index.php?rest_route=%2Fwp%2Fv2%2Fmedia&parent=4366"}],"wp:term":[{"taxonomy":"category","embeddable":true,"href":"https:\/\/pasaenmendoza.com\/index.php?rest_route=%2Fwp%2Fv2%2Fcategories&post=4366"},{"taxonomy":"post_tag","embeddable":true,"href":"https:\/\/pasaenmendoza.com\/index.php?rest_route=%2Fwp%2Fv2%2Ftags&post=4366"}],"curies":[{"name":"wp","href":"https:\/\/api.w.org\/{rel}","templated":true}]}}