{"id":4385,"date":"2024-01-09T12:44:16","date_gmt":"2024-01-09T11:44:16","guid":{"rendered":"https:\/\/pasaenmendoza.com\/?p=4385"},"modified":"2024-01-09T12:44:19","modified_gmt":"2024-01-09T11:44:19","slug":"alfredo-cornejo-y-un-comienzo-de-gestion-condicionado-todo-los-hechos-durante-su-primer-mes-de-gobierno","status":"publish","type":"post","link":"https:\/\/pasaenmendoza.com\/?p=4385","title":{"rendered":"Alfredo Cornejo y un comienzo de gesti\u00f3n condicionado: todo los hechos durante su primer mes de gobierno"},"content":{"rendered":"\n<p>Este martes 9 de enero se cumple un mes desde que Alfredo Cornejo regres\u00f3 al poder. Los cambios a nivel nacional produjeron un inicio plagado de acontecimientos que marcaron la agenda mendocina.<\/p>\n\n\n\n<p><strong>Alfredo Cornejo\u00a0<\/strong>cumple un mes como gobernador de Mendoza, cargo para el cual fue electo por segunda vez, luego de haber cumplido su primer mandato entre 2015 y 2019. En otras circunstancias pol\u00edtico-sociales, no har\u00eda falta repasar acontecimientos en un lapso de apenas 30 d\u00edas. No obstante, el agitado panorama pol\u00edtico nacional -con la asunci\u00f3n de\u00a0<strong>Javier Milei\u00a0<\/strong>como presidente incluida- provoc\u00f3 que durante dicho lapso ocurrieran numerosos cambios. Algunos, con m\u00e1s dudas que certezas hasta el momento. En el medio,\u00a0<strong>Cornejo\u00a0<\/strong>mantuvo sus intenciones de demostrar que su impronta era &#8220;diferente&#8221; a la de la gesti\u00f3n de su antecesor, Rodolfo Suarez, a quien desde la oposici\u00f3n le adjudicaron de forma peyorativa el t\u00e9rmino &#8220;modo siesta&#8221;.<\/p>\n\n\n\n<p><strong>Cornejo&nbsp;<\/strong>comenz\u00f3 su gobierno un s\u00e1bado 9 de diciembre e, inmediatamente, viaj\u00f3 a Buenos Aires para participar de la asunci\u00f3n presidencial de Javier Milei al d\u00eda siguiente. El lunes, de vuelta en Mendoza, empez\u00f3 el segundo cap\u00edtulo de su gesti\u00f3n al frente de la provincia. Reuni\u00f3 a todo su Gabinete -el cual redujo a siete ministerios- y puso primera. Todo, a\u00fan sin conocimiento de las medidas econ\u00f3micas que Milei estaba a punto de anunciar y que causar\u00edan m\u00e1s de un dolor de cabeza.<\/p>\n\n\n\n<p>Reci\u00e9n el martes 12 de diciembre apareci\u00f3 la primera gran transformaci\u00f3n y\u00a0se produjo la\u00a0devaluaci\u00f3n\u00a0del peso, largamente anunciada. El ministro de Econom\u00eda, Luis\u00a0Caputo, inform\u00f3 que el nuevo precio del\u00a0d\u00f3lar\u00a0oficial alcanzaba $800. La falta de\u00a0d\u00f3lares\u00a0de la econom\u00eda argentina oblig\u00f3 al gobierno a postergar de manera indeterminada la prometida unificaci\u00f3n del\u00a0tipo de cambio. La reacci\u00f3n de\u00a0<strong>Cornejo\u00a0<\/strong>fue mantener cautela y quien sali\u00f3 a hablar en nombre del Gobierno de Mendoza fue el ministro de Gobierno, Infraestructura y Desarrollo Territorial, Natalio Mema, que luego se convertir\u00eda en el principal vocero a la hora de comunicar la postura del Ejecutivo ante este tipo de anuncios. En ese entonces se aferraron a la estrategia de dejar en claro que Mendoza iba a tener complicaciones, pero &#8220;menos que otras provincias&#8221;. Incluso, cada cartera unific\u00f3 criterios para decir ante la prensa que Mendoza &#8220;ya hab\u00eda aplicado medidas de austeridad&#8221;.<\/p>\n\n\n\n<p>De esta manera, se dio inicio a un camino plagado de cambios durante un mes. Aqu\u00ed, algunos de los aspectos m\u00e1s destacados de lo que sucedi\u00f3 entre el 9 de diciembre de 2023 y el 9 de enero de 2024.<\/p>\n\n\n\n<ul>\n<li>Acercamiento obligado a Javier Milei:&nbsp;<strong>Alfredo Cornejo&nbsp;<\/strong>dej\u00f3 de lado lo expresado en campa\u00f1a respecto a que el proyecto de Milei implicaba &#8220;un salto al vac\u00edo&#8221;. Moder\u00f3 este tipo de comentarios y manifest\u00f3 apoyo en algunos aspectos, marcando l\u00edmites y optando por el silencio en algunos casos.<\/li>\n\n\n\n<li><strong>Cornejo&nbsp;<\/strong>cobr\u00f3 protagonismo dentro de los 10 gobernadores de Juntos por el Cambio, con quienes form\u00f3 una especie de subgrupo con proyecci\u00f3n. Tambi\u00e9n, el 19 de diciembre se reuni\u00f3 con Javier Milei y todos los gobernadores de los espacios. Hasta comparten un grupo de&nbsp;<em>WhatsApp<\/em>&nbsp;para aceitar la comunicaci\u00f3n. En aquella negociaci\u00f3n, el presidente fue claro y pidi\u00f3 el apoyo de todos los&nbsp;gobernadores&nbsp;para aprobar el paquete de leyes que posteriormente enviar\u00eda.&nbsp;Por su parte, los mandatarios provinciales pidieron la reposici\u00f3n del Impuesto a las Ganancias para que se d\u00e9&nbsp;marcha atr\u00e1s por un a\u00f1o para aminorar el da\u00f1o en las arcas provinciales por la ca\u00edda de la coparticipaci\u00f3n. Esto fue finalmente incluido en la ley \u00f3mnibus. Desde el Ministerio de Hacienda y Finanzas de Mendoza lo celebraron al aseverar que el dinero perdido &#8220;equivale a dos meses de salario en el Estado&#8221;. No obstante, al d\u00eda de hoy existe suma preocupaci\u00f3n por el dinero que caus\u00f3 un agujero en las cuentas provinciales y por la falta de confirmaci\u00f3n en relaci\u00f3n a si se aprobar\u00e1 el planteo&nbsp;en el Congreso. Es decir, Milei lo incluy\u00f3 tal como pidieron los gobernadores, pero resta que sea aprobado.<\/li>\n\n\n\n<li>Obra P\u00fablica:&nbsp;ante el fin de la obra p\u00fablica como se la conoce con el Estado nacional como protagonista,&nbsp;<strong>Cornejo<\/strong>&nbsp;expres\u00f3 su &#8220;vocaci\u00f3n por no detenerla&#8221; y le garantiz\u00f3 a empresarios de la construcci\u00f3n que habr\u00e1 proyectos. En ese sentido, tiene la tarea de ver si podr\u00e1 cumplir con la promesa hecha.<\/li>\n\n\n\n<li>La Salud, en alerta: Rodolfo Montero, ministro de Salud y Deportes de Mendoza, anticip\u00f3 cu\u00e1l podr\u00eda ser el impacto de un fen\u00f3meno\u00a0de migraci\u00f3n al sistema p\u00fablica debido al aumento en las prestaciones privadas. &#8220;Nosotros ya tenemos el sistema p\u00fablico estresado pero estamos\u00a0dando respuesta y\u00a0resolviendo. Tenemos que tratar de evitar\u00a0que haya un \u00e9xodo masivo porque va a pasar algo que no le sirve a la gente en general y es que haya uno de esos tres subsistemas que se debilite mucho porque\u00a0hoy no tenemos la estructura preparada para un \u00e9xodo masivo. Estamos sosteniendo el incremento de la demanda,\u00a0lo vamos a seguir sosteniendo y estamos trabajando en una reorganizaci\u00f3n de los recursos tanto humanos como materiales pero si existiera un \u00e9xodo masivo nos ver\u00edamos en dificultades&#8221;. D\u00edas despu\u00e9s, el DNU de Javier Milei contempl\u00f3 dejar sin efecto el control de precios del Estado a las prepagas, que procedieron a confirmar inmediatamente incrementos.<\/li>\n\n\n\n<li>Movimiento en la Legislatura:&nbsp;<strong>Alfredo Cornejo&nbsp;<\/strong>pidi\u00f3 que las sesiones en la Casa de las Leyes se extendieran hasta la \u00faltima semana del a\u00f1o para as\u00ed poder tratar dos temas: el aval para tres proyectos mineros en Malarg\u00fce y la aprobaci\u00f3n del pliego de Tadeo Garc\u00eda Zalazar como director general de Escuelas. Ambos obtuvieron luz verde. Pero, adem\u00e1s, ocurrieron otros hechos en el terreno legislativo. Por ejemplo, en el medio de la guerra pol\u00edtica entre el Gobierno provincial y la ex administraci\u00f3n de Daniel Orozco en Las Heras, se procedi\u00f3 a desaforar a la diputada de La Uni\u00f3n Mendocina Janina Ortiz, quien es investigada actualmente por la Justicia. La Comisi\u00f3n LAC emiti\u00f3 r\u00e1pido el dictamen y en el recinto se vot\u00f3 a favor del desafuero. Por otro lado, un hecho inc\u00f3modo que vivi\u00f3 Cornejo y que caus\u00f3 repercusi\u00f3n a nivel nacional fue el caso del diputado y&nbsp;exintendente de Rivadavia Miguel Ronco, quien sesion\u00f3 desde un playa en el Caribe, generando pol\u00e9mica en las filas del frente Cambia Mendoza y hasta un cambio en el reglamento interno del cuerpo legislativo.<\/li>\n\n\n\n<li>Su apoyo al DNU y a la ley \u00f3mnibus: &#8220;Hay conversaciones con el Gobierno nacional, pero no participamos en la definici\u00f3n de estos proyectos. Los 10 gobernadores de JxC queremos darle la derecha al Gobierno en esta primera etapa de su funcionamiento.\u00a0En l\u00edneas generales, creo que hay que apoyar ambas iniciativas, tanto el\u00a0DNU\u00a0como el megaproyecto de la\u00a0ley \u00f3mnibus&#8221;, manifest\u00f3\u00a0<strong>Alfredo Cornejo<\/strong><em><strong>.<\/strong><\/em> El gobernador repas\u00f3 el Decreto de Necesidad de Urgencia (DNU)\u00a0y opin\u00f3 que &#8220;quienes no quieren apoyar el cambio del modelo econ\u00f3mico, ponen mucho \u00e9nfasis en las formas. Quienes s\u00ed, ponemos \u00e9nfasis en el fondo. Al poner \u00e9nfasis en las formas nos estamos olvidando de las cosas que se quieren modificar. En mi opini\u00f3n, las modificaciones que plantea nos son tan profundas&#8221;.<\/li>\n\n\n\n<li>Detectaron que 97 estatales mendocinos cobraban el plan&nbsp;Potenciar Trabajo y les quitaron el beneficio social:&nbsp;la decisi\u00f3n se tom\u00f3 en base al informe remitido por&nbsp;la Unidad Fiscal para la Investigaci\u00f3n de Delitos relativos a la Seguridad Social (UFISeS) en el cual se determina la identidad de personas detectadas en posible infracci\u00f3n.&nbsp;El fiscal Guillermo Marijuan hab\u00eda solicitado en noviembre pasado las bases de datos de los trabajadores estatales de las 23 provincias y la Ciudad, a fin de cruzarlas con el padr\u00f3n del&nbsp;plan social. Seg\u00fan la informaci\u00f3n remitida por la secretar\u00eda Legal&nbsp;y T\u00e9cnica del Ministerio de Gobierno de Mendoza, hubo&nbsp;97 personas en infracci\u00f3n.<\/li>\n\n\n\n<li>Un cornejista asumi\u00f3 como presidente del Comit\u00e9 radical en Mendoza: se trata de Andr\u00e9s &#8220;Peti&#8221; Lombardi, presidente de la C\u00e1mara de Diputados local y hombre cercano al gobernador.<\/li>\n\n\n\n<li>Retenciones\u00a0al vino: Naci\u00f3n incluy\u00f3 en la ley \u00f3mnibus que la industria vitivin\u00edcola pague 8% en concepto de retenciones.\u00a0<strong>Alfredo Cornejo\u00a0<\/strong>se mostr\u00f3 reacio e intent\u00f3 &#8220;destrabar&#8221; la situaci\u00f3n al enviar a Buenos Aires a su ministro de Producci\u00f3n, Rodolfo Vargas Arizu, para as\u00ed manifestar la postura de Mendoza, junto a funcionarios de San Juan y de la Coviar. La respuesta no fue favorable y, pese a los argumentos puestos sobre la mesa, se avanzar\u00e1\u00a0con el planteo en el Congreso. Ahora resta saber c\u00f3mo votar\u00e1n los 10 diputados y 3 senadores mendocinos, considerando las intensas negociaciones que habr\u00e1 en el medio en torno a cada ley.<\/li>\n\n\n\n<li>Extensi\u00f3n de contratos hasta marzo,\u00a0pero con la advertencia de un ajuste del 20% en marzo: el gobernador\u00a0Alfredo Cornejo\u00a0dispuso la continuidad autom\u00e1tica hasta el 29 de febrero de 2024 todos los\u00a0contratados\u00a0cuyos v\u00ednculos venc\u00edan el 31 de diciembre de 2023. Sin embargo, tambi\u00e9n determin\u00f3 que desde el 1 de marzo todas las jurisdicciones del Poder Ejecutivo tendr\u00e1n que adoptar las medidas necesarias para realizar \u201cun ahorro, como m\u00ednimo, del 20% del costo presupuestario, devengado con base en diciembre del 2023\u201d.<\/li>\n\n\n\n<li>Se encienden las alarmas en lo que refiere a recaudaci\u00f3n:&nbsp;la recaudaci\u00f3n real de los impuestos locales y la coparticipaci\u00f3n cayeron dram\u00e1ticamente. Incluso se deteriora el principal capital que tiene la Provincia, pues la inflaci\u00f3n afecta incluso a los ahorros en d\u00f3lares. En los datos que releva el ministro de Hacienda, V\u00edctor Fayad, resalta que solo contando los fondos nacionales que llegan por coparticipaci\u00f3n (transferencias autom\u00e1ticas) la ca\u00eda en el primer mes de Javier Milei como presidente fue brutal: la Provincia recibi\u00f3 un 23% menos en diciembre de 2023 que un a\u00f1o antes. Presupuestado&nbsp;tendr\u00e1 un 5,7% menos de coparticipaci\u00f3n, comparando con 2022 aunque por el deterioro de la actividad econ\u00f3mica el impacto ser\u00eda mayor.&nbsp;En la recaudaci\u00f3n propia tambi\u00e9n hay impactos negativos. La asunci\u00f3n del nuevo gobierno no gener\u00f3 un impulso a la econom\u00eda, sino retracci\u00f3n en la actividad. Ese dato se nota en Ingresos Brutos, el impuesto por el que m\u00e1s recauda el Gobierno porque afecta a casi todas las transacciones y actividades. En diciembre la ca\u00edda fue del 12,4%, a\u00fan cuando a nivel anual hubo un peque\u00f1o aumento.<\/li>\n\n\n\n<li>La presi\u00f3n sobre\u00a0el precio del boleto del transporte p\u00fablico en Mendoza: la \u00faltima suba del combustible en la primera semana del 2024\u00a0signific\u00f3 un golpe en el bolsillo de los argentinos que sigue teniendo marcadas consecuencias. El 27% de incremento en las naftas y la suba del tipo de cambio oficial cambia la planificaci\u00f3n del\u00a0Gobierno\u00a0respecto del costo del\u00a0transporte p\u00fablico\u00a0de la provincia. En el Ejecutivo est\u00e1n estudiando un nuevo\u00a0aumento, que se sumar\u00e1 al que ya estaba previsto para febrero, que llevar\u00e1 el\u00a0boleto\u00a0a $200. Adem\u00e1s, esa suba extra podr\u00eda no ser la \u00faltima del 2024.\u00a0El 70% de los subsidios los aporta la provincia y un 15% de la Naci\u00f3n (el resto el pasajero).<\/li>\n\n\n\n<li>El gui\u00f1o de Omar De Marchi: el lujanino, enemistado con\u00a0<strong>Cornejo<\/strong>, se convirti\u00f3 en funcionario de Javier Milei. Concretamente, se desempe\u00f1a en la Secretar\u00eda de Asuntos Parlamentarios, con el fin de lograr articulaciones entre el Ejecutivo y el Congreso. De marchi, en una entrevista,\u00a0se mostr\u00f3 abierto al di\u00e1logo con el mandatario provincial tras los momentos tensi\u00f3n vividos entre ambos en la \u00faltima campa\u00f1a electoral. &#8220;Me encantar\u00eda\u00a0poder hacer algunos aportes en funci\u00f3n de acciones que estamos viendo.\u00a0Es necesario sentarse a hablar y escuchar. Es la \u00fanica manera de ponerse de acuerdo y progresar&#8221;, dijo.<\/li>\n\n\n\n<li>A un mes de asumir, a&nbsp;<strong>Cornejo&nbsp;<\/strong>le falta anunciar segundas l\u00edneas: seg\u00fan indicaron desde el Ejecutivo, esta semana se definir\u00e1n los miembros del Ministerio de Energ\u00eda y Ambiente, conducido por Jimena Latorre, y del Ministerio de Producci\u00f3n, a cargo de Rodolfo Vargas Arizu. Se trata de las \u00e1reas &#8220;productivas&#8221;, es decir, los ministerios que tendr\u00e1n como misi\u00f3n generar las condiciones para que haya inversi\u00f3n privada en la provincia.&nbsp;La presentaci\u00f3n de las segundas l\u00edneas del Gabinete provincial ha sido escalonada durante las \u00faltimas cuatro semanas. El gobernador ha dilatado los anuncios de los integrantes de las diferentes carteras, tras la reestructuraci\u00f3n del organigrama del Gobierno provincial con el traspaso y fusi\u00f3n de diferentes dependencias. Tambi\u00e9n se esperan cambios en la estructura interna del Instituto Provincial de la Vivienda (IPV).<\/li>\n<\/ul>\n\n\n\n<p>FUENTE: Mdzonline.<\/p>\n","protected":false},"excerpt":{"rendered":"<p>Este martes 9 de enero se cumple un mes desde que Alfredo Cornejo regres\u00f3 al poder. Los cambios a nivel nacional produjeron un inicio plagado de acontecimientos que marcaron la agenda mendocina. Alfredo Cornejo\u00a0cumple un mes como gobernador de Mendoza, cargo para el cual fue electo por segunda vez, luego de haber cumplido su primer [&hellip;]<\/p>\n","protected":false},"author":2,"featured_media":4386,"comment_status":"open","ping_status":"open","sticky":true,"template":"","format":"standard","meta":[],"categories":[47],"tags":[],"_links":{"self":[{"href":"https:\/\/pasaenmendoza.com\/index.php?rest_route=\/wp\/v2\/posts\/4385"}],"collection":[{"href":"https:\/\/pasaenmendoza.com\/index.php?rest_route=\/wp\/v2\/posts"}],"about":[{"href":"https:\/\/pasaenmendoza.com\/index.php?rest_route=\/wp\/v2\/types\/post"}],"author":[{"embeddable":true,"href":"https:\/\/pasaenmendoza.com\/index.php?rest_route=\/wp\/v2\/users\/2"}],"replies":[{"embeddable":true,"href":"https:\/\/pasaenmendoza.com\/index.php?rest_route=%2Fwp%2Fv2%2Fcomments&post=4385"}],"version-history":[{"count":1,"href":"https:\/\/pasaenmendoza.com\/index.php?rest_route=\/wp\/v2\/posts\/4385\/revisions"}],"predecessor-version":[{"id":4387,"href":"https:\/\/pasaenmendoza.com\/index.php?rest_route=\/wp\/v2\/posts\/4385\/revisions\/4387"}],"wp:featuredmedia":[{"embeddable":true,"href":"https:\/\/pasaenmendoza.com\/index.php?rest_route=\/wp\/v2\/media\/4386"}],"wp:attachment":[{"href":"https:\/\/pasaenmendoza.com\/index.php?rest_route=%2Fwp%2Fv2%2Fmedia&parent=4385"}],"wp:term":[{"taxonomy":"category","embeddable":true,"href":"https:\/\/pasaenmendoza.com\/index.php?rest_route=%2Fwp%2Fv2%2Fcategories&post=4385"},{"taxonomy":"post_tag","embeddable":true,"href":"https:\/\/pasaenmendoza.com\/index.php?rest_route=%2Fwp%2Fv2%2Ftags&post=4385"}],"curies":[{"name":"wp","href":"https:\/\/api.w.org\/{rel}","templated":true}]}}