{"id":4388,"date":"2024-01-09T12:51:49","date_gmt":"2024-01-09T11:51:49","guid":{"rendered":"https:\/\/pasaenmendoza.com\/?p=4388"},"modified":"2024-01-09T12:51:51","modified_gmt":"2024-01-09T11:51:51","slug":"a-un-mes-de-la-asuncion-de-milei-en-mendoza-aun-hay-directores-peronistas-en-pami-y-vialidad","status":"publish","type":"post","link":"https:\/\/pasaenmendoza.com\/?p=4388","title":{"rendered":"A un mes de la asunci\u00f3n de Milei, en Mendoza a\u00fan hay directores peronistas en PAMI y Vialidad"},"content":{"rendered":"\n<p>A un mes de haber llegado al poder,<strong>\u00a0Javier Milei<\/strong>\u00a0-quien desde este lunes reside en Casa Rosada-\u00a0todav\u00eda no designa funcionarios para varios organismos oficiales en todo el pa\u00eds. En algunos casos, como ANSES y el INV, eso ha significado que en dependencias de Mendoza la plantilla quede ac\u00e9fala o al menos sin un referente claro. En otros, directamente sus referentes no han renunciado, por lo que siguen comandando organismos como<strong>\u00a0PAMI y Vialidad Nacional<\/strong>\u00a0en pleno gobierno libertario, a pesar de ser del\u00a0<strong>PJ<\/strong>. Es el caso de\u00a0<strong>Mart\u00edn Sevilla\u00a0<\/strong>y<strong>\u00a0Guillermo Amstutz.<\/strong><\/p>\n\n\n\n<p><strong>&#8220;Voy a hacer m\u00e1s peronismo que nunca.<\/strong>\u00a0Eso es lo que voy a hacer&#8221;, contest\u00f3 Guillermo Amstutz, actual titular de Vialidad, ante la consulta de<strong>\u00a0Diario UNO<\/strong>\u00a0sobre su futuro. &#8220;Pero sin ning\u00fan tipo de cargo, sino simplemente saliendo a militar. Porque lo que viene\u00a0<strong>no es lindo para el futuro\u00a0<\/strong>de mis nietos y algo hay que hacer&#8221;, complet\u00f3.<\/p>\n\n\n\n<p>Amstutz\u00a0<strong>est\u00e1 en ese lugar desde 2020,<\/strong>\u00a0cuando la gesti\u00f3n de Alberto Fern\u00e1ndez en el pa\u00eds todav\u00eda era nueva. Fue\u00a0<strong>nombrado en plena pandemia de coronavirus; cuando el entonces mandatario hab\u00eda escalado a un 80% de imagen positiva;\u00a0<\/strong>la que luego terminar\u00eda desplom\u00e1ndose hasta llegar casi la misma cifra, pero en rojo. Fue impulsado por el sector de\u00a0<strong>Anabel Fern\u00e1ndez Sagasti\u00a0<\/strong>en septiembre de ese a\u00f1o y confirmado en el Cuarto Distrito, que incluye a Mendoza.<\/p>\n\n\n\n<p>Cuatro a\u00f1os despu\u00e9s, lo que lo mantiene en su lugar es la indefinici\u00f3n que hay a nivel pa\u00eds. El Gobierno todav\u00eda est\u00e1 esperando para hacer la transici\u00f3n y&nbsp;<strong>no hay datos oficiales,<\/strong>&nbsp;ni respecto a qui\u00e9n pueda hacerse cargo, ni tampoco en torno a la pol\u00edtica que enarbolar\u00e1 el organismo desde este 2024. Sobre lo primero, s\u00f3lo se ha dicho -en los pasillos de<strong>&nbsp;Casa Rosada<\/strong>&#8211; que suena&nbsp;<strong>Javier Iguacel, ex funcioanrio de Mauricio Macri.<\/strong><\/p>\n\n\n\n<p>De todos modos,\u00a0<strong>Amstutz trabaj\u00f3 s\u00f3lo las dos primeras semanas de la gesti\u00f3n libertaria<\/strong>, porque se tom\u00f3 licencia desde el 25 de diciembre hasta este viernes 5 de enero. Reci\u00e9n este lunes por la ma\u00f1ana retom\u00f3 sus labores. Sobre su futuro, dijo: &#8220;Yo voy a presentar la renuncia cuando est\u00e9n los nombres.\u00a0<strong>Lo que no voy a hacer es dejar esto ac\u00e9falo.<\/strong>\u00a0De todos modos, para Mendoza es m\u00e1s importante la pol\u00edtica que se tome, antes que el apellido de quien se siente en la silla&#8221;, opin\u00f3.<\/p>\n\n\n\n<h2 class=\"wp-block-heading\">Vialidad y la obra p\u00fablica<\/h2>\n\n\n\n<p>En torno a la postura que tendr\u00e1 Vialidad, su futuro estar\u00e1 marcado por lo que ya ha anunciado el\u00a0<strong>Presidente\u00a0<\/strong>desde los tiempos de la campa\u00f1a: que no habr\u00e1 obra p\u00fablica y que<strong>\u00a0s\u00f3lo se continuar\u00e1 con proyectos ya licitados.<\/strong>\u00a0De todos modos, el sector de la construcci\u00f3n a\u00fan espera un<strong>\u00a0&#8220;reblandecimiento&#8221; de Milei en ese sentido:\u00a0<\/strong>que cambie de parecer y anuncie excepciones a tal directriz.<\/p>\n\n\n\n<p>Oficialmente afirman que en Mendoza, las obras que&nbsp;<strong>dependen de Naci\u00f3n<\/strong>&nbsp;est\u00e1n a un rimo casi m\u00ednimo del 10%. Antes de las elecciones, de todos modos, fuentes del rubro<strong>&nbsp;explicaron a Diario UNO que no ven\u00edan movi\u00e9ndose a m\u00e1s del 50%<\/strong>. &#8220;Con la inflaci\u00f3n de los \u00faltimos meses, es imposible pensar en que las obras grandes de la provincia tengan inversiones menores a los<strong>&nbsp;500 millones de pesos&#8221;,<\/strong>&nbsp;explicaron.<\/p>\n\n\n\n<p>Amstutz aport\u00f3 a ese panorama: &#8220;En las dos primeras semanas desde que lleg\u00f3 Milei, todas las empresas constructoras le dieron\u00a0<strong>licencia<\/strong>\u00a0a su personal. Este a\u00f1o\u00a0<strong>le dieron 21 d\u00edas de licencia, cuando lo normal es que se les d\u00e9 15,<\/strong>\u00a0solamente, para mantener el ritmo&#8221;, se\u00f1al\u00f3.<\/p>\n\n\n\n<h2 class=\"wp-block-heading\">Sevilla, al frente de PAMI<\/h2>\n\n\n\n<p>El pr\u00f3ximo 22 de enero se cumplir\u00e1n<strong>\u00a0cuatro a\u00f1os desde que el abogado Mart\u00edn Sevilla fue proclamado como director ejecutivo del PAMI en Mendoza.<\/strong>\u00a0Fue en un acto del que participaron sus\u00a0<strong>pares de otras tres provincias<\/strong>\u00a0y donde recibi\u00f3 las felicitaciones p\u00fablicas de su ex jefa: la entonces titular del organismo,\u00a0<strong>Luana Volnovich<\/strong>. Por el momento no tiene un sucesor a la vista, pero permanece en el cargo, seg\u00fan explican en su entorno, para dar una mano en la transici\u00f3n y\u00a0<strong>no generar una acefal\u00eda<\/strong>\u00a0que podr\u00eda ser perjudicial para los jubilados.<\/p>\n\n\n\n<p>El funcionario s\u00ed se despidi\u00f3 en redes sociales y dijo que&nbsp;<strong>&#8220;fueron cuatro a\u00f1os hermosos&#8221;.&nbsp;<\/strong>En su posteo, subido a algunos de sus perfiles personales, afirm\u00f3 que los grandes ejes de su gesti\u00f3n -vinculadas con lo dispuesto a nivel pa\u00eds-<strong>&nbsp;fueron los de medicamentos gratis y de la &#8220;Libertad de Elegir&#8221;<\/strong>, que hac\u00eda que los beneficiarios pudiesen optar por sus especialistas y por sus centros de diagn\u00f3stico por im\u00e1genes, entre otras caracter\u00edsticas.<\/p>\n\n\n\n<p>A diferencia suya, s\u00ed hubo ex funcionarios peronistas que se fueron de la gesti\u00f3n al asumir el libertario. Es el caso de<strong>&nbsp;Gonzalo Navarro,<\/strong>&nbsp;peronista del sector de los hermanos Bermejo, que estaba en el Ministerio de Trabajo;&nbsp;<strong>Carlos Gallo<\/strong>, que estuvo a cargo de la ANSES en Mendoza ; y de&nbsp;<strong>Mart\u00edn Hinojosa, quien se desempe\u00f1aba en el INV.<\/strong>&nbsp;A ellos se suma&nbsp;<strong>Juan Manuel Lucero,&nbsp;<\/strong>que estuvo en&nbsp;<strong>Migraciones,&nbsp;<\/strong>entre otros.<\/p>\n\n\n\n<p>Sevilla&nbsp;<strong>pertenece al peronismo y le gan\u00f3 la pulseada a otro justicialista&nbsp;<\/strong>que asomaba para tomar el mismo lugar en aquel momento: el m\u00e9dico<strong>&nbsp;Jorge Pujol,&nbsp;<\/strong>que despu\u00e9s se desprendi\u00f3 del partido y&nbsp;<strong>fue candidato de Compromiso Federal,&nbsp;<\/strong>aunque en los \u00faltimos a\u00f1os volvi\u00f3 a acercarse al movimiento.<\/p>\n\n\n\n<p>A su vez, el actual titular del<strong>\u00a0PAMI hab\u00eda sido aspirante a la intendencia de Capital en 2019,<\/strong>\u00a0cuando gan\u00f3 la interna a Guillermo Carmona para finalmente quedar en segundo puesto, d<strong>etr\u00e1s de Ulpiano Suarez.<\/strong>\u00a0Adem\u00e1s, actualmente su padre\u00a0<strong>Oscar\u00a0<\/strong>es diputado provincial por Cambia Mendoza, habiendo llegado por la lista de\u00a0<strong>Luis Petri.<\/strong><\/p>\n\n\n\n<p>FUENTE: Diariuno.com.ar<\/p>\n","protected":false},"excerpt":{"rendered":"<p>A un mes de haber llegado al poder,\u00a0Javier Milei\u00a0-quien desde este lunes reside en Casa Rosada-\u00a0todav\u00eda no designa funcionarios para varios organismos oficiales en todo el pa\u00eds. En algunos casos, como ANSES y el INV, eso ha significado que en dependencias de Mendoza la plantilla quede ac\u00e9fala o al menos sin un referente claro. En [&hellip;]<\/p>\n","protected":false},"author":2,"featured_media":4389,"comment_status":"open","ping_status":"open","sticky":true,"template":"","format":"standard","meta":[],"categories":[47],"tags":[],"_links":{"self":[{"href":"https:\/\/pasaenmendoza.com\/index.php?rest_route=\/wp\/v2\/posts\/4388"}],"collection":[{"href":"https:\/\/pasaenmendoza.com\/index.php?rest_route=\/wp\/v2\/posts"}],"about":[{"href":"https:\/\/pasaenmendoza.com\/index.php?rest_route=\/wp\/v2\/types\/post"}],"author":[{"embeddable":true,"href":"https:\/\/pasaenmendoza.com\/index.php?rest_route=\/wp\/v2\/users\/2"}],"replies":[{"embeddable":true,"href":"https:\/\/pasaenmendoza.com\/index.php?rest_route=%2Fwp%2Fv2%2Fcomments&post=4388"}],"version-history":[{"count":1,"href":"https:\/\/pasaenmendoza.com\/index.php?rest_route=\/wp\/v2\/posts\/4388\/revisions"}],"predecessor-version":[{"id":4390,"href":"https:\/\/pasaenmendoza.com\/index.php?rest_route=\/wp\/v2\/posts\/4388\/revisions\/4390"}],"wp:featuredmedia":[{"embeddable":true,"href":"https:\/\/pasaenmendoza.com\/index.php?rest_route=\/wp\/v2\/media\/4389"}],"wp:attachment":[{"href":"https:\/\/pasaenmendoza.com\/index.php?rest_route=%2Fwp%2Fv2%2Fmedia&parent=4388"}],"wp:term":[{"taxonomy":"category","embeddable":true,"href":"https:\/\/pasaenmendoza.com\/index.php?rest_route=%2Fwp%2Fv2%2Fcategories&post=4388"},{"taxonomy":"post_tag","embeddable":true,"href":"https:\/\/pasaenmendoza.com\/index.php?rest_route=%2Fwp%2Fv2%2Ftags&post=4388"}],"curies":[{"name":"wp","href":"https:\/\/api.w.org\/{rel}","templated":true}]}}