{"id":4391,"date":"2024-01-09T12:56:15","date_gmt":"2024-01-09T11:56:15","guid":{"rendered":"https:\/\/pasaenmendoza.com\/?p=4391"},"modified":"2024-01-09T12:56:17","modified_gmt":"2024-01-09T11:56:17","slug":"anabel-fernandez-sagasti-cornejo-arranco-la-gestion-mas-preocupado-por-quedar-bien-con-milei-que-por-resolver-los-problemas-de-mendoza","status":"publish","type":"post","link":"https:\/\/pasaenmendoza.com\/?p=4391","title":{"rendered":"Anabel Fern\u00e1ndez Sagasti: &#8220;Cornejo arranc\u00f3 la gesti\u00f3n m\u00e1s preocupado por quedar bien con Milei que por resolver los problemas de Mendoza&#8221;"},"content":{"rendered":"\n<p>La senadora nacional\u00a0<strong>Anabel Fern\u00e1ndez Sagasti\u00a0<\/strong>brind\u00f3 una entrevista en la cual hizo menci\u00f3n a los temas m\u00e1s calientes de la agenda pol\u00edtica, en medio de un verano que parece no dar respiro en lo que respecta a los vaivenes que atraviesa la Argentina. En la C\u00e1mara alta, la legisladora mendocina forma parte de la mesa chica de Uni\u00f3n por la Patria (en el Congreso se sigue llamando Frente de Todos) y, en ese orden, se mostr\u00f3 muy cr\u00edtica con el Decreto de Necesidad y Urgencia (DNU) y la ley \u00f3mnibus del presidente Javier Milei al asegurar que existen &#8220;inconstitucionalidades&#8221;.\u00a0<\/p>\n\n\n\n<p>Adem\u00e1s, apunt\u00f3 contra el gobernador de la provincia,\u00a0<strong>Alfredo Cornejo<\/strong>, y sostuvo que &#8220;arranc\u00f3 la gesti\u00f3n m\u00e1s preocupado por quedar bien con Javier Milei que por resolver los problemas de Mendoza&#8221;. A la hora de hablar del proyecto para subir a 8% las retenciones al vino- el cual ser\u00e1 tratado en el Congreso junto con otro paquete de leyes-, se\u00f1al\u00f3 que existe &#8220;una oportunidad para que todos demostremos que defendemos a la provincia m\u00e1s all\u00e1 de las pertenencias partidarias&#8221;.<\/p>\n\n\n\n<p><strong>&#8211; \u00bfLe preocupa la actual situaci\u00f3n de la Argentina?<\/strong><br>Estoy preocupada, como todos. Los argentinos ya la ven\u00edamos pasando mal y ahora tenemos un presidente que nos plantea que hay que sufrir los pr\u00f3ximos 15 a\u00f1os para poder empezar a dejar de sufrir. Es medio raro. O perverso&#8230; No lo s\u00e9. &nbsp;Yo no creo que tengamos que naturalizar la idea de sufrir para alg\u00fan d\u00eda estar mejor. A los argentinos ya nos vendieron eso muchas veces y siempre sali\u00f3 mal.&nbsp;<\/p>\n\n\n\n<p><strong>&#8211; \u00bfC\u00f3mo ve el pa\u00eds en tres meses ?<\/strong><br>Quisiera ser optimista, pero es dif\u00edcil. Ni el propio gobierno lo es, ni nos da esperanza. Nos dice que viene peor. Entonces, si el que comanda el barco te dice que viene peor, \u00bfqu\u00e9 vas a esperar?&nbsp;<\/p>\n\n\n\n<p><strong>&#8211; \u00bfQu\u00e9 opina de la Ley \u00f3mnibus y del DNU de Javier Milei?<\/strong><br>Ante todo el DNU es inconstitucional. Mi preocupaci\u00f3n es que est\u00e1n pensando un pa\u00eds sin la gente adentro. Sin el ciudadano de a pie y sus problemas. No se puede gobernar para todos menos para la gente. La ley y el DNU tienen un apartado para todos, menos para la gente. Empresarios, financistas, mercado, pero el tipo de a pie con sus problemas&#8230; \u00a1afuera! El DNU tiene cosas interesantes para debatir, pero la forma que eligi\u00f3 es d\u00e9spota. Ya se est\u00e1 viendo que es inconstitucional, avasalla a la Rep\u00fablica y pisotea al Congreso.&nbsp;<\/p>\n\n\n\n<p>De la ley \u00f3mnibus me preocupa, sobre todo, el paso del Fondo de Sustentabilidad de la Administraci\u00f3n Nacional de la Seguridad Social (Anses) al Tesoro Nacional. Esto significa, b\u00e1sicamente, que el Gobierno se est\u00e1 rifando las jubilaciones de hoy y las del futuro. La retenciones al vino es una marcha atr\u00e1s que debemos evitar.&nbsp;<\/p>\n\n\n\n<p>Hay algunas cosas en las que estoy de acuerdo, como los juicios por jurado, que fue una ley de mi autor\u00eda en Mendoza, o la obligatoriedad de que los extranjeros no residentes en Argentina paguen por la educaci\u00f3n universitaria. Pero al transformarla en una ley \u00f3mnibus donde se mezclan todos los temas, se hace dif\u00edcil porque lo principal opaca lo accesorio.&nbsp;<\/p>\n\n\n\n<p><strong>&#8211; \u00bfQu\u00e9 opini\u00f3n tiene de Javier Milei?<\/strong><br>Que est\u00e1 realizando un ajuste neoliberal cl\u00e1sico. El liberalismo que nos prometi\u00f3 en campa\u00f1a es solo para sus amigos y los grandes empresarios. Que nos dijo que ven\u00eda a combatir a la casta y, por ahora, s\u00f3lo combati\u00f3 a la clase media, a los trabajadores y a los jubilados.<\/p>\n\n\n\n<p><strong>\u00a0&#8211; \u00bfY de Alfredo Cornejo?<\/strong><br>Arranc\u00f3 la gesti\u00f3n m\u00e1s preocupado por quedar bien con Milei que por resolver los problemas de Mendoza. No se puede gobernar a base de encuestas y focus group. Lo veo ausente, inmiscuido en la rosca nacional pero no en la gesti\u00f3n del d\u00eda y a d\u00eda. Y los problemas se acumulan. Y, por ahora, de ideas o una impronta de nueva gesti\u00f3n, \u00a1\u00a1cero!!<\/p>\n\n\n\n<p><strong>&nbsp;&#8211; \u00bfQu\u00e9 le dice la gente en la calle?<\/strong><br>La gente est\u00e1&nbsp;con miedo. Incertidumbre. Ten\u00eda miedo antes, y ahora est\u00e1&nbsp;confirmando sus miedos.&nbsp;Muchos me piden firmeza y garra para luchar contra el DNU. Otros, que seamos prudentes y lo dejemos a Milei gobernar sin decir nada. Yo les digo a todos lo mismo: mi compromiso es trabajar, estudiar y defender a Mendoza primero. Tambi\u00e9n&nbsp;las convicciones que me llevaron al lugar donde estoy gracias al voto popular. Honestidad intelectual le suelen decir, que hoy suele escasear como en cada cambio de gobierno. Algunos cambian de ideas como el camale\u00f3n por inter\u00e9s cada vez que cambia el gobierno. No ser\u00e1&nbsp;mi caso.&nbsp;<strong>&nbsp;<\/strong><\/p>\n\n\n\n<p><strong>&#8211; \u00bfUsted se tomar\u00e1 vacaciones?<\/strong><br>No, estamos en actividad en el Congreso Nacional. Estamos trabajando mucho as\u00ed que no hay vacaciones en mente. Ser\u00e1 para otro momento.<\/p>\n\n\n\n<p><strong>&nbsp;&#8211; \u00bfHace ajustes en la econom\u00eda de su hogar? \u00bfCu\u00e1les?<\/strong><br>S\u00ed, como todos. &nbsp;Busco ofertas, aprovecho descuentos con las tarjetas. Con mi familia hacemos compras comunitarias en la feria, por ejemplo, en el caso de frutas, verduras y despu\u00e9s nos dividimos la mercader\u00eda, lo cual recomiendo mucho.&nbsp;<\/p>\n\n\n\n<p><strong>&#8211; \u00bfCu\u00e1l es el dirigente pol\u00edtico o la pol\u00edtica con qui\u00e9n usted tiene m\u00e1s di\u00e1logo?<\/strong><br>En estos tiempos la situaci\u00f3n nos demanda amplitud y di\u00e1logo, por lo que estoy en contacto con todos los espacios pol\u00edticos, sobre todo los que tienen representaci\u00f3n en el Senado, donde me toca trabajar. Tengo mayor afinidad con dirigentes de mi partido. Lo mismo ocurre en Mendoza, donde intento mantener contacto fluido con todos los sectores, especialmente dentro del peronismo.<\/p>\n\n\n\n<p><strong>&#8211; \u00bfQu\u00e9 postura debe adoptar Mendoza frente al Gobierno nacional ?<\/strong><br>Creo que los legisladores mendocinos deber\u00edamos tener una estrategia com\u00fan para defender el desarrollo y la producci\u00f3n mendocina. El intento de Milei de imponer las retenciones al vino, por ejemplo, es una oportunidad para que todos demostremos que defendemos a la provincia m\u00e1s all\u00e1 de las pertenencias partidarias. En ese camino me encontrar\u00e1n, o intentando buscarlo como m\u00ednimo.<\/p>\n\n\n\n<p>FUENTE: MDZonline.<\/p>\n","protected":false},"excerpt":{"rendered":"<p>La senadora nacional\u00a0Anabel Fern\u00e1ndez Sagasti\u00a0brind\u00f3 una entrevista en la cual hizo menci\u00f3n a los temas m\u00e1s calientes de la agenda pol\u00edtica, en medio de un verano que parece no dar respiro en lo que respecta a los vaivenes que atraviesa la Argentina. En la C\u00e1mara alta, la legisladora mendocina forma parte de la mesa chica [&hellip;]<\/p>\n","protected":false},"author":2,"featured_media":4393,"comment_status":"open","ping_status":"open","sticky":true,"template":"","format":"standard","meta":[],"categories":[47],"tags":[],"_links":{"self":[{"href":"https:\/\/pasaenmendoza.com\/index.php?rest_route=\/wp\/v2\/posts\/4391"}],"collection":[{"href":"https:\/\/pasaenmendoza.com\/index.php?rest_route=\/wp\/v2\/posts"}],"about":[{"href":"https:\/\/pasaenmendoza.com\/index.php?rest_route=\/wp\/v2\/types\/post"}],"author":[{"embeddable":true,"href":"https:\/\/pasaenmendoza.com\/index.php?rest_route=\/wp\/v2\/users\/2"}],"replies":[{"embeddable":true,"href":"https:\/\/pasaenmendoza.com\/index.php?rest_route=%2Fwp%2Fv2%2Fcomments&post=4391"}],"version-history":[{"count":1,"href":"https:\/\/pasaenmendoza.com\/index.php?rest_route=\/wp\/v2\/posts\/4391\/revisions"}],"predecessor-version":[{"id":4394,"href":"https:\/\/pasaenmendoza.com\/index.php?rest_route=\/wp\/v2\/posts\/4391\/revisions\/4394"}],"wp:featuredmedia":[{"embeddable":true,"href":"https:\/\/pasaenmendoza.com\/index.php?rest_route=\/wp\/v2\/media\/4393"}],"wp:attachment":[{"href":"https:\/\/pasaenmendoza.com\/index.php?rest_route=%2Fwp%2Fv2%2Fmedia&parent=4391"}],"wp:term":[{"taxonomy":"category","embeddable":true,"href":"https:\/\/pasaenmendoza.com\/index.php?rest_route=%2Fwp%2Fv2%2Fcategories&post=4391"},{"taxonomy":"post_tag","embeddable":true,"href":"https:\/\/pasaenmendoza.com\/index.php?rest_route=%2Fwp%2Fv2%2Ftags&post=4391"}],"curies":[{"name":"wp","href":"https:\/\/api.w.org\/{rel}","templated":true}]}}