{"id":4392,"date":"2024-01-09T13:08:59","date_gmt":"2024-01-09T12:08:59","guid":{"rendered":"https:\/\/pasaenmendoza.com\/?p=4392"},"modified":"2024-01-09T13:09:01","modified_gmt":"2024-01-09T12:09:01","slug":"el-tiempo-en-mendoza-martes-caluroso-y-con-tormentas-aisladas","status":"publish","type":"post","link":"https:\/\/pasaenmendoza.com\/?p=4392","title":{"rendered":"El tiempo en Mendoza: martes caluroso y con tormentas aisladas"},"content":{"rendered":"\n<p>El&nbsp;<strong>martes<\/strong>&nbsp;arranca caluroso con nubosidad variable, tormentas aisladas y vientos moderados del sudeste.&nbsp;<mark>La m\u00ednima ser\u00e1 de 23 grados y la m\u00e1xima de 33.<\/mark><\/p>\n\n\n\n<p>Parar el&nbsp;<strong>mi\u00e9rcoles<\/strong>, la&nbsp;<strong>Direcci\u00f3n de Contingencias Clim\u00e1ticas<\/strong>&nbsp;indica: \u201cCielo parcialmente nublado con tormentas aisladas y poco cambio de la temperatura, vientos moderados del sudeste\u201d.&nbsp;<mark>La m\u00ednima ser\u00e1 de 22 grados y la m\u00e1xima de 34.<\/mark><\/p>\n\n\n\n<p>El Servicio Meteorol\u00f3gico Nacional (SMN) emiti\u00f3 un alerta amarillo por tormentas para este d\u00eda en parte del territorio provincial.<\/p>\n\n\n\n<p><em>\u201cEl \u00e1rea ser\u00e1 afectada por tormentas, algunas localmente fuertes. Las mismas pueden estar acompa\u00f1adas por r\u00e1fagas intensas, importante actividad el\u00e9ctrica,\u00a0<strong>ca\u00edda de<\/strong>\u00a0<strong>granizo\u00a0<\/strong>y abundante ca\u00edda de agua en cortos per\u00edodos de tiempo. Se prev\u00e9n valores de precipitaci\u00f3n acumulada entre 20 y 40 mm, pudiendo ser superados en forma puntual\u201d,<\/em>\u00a0indicaron.<\/p>\n\n\n\n<p>El\u00a0<strong>jueves\u00a0<\/strong>se presentar\u00e1 inestable con nubosidad variable y descenso de la temperatura, vientos leves del noreste.\u00a0<mark>La m\u00ednima ser\u00e1 de 21 grados y la m\u00e1xima de 31.<\/mark><\/p>\n\n\n\n<p><strong>La situaci\u00f3n en alta monta\u00f1a<\/strong><\/p>\n\n\n\n<p>El<strong>&nbsp;Sistema Integrado Cristo Redentor<\/strong>&nbsp;se encuentra&nbsp;<mark>habilitado<\/mark>&nbsp;para todo tipo de veh\u00edculos, durante las 24 horas.<\/p>\n\n\n\n<p>El\u00a0<strong>paso Pehuenche<\/strong>\u00a0est\u00e1\u00a0<mark>transitable<\/mark>, de 9 a 19.<\/p>\n\n\n\n<p><strong>Fuente: www.elsol.com.ar<\/strong><\/p>\n","protected":false},"excerpt":{"rendered":"<p>El&nbsp;martes&nbsp;arranca caluroso con nubosidad variable, tormentas aisladas y vientos moderados del sudeste.&nbsp;La m\u00ednima ser\u00e1 de 23 grados y la m\u00e1xima de 33. Parar el&nbsp;mi\u00e9rcoles, la&nbsp;Direcci\u00f3n de Contingencias Clim\u00e1ticas&nbsp;indica: \u201cCielo parcialmente nublado con tormentas aisladas y poco cambio de la temperatura, vientos moderados del sudeste\u201d.&nbsp;La m\u00ednima ser\u00e1 de 22 grados y la m\u00e1xima de 34. El [&hellip;]<\/p>\n","protected":false},"author":2,"featured_media":4398,"comment_status":"open","ping_status":"open","sticky":false,"template":"","format":"standard","meta":[],"categories":[52],"tags":[],"_links":{"self":[{"href":"https:\/\/pasaenmendoza.com\/index.php?rest_route=\/wp\/v2\/posts\/4392"}],"collection":[{"href":"https:\/\/pasaenmendoza.com\/index.php?rest_route=\/wp\/v2\/posts"}],"about":[{"href":"https:\/\/pasaenmendoza.com\/index.php?rest_route=\/wp\/v2\/types\/post"}],"author":[{"embeddable":true,"href":"https:\/\/pasaenmendoza.com\/index.php?rest_route=\/wp\/v2\/users\/2"}],"replies":[{"embeddable":true,"href":"https:\/\/pasaenmendoza.com\/index.php?rest_route=%2Fwp%2Fv2%2Fcomments&post=4392"}],"version-history":[{"count":1,"href":"https:\/\/pasaenmendoza.com\/index.php?rest_route=\/wp\/v2\/posts\/4392\/revisions"}],"predecessor-version":[{"id":4399,"href":"https:\/\/pasaenmendoza.com\/index.php?rest_route=\/wp\/v2\/posts\/4392\/revisions\/4399"}],"wp:featuredmedia":[{"embeddable":true,"href":"https:\/\/pasaenmendoza.com\/index.php?rest_route=\/wp\/v2\/media\/4398"}],"wp:attachment":[{"href":"https:\/\/pasaenmendoza.com\/index.php?rest_route=%2Fwp%2Fv2%2Fmedia&parent=4392"}],"wp:term":[{"taxonomy":"category","embeddable":true,"href":"https:\/\/pasaenmendoza.com\/index.php?rest_route=%2Fwp%2Fv2%2Fcategories&post=4392"},{"taxonomy":"post_tag","embeddable":true,"href":"https:\/\/pasaenmendoza.com\/index.php?rest_route=%2Fwp%2Fv2%2Ftags&post=4392"}],"curies":[{"name":"wp","href":"https:\/\/api.w.org\/{rel}","templated":true}]}}