{"id":4403,"date":"2024-01-09T13:17:13","date_gmt":"2024-01-09T12:17:13","guid":{"rendered":"https:\/\/pasaenmendoza.com\/?p=4403"},"modified":"2024-01-09T13:17:15","modified_gmt":"2024-01-09T12:17:15","slug":"en-un-triple-choque-murio-un-motociclista-en-maipu-y-un-conductor-se-fugo","status":"publish","type":"post","link":"https:\/\/pasaenmendoza.com\/?p=4403","title":{"rendered":"En un triple choque, muri\u00f3 un motociclista en Maip\u00fa y un conductor se fug\u00f3"},"content":{"rendered":"\n<p>En una fat\u00eddica tarde<strong>, un motociclista<\/strong>\u00a0de 40 a\u00f1os\u00a0<strong>muri\u00f3<\/strong>\u00a0en un\u00a0<strong>accidente de tr\u00e1nsito en\u00a0Maip\u00fa<\/strong>. El hecho involucr\u00f3 a dos veh\u00edculos m\u00e1s.<\/p>\n\n\n\n<p>El siniestro viale ocurri\u00f3 en la intersecci\u00f3n de<strong>\u00a0Tropero Sosa y Urquiza alrededor de las 17.30 horas<\/strong>.\u00a0<\/p>\n\n\n\n<p>\u00a0Seg\u00fan el informe enviado por el Ministerio de Seguridad, el\u00a0<strong>motociclista, identificado como Julio C\u00e9sar Rivarola<\/strong>, circulaba en direcci\u00f3n sur por la segunda de las calles mencionadas, siguiendo al Fiat Palio. antes de llegar a la esquina, el conductor del autom\u00f3vil redujo la velocidad al advertir un mont\u00edculo de tierra en el camino.\u00a0 El El hombre, realiz\u00f3 una brusca maniobra con el volante, el motociclista no logr\u00f3 esquivarlos, fue rozado por el auto y por ello, no logr\u00f3 controlar la moto, pas\u00e1ndose al otro carril. Tr\u00e1gicamente, en ese preciso momento, colision\u00f3 violentamente contra un cami\u00f3n que circulaba en direcci\u00f3n norte.\u00a0\u00a0<\/p>\n\n\n\n<p>El impacto mortal y el joven del veh\u00edculo de menor falleci\u00f3 en el acto. Mientras tanto, el conductor del Fiat Palio decidi\u00f3 escapar del lugar, dejando tras de s\u00ed una escena de conmoci\u00f3n y tragedia.<\/p>\n\n\n\n<p>El fiscal de Homicidios Carlos Torres comenz\u00f3 la investigaci\u00f3n\u00a0 para determinar con precisi\u00f3n la mec\u00e1nica del accidente y dar con el paradero del conductor fugitivo.\u00a0<\/p>\n\n\n\n<p><strong>Fuente: www.mendozapost.com<\/strong><\/p>\n","protected":false},"excerpt":{"rendered":"<p>En una fat\u00eddica tarde, un motociclista\u00a0de 40 a\u00f1os\u00a0muri\u00f3\u00a0en un\u00a0accidente de tr\u00e1nsito en\u00a0Maip\u00fa. El hecho involucr\u00f3 a dos veh\u00edculos m\u00e1s. El siniestro viale ocurri\u00f3 en la intersecci\u00f3n de\u00a0Tropero Sosa y Urquiza alrededor de las 17.30 horas.\u00a0 \u00a0Seg\u00fan el informe enviado por el Ministerio de Seguridad, el\u00a0motociclista, identificado como Julio C\u00e9sar Rivarola, circulaba en direcci\u00f3n sur por [&hellip;]<\/p>\n","protected":false},"author":2,"featured_media":4404,"comment_status":"open","ping_status":"open","sticky":false,"template":"","format":"standard","meta":[],"categories":[48],"tags":[],"_links":{"self":[{"href":"https:\/\/pasaenmendoza.com\/index.php?rest_route=\/wp\/v2\/posts\/4403"}],"collection":[{"href":"https:\/\/pasaenmendoza.com\/index.php?rest_route=\/wp\/v2\/posts"}],"about":[{"href":"https:\/\/pasaenmendoza.com\/index.php?rest_route=\/wp\/v2\/types\/post"}],"author":[{"embeddable":true,"href":"https:\/\/pasaenmendoza.com\/index.php?rest_route=\/wp\/v2\/users\/2"}],"replies":[{"embeddable":true,"href":"https:\/\/pasaenmendoza.com\/index.php?rest_route=%2Fwp%2Fv2%2Fcomments&post=4403"}],"version-history":[{"count":1,"href":"https:\/\/pasaenmendoza.com\/index.php?rest_route=\/wp\/v2\/posts\/4403\/revisions"}],"predecessor-version":[{"id":4405,"href":"https:\/\/pasaenmendoza.com\/index.php?rest_route=\/wp\/v2\/posts\/4403\/revisions\/4405"}],"wp:featuredmedia":[{"embeddable":true,"href":"https:\/\/pasaenmendoza.com\/index.php?rest_route=\/wp\/v2\/media\/4404"}],"wp:attachment":[{"href":"https:\/\/pasaenmendoza.com\/index.php?rest_route=%2Fwp%2Fv2%2Fmedia&parent=4403"}],"wp:term":[{"taxonomy":"category","embeddable":true,"href":"https:\/\/pasaenmendoza.com\/index.php?rest_route=%2Fwp%2Fv2%2Fcategories&post=4403"},{"taxonomy":"post_tag","embeddable":true,"href":"https:\/\/pasaenmendoza.com\/index.php?rest_route=%2Fwp%2Fv2%2Ftags&post=4403"}],"curies":[{"name":"wp","href":"https:\/\/api.w.org\/{rel}","templated":true}]}}