{"id":4412,"date":"2024-01-09T13:58:21","date_gmt":"2024-01-09T12:58:21","guid":{"rendered":"https:\/\/pasaenmendoza.com\/?p=4412"},"modified":"2024-01-09T13:58:23","modified_gmt":"2024-01-09T12:58:23","slug":"el-intendente-de-lavalle-ratifico-la-suspension-del-festival-del-melon-y-la-sandia","status":"publish","type":"post","link":"https:\/\/pasaenmendoza.com\/?p=4412","title":{"rendered":"El intendente de Lavalle ratific\u00f3 la suspensi\u00f3n del Festival del Mel\u00f3n y la Sand\u00eda"},"content":{"rendered":"\n<p><strong>Edgardo Gonz\u00e1lez<\/strong>, intendente de Lavalle, confirm\u00f3 que\u00a0<strong>se suspendieron el Festival del Mel\u00f3n y la Sand\u00eda y el Festival del Cosechador<\/strong>\u00a0por la situaci\u00f3n econ\u00f3mica. Se resolvi\u00f3 de com\u00fan acuerdo con las entidades que llevan adelante los dos eventos. Se suman a la lista de\u00a0festivales cancelados\u00a0del 2024.<\/p>\n\n\n\n<p>Los organizadores confeccionaron un presupuesto que era de entre&nbsp;<strong>$60 millones y $75 millones por show<\/strong>. Por esta raz\u00f3n, la decisi\u00f3n del municipio fue priorizar las necesidades que hoy tiene Lavalle.<\/p>\n\n\n\n<p>En el departamento hay sectores que<strong>\u00a0no tienen agua<\/strong>, como es el caso del barrio<strong>\u00a0Santa Mar\u00eda<\/strong>\u00a0y\u00a0<strong>El<\/strong>\u00a0<strong>Carmen<\/strong>\u00a0que tienen sus pozos rotos. Adem\u00e1s, en<strong>\u00a0Jocol\u00ed los vecinos est\u00e1n tambi\u00e9n sin agua<\/strong>\u00a0la que se est\u00e1 llevando en tanques. Esta es la necesidad b\u00e1sica que buscar\u00e1n resolver cuanto antes, detall\u00f3 el responsable del municipio.<\/p>\n\n\n\n<p>Por otra parte, el Intendente remarc\u00f3 que la Fiesta de la Vendimia de Lavalle tambi\u00e9n ser\u00e1 austera, y buscar\u00e1 representar a los trabajadores lavallinos. &#8220;A la celebraci\u00f3n asisten entre 10 mil y 15 mil personas cada a\u00f1o, y se buscar\u00e1 ajustar lo mayor posible&#8221;, sostuvo Gonz\u00e1lez.<\/p>\n\n\n\n<p><strong>En todo lo que podemos ir ahorrando, lo vamos a hacer<\/strong><\/p>\n\n\n\n<p>El compromiso del municipio es realizar actividades en sus predios para juntar dinero y poder realizar los festivales en el 2025. &#8220;Ojal\u00e1 toda la situaci\u00f3n mejore y podamos estar presentes tambi\u00e9n&#8221;, analiz\u00f3.<\/p>\n\n\n\n<h2 class=\"wp-block-heading\">La incertidumbre de los festivales en Mendoza<\/h2>\n\n\n\n<p>El 29 de noviembre el intendente electo de&nbsp;<strong>Rivadavia<\/strong>, Ricardo Mansur, anunci\u00f3 que no se realizar\u00e1 el festival &#8220;<strong>Rivadavia Canta al Pa\u00eds<\/strong>&#8220;, porque s\u00f3lo dispon\u00eda de $100 millones para afrontar los gastos del show.<\/p>\n\n\n\n<p>En una primera instancia el Festival de la Tonada tambi\u00e9n iba a ser suspendido, pero el intendente de Tunuy\u00e1n,<strong>&nbsp;Emir Andraos<\/strong>,<strong>&nbsp;confirm\u00f3 que se realizar\u00e1<\/strong>. El espect\u00e1culo tendr\u00e1 cambios significativos, como el valor de las entradas, el c\u00e0non que se cobra a los kioscos y los puestos de artesanos.<\/p>\n\n\n\n<p>El festival del Chivo, de Malarg\u00fce, fue suspendido en primera instancia pero la semana pasada el intendente Celso Jaque dio marcha atr\u00e1s y resolvi\u00f3 que s\u00ed se realice, con el aporte de privados.<\/p>\n\n\n\n<p><strong>Fuente: www.diariouno.com.ar<\/strong><\/p>\n","protected":false},"excerpt":{"rendered":"<p>Edgardo Gonz\u00e1lez, intendente de Lavalle, confirm\u00f3 que\u00a0se suspendieron el Festival del Mel\u00f3n y la Sand\u00eda y el Festival del Cosechador\u00a0por la situaci\u00f3n econ\u00f3mica. Se resolvi\u00f3 de com\u00fan acuerdo con las entidades que llevan adelante los dos eventos. Se suman a la lista de\u00a0festivales cancelados\u00a0del 2024. Los organizadores confeccionaron un presupuesto que era de entre&nbsp;$60 millones [&hellip;]<\/p>\n","protected":false},"author":2,"featured_media":4413,"comment_status":"open","ping_status":"open","sticky":false,"template":"","format":"standard","meta":[],"categories":[74],"tags":[],"_links":{"self":[{"href":"https:\/\/pasaenmendoza.com\/index.php?rest_route=\/wp\/v2\/posts\/4412"}],"collection":[{"href":"https:\/\/pasaenmendoza.com\/index.php?rest_route=\/wp\/v2\/posts"}],"about":[{"href":"https:\/\/pasaenmendoza.com\/index.php?rest_route=\/wp\/v2\/types\/post"}],"author":[{"embeddable":true,"href":"https:\/\/pasaenmendoza.com\/index.php?rest_route=\/wp\/v2\/users\/2"}],"replies":[{"embeddable":true,"href":"https:\/\/pasaenmendoza.com\/index.php?rest_route=%2Fwp%2Fv2%2Fcomments&post=4412"}],"version-history":[{"count":1,"href":"https:\/\/pasaenmendoza.com\/index.php?rest_route=\/wp\/v2\/posts\/4412\/revisions"}],"predecessor-version":[{"id":4414,"href":"https:\/\/pasaenmendoza.com\/index.php?rest_route=\/wp\/v2\/posts\/4412\/revisions\/4414"}],"wp:featuredmedia":[{"embeddable":true,"href":"https:\/\/pasaenmendoza.com\/index.php?rest_route=\/wp\/v2\/media\/4413"}],"wp:attachment":[{"href":"https:\/\/pasaenmendoza.com\/index.php?rest_route=%2Fwp%2Fv2%2Fmedia&parent=4412"}],"wp:term":[{"taxonomy":"category","embeddable":true,"href":"https:\/\/pasaenmendoza.com\/index.php?rest_route=%2Fwp%2Fv2%2Fcategories&post=4412"},{"taxonomy":"post_tag","embeddable":true,"href":"https:\/\/pasaenmendoza.com\/index.php?rest_route=%2Fwp%2Fv2%2Ftags&post=4412"}],"curies":[{"name":"wp","href":"https:\/\/api.w.org\/{rel}","templated":true}]}}