{"id":4416,"date":"2024-01-09T14:07:21","date_gmt":"2024-01-09T13:07:21","guid":{"rendered":"https:\/\/pasaenmendoza.com\/?p=4416"},"modified":"2024-01-09T14:07:23","modified_gmt":"2024-01-09T13:07:23","slug":"anunciaron-que-una-parte-del-acceso-norte-estara-cortada-por-dos-meses","status":"publish","type":"post","link":"https:\/\/pasaenmendoza.com\/?p=4416","title":{"rendered":"Anunciaron que una parte del Acceso Norte estar\u00e1 cortada por dos meses"},"content":{"rendered":"\n<p>Despu\u00e9s de la\u00a0odisea que durante un a\u00f1o tuvieron que atravesar mendocinos y turistas\u00a0para circular por el Acceso Norte, ahora\u00a0<strong>vuelven a cortar el tr\u00e1nsito en una parte de esa ruta 40 que lleva al Aeropuerto<\/strong>\u00a0y a la provincia de San Juan.<\/p>\n\n\n\n<p>A menos de un a\u00f1o de haberse refaccionado,&nbsp;<strong>otra vez est\u00e1n reparando losas de hormig\u00f3n sobre el Acceso Norte que &#8220;han presentado defectos&#8221;<\/strong>, seg\u00fan reza el comunicado de Vialidad Nacional, a cargo de la obra.<\/p>\n\n\n\n<p>Las obras de refacciones iniciaron este lunes y se extender\u00e1n por dos meses. Abarcan cortes en el Acceso Norte, en la mano Este rumbo al aeropuerto, entre calles Reconquista y Pedro Pascual Segura del departamento de Las Heras.<\/p>\n\n\n\n<p>Estos trabajos de reparaci\u00f3n en periodo de garant\u00eda se efect\u00faan en el marco de la &#8220;Obra de Reparaci\u00f3n de Losas de Hormig\u00f3n del Acceso Norte a la Ciudad de Mendoza, RNN\u00ba 40, Tramo: A\/N R7 \u2013 JOCOL\u00cd&#8221;, contratada con la firma Da Fr\u00e9 Obras Civiles S.A.<\/p>\n\n\n\n<p>Las tareas implican &#8220;la&nbsp;<strong>reparaci\u00f3n de 18 losas de hormig\u00f3n<\/strong>&nbsp;que han presentado defectos&#8221;, explican desde la Direcci\u00f3n de Vialidad Nacional, cuyo titular es Guillermo Amstutz. &#8220;La tarea ordenada consiste en su demolici\u00f3n y la ejecuci\u00f3n posterior de un nuevo hormigonado para dejarlas de acuerdo a lo exigido en los pliegos vigentes&#8221;, anticipan desde el \u00e1rea.<\/p>\n\n\n\n<p>El plazo solicitado para rehabilitar la calzada principal es de&nbsp;<strong>60 d\u00edas a contar desde este 8 de enero<\/strong>. Con lo cual&nbsp;<strong>el tr\u00e1nsito volver\u00e1 a estar reducido en plena \u00e9poca estival y de vendimia<\/strong>&nbsp;cuando la provincia recibe miles de turistas nacionales e internacionales, y los mendocinos se trasladan hacia el Norte del pa\u00eds o el aeropuerto El Plumerillo para viajar en vacaciones.<\/p>\n\n\n\n<p>As\u00ed entonces,&nbsp;<strong>la circulaci\u00f3n vehicular es desviada por la colectora Este del Acceso Norte<\/strong>&nbsp;y se mantienen habilitadas todas las rotondas. Solicitan a los veh\u00edculos que circulen respetando la se\u00f1alizaci\u00f3n vial y los desv\u00edos.<\/p>\n\n\n\n<p>Ante cualquier duda o consulta, comunicarse al Centro de Atenci\u00f3n al Usuario, de lunes a viernes de 9 a 13 y de 14 a 17 hs. al 0800-222-6272 \/ 0800-333-0073 o v\u00eda correo electr\u00f3nico a\u00a0atencionalusuario@vialidad.gob.ar.<\/p>\n\n\n\n<p><strong>Fuente: www.diariouno.com.ar<\/strong><\/p>\n","protected":false},"excerpt":{"rendered":"<p>Despu\u00e9s de la\u00a0odisea que durante un a\u00f1o tuvieron que atravesar mendocinos y turistas\u00a0para circular por el Acceso Norte, ahora\u00a0vuelven a cortar el tr\u00e1nsito en una parte de esa ruta 40 que lleva al Aeropuerto\u00a0y a la provincia de San Juan. A menos de un a\u00f1o de haberse refaccionado,&nbsp;otra vez est\u00e1n reparando losas de hormig\u00f3n sobre [&hellip;]<\/p>\n","protected":false},"author":2,"featured_media":4417,"comment_status":"open","ping_status":"open","sticky":false,"template":"","format":"standard","meta":[],"categories":[50],"tags":[],"_links":{"self":[{"href":"https:\/\/pasaenmendoza.com\/index.php?rest_route=\/wp\/v2\/posts\/4416"}],"collection":[{"href":"https:\/\/pasaenmendoza.com\/index.php?rest_route=\/wp\/v2\/posts"}],"about":[{"href":"https:\/\/pasaenmendoza.com\/index.php?rest_route=\/wp\/v2\/types\/post"}],"author":[{"embeddable":true,"href":"https:\/\/pasaenmendoza.com\/index.php?rest_route=\/wp\/v2\/users\/2"}],"replies":[{"embeddable":true,"href":"https:\/\/pasaenmendoza.com\/index.php?rest_route=%2Fwp%2Fv2%2Fcomments&post=4416"}],"version-history":[{"count":1,"href":"https:\/\/pasaenmendoza.com\/index.php?rest_route=\/wp\/v2\/posts\/4416\/revisions"}],"predecessor-version":[{"id":4418,"href":"https:\/\/pasaenmendoza.com\/index.php?rest_route=\/wp\/v2\/posts\/4416\/revisions\/4418"}],"wp:featuredmedia":[{"embeddable":true,"href":"https:\/\/pasaenmendoza.com\/index.php?rest_route=\/wp\/v2\/media\/4417"}],"wp:attachment":[{"href":"https:\/\/pasaenmendoza.com\/index.php?rest_route=%2Fwp%2Fv2%2Fmedia&parent=4416"}],"wp:term":[{"taxonomy":"category","embeddable":true,"href":"https:\/\/pasaenmendoza.com\/index.php?rest_route=%2Fwp%2Fv2%2Fcategories&post=4416"},{"taxonomy":"post_tag","embeddable":true,"href":"https:\/\/pasaenmendoza.com\/index.php?rest_route=%2Fwp%2Fv2%2Ftags&post=4416"}],"curies":[{"name":"wp","href":"https:\/\/api.w.org\/{rel}","templated":true}]}}