{"id":4419,"date":"2024-01-09T14:18:32","date_gmt":"2024-01-09T13:18:32","guid":{"rendered":"https:\/\/pasaenmendoza.com\/?p=4419"},"modified":"2024-01-09T14:18:33","modified_gmt":"2024-01-09T13:18:33","slug":"un-ex-asilo-de-ancianos-camino-a-ser-un-polo-comercial-y-gastronomico","status":"publish","type":"post","link":"https:\/\/pasaenmendoza.com\/?p=4419","title":{"rendered":"Un ex asilo de ancianos camino a ser un polo comercial y gastron\u00f3mico"},"content":{"rendered":"\n<p>Un ambicioso proyecto que apunta a crear un gran distrito fundacional, es la apuesta del municipio de Ciudad, que para lograrlo debe poner en marcha un plan de obras en diferentes espacios y que involucre al sector p\u00fablico y privado.<\/p>\n\n\n\n<p>dem\u00e1s del proyecto de transformar el ex asilo San Vicente de Paul, ubicado en Juan Bautista Alberdi esquina Ituzaing\u00f3 (3ra. Secci\u00f3n), en un polo gastron\u00f3mico, tur\u00edstico, hotelero y comercial, hay otros proyectos dando vuelta y que no terminan de definirse.<\/p>\n\n\n\n<p>Por ejemplo, convertir al paseo Alameda en el centro comercial a cielo abierto m\u00e1s importante del pa\u00eds. De concretarse, ser\u00eda una gran apuesta a la continuaci\u00f3n del centro mendocino, con el agregado de que, en el Paseo Alameda, los visitantes podr\u00e1n conocer parte de la historia mendocina, ya que el lugar guarda el paso del General San Mart\u00edn.<\/p>\n\n\n\n<p>Actualmente ofrece m\u00faltiples propuestas que van desde bares, restaurantes, comercios de diferentes rubros, y la Biblioteca P\u00fablica.<\/p>\n\n\n\n<p>Un paseo hist\u00f3rico<\/p>\n\n\n\n<p>Con los a\u00f1os, este espacio fue embellecido y extendido a sus 7 cuadras actuales, convirti\u00e9ndose en un verdadero paseo p\u00fablico con una doble hilera de \u00e1lamos, un rosedal y asientos de cada lado, generando un nuevo \u00e1mbito social separado de la plaza fundacional.<\/p>\n\n\n\n<p>Seg\u00fan los historiadores, San Martin y su esposa Remedios Escalada, ten\u00edan la costumbre de pasear por la Alameda.<\/p>\n\n\n\n<p>Entre tantos proyectos, el que apunta a convertir el ex asilo, en un espacio gastron\u00f3mico y comercial, es el m\u00e1s avanzado, ya que en marzo se lanzar\u00e1 la apertura del concurso, junto al Colegio de Arquitectos de Mendoza.<\/p>\n\n\n\n<figure class=\"wp-block-image\"><img decoding=\"async\" src=\"https:\/\/www.mendozapost.com\/files\/image\/541\/541781\/659d24253c33d_570_376!.jpg?s=700a0057439016981b146edcf3e6b4cf&amp;d=1704797223\" alt=\"\"\/><\/figure>\n\n\n\n<p>&#8220;La idea es potenciar la zona, y que puedan convivir diferentes rubros y actividades en un mismo espacio, siempre respetando y poniendo en valor esta \u00e1rea patrimonial tan valiosa para la provincia&#8221;, coment\u00f3 el secretario de Ambiente y Desarrollo Urbano, Sebasti\u00e1n Fermani.<\/p>\n\n\n\n<p>Precisamente tiene en cuenta este aspecto, es que el funcionario destac\u00f3 que las obras tienen que ver con lo que los rodea como el Museo Fundacional, la Ruta Sanmartiniana, el Centro de Conservaci\u00f3n de la Biodiversidad, entre otros y destac\u00f3 que ser\u00e1 muy importante la articulaci\u00f3n entre lo p\u00fablico y lo privado.<\/p>\n\n\n\n<p>&#8220;Vamos a invitar al sector privado para que pueda presentar un proyecto ajustado a la zona, para que se pueda ejecutar&#8221;, dijo en relaci\u00f3n a la realizaci\u00f3n del polo gastron\u00f3mico y comercial y hasta hotelero, que dar\u00e1 sus primeros pasos en marzo con la apertura del concurso.<\/p>\n\n\n\n<p><strong>Fuente: www.mendozapost.com<\/strong><\/p>\n","protected":false},"excerpt":{"rendered":"<p>Un ambicioso proyecto que apunta a crear un gran distrito fundacional, es la apuesta del municipio de Ciudad, que para lograrlo debe poner en marcha un plan de obras en diferentes espacios y que involucre al sector p\u00fablico y privado. dem\u00e1s del proyecto de transformar el ex asilo San Vicente de Paul, ubicado en Juan [&hellip;]<\/p>\n","protected":false},"author":2,"featured_media":4420,"comment_status":"open","ping_status":"open","sticky":false,"template":"","format":"standard","meta":[],"categories":[50],"tags":[],"_links":{"self":[{"href":"https:\/\/pasaenmendoza.com\/index.php?rest_route=\/wp\/v2\/posts\/4419"}],"collection":[{"href":"https:\/\/pasaenmendoza.com\/index.php?rest_route=\/wp\/v2\/posts"}],"about":[{"href":"https:\/\/pasaenmendoza.com\/index.php?rest_route=\/wp\/v2\/types\/post"}],"author":[{"embeddable":true,"href":"https:\/\/pasaenmendoza.com\/index.php?rest_route=\/wp\/v2\/users\/2"}],"replies":[{"embeddable":true,"href":"https:\/\/pasaenmendoza.com\/index.php?rest_route=%2Fwp%2Fv2%2Fcomments&post=4419"}],"version-history":[{"count":1,"href":"https:\/\/pasaenmendoza.com\/index.php?rest_route=\/wp\/v2\/posts\/4419\/revisions"}],"predecessor-version":[{"id":4421,"href":"https:\/\/pasaenmendoza.com\/index.php?rest_route=\/wp\/v2\/posts\/4419\/revisions\/4421"}],"wp:featuredmedia":[{"embeddable":true,"href":"https:\/\/pasaenmendoza.com\/index.php?rest_route=\/wp\/v2\/media\/4420"}],"wp:attachment":[{"href":"https:\/\/pasaenmendoza.com\/index.php?rest_route=%2Fwp%2Fv2%2Fmedia&parent=4419"}],"wp:term":[{"taxonomy":"category","embeddable":true,"href":"https:\/\/pasaenmendoza.com\/index.php?rest_route=%2Fwp%2Fv2%2Fcategories&post=4419"},{"taxonomy":"post_tag","embeddable":true,"href":"https:\/\/pasaenmendoza.com\/index.php?rest_route=%2Fwp%2Fv2%2Ftags&post=4419"}],"curies":[{"name":"wp","href":"https:\/\/api.w.org\/{rel}","templated":true}]}}