{"id":4423,"date":"2024-01-10T13:08:22","date_gmt":"2024-01-10T12:08:22","guid":{"rendered":"https:\/\/pasaenmendoza.com\/?p=4423"},"modified":"2024-01-10T13:08:23","modified_gmt":"2024-01-10T12:08:23","slug":"legislatura-el-principal-imputado-en-la-causa-cooperativas-tiene-un-cargo-hace-38-anos-no-pueden-echarlo-y-esperaran-a-que-se-jubile","status":"publish","type":"post","link":"https:\/\/pasaenmendoza.com\/?p=4423","title":{"rendered":"Legislatura: el principal imputado en la causa &#8220;cooperativas&#8221; tiene un cargo hace 38 a\u00f1os, no pueden echarlo y esperar\u00e1n a que se jubile."},"content":{"rendered":"\n<p>El exsubsecretario de Pol\u00edticas Sociales de\u00a0<strong>Las Heras<\/strong>,\u00a0<strong>Osvaldo Oyhenart\u00a0<\/strong>-que es\u00a0uno de los imputados en la causa en la que se investiga el uso de la\u00a0cooperativa de trabajo\u00a0<em>Manos a la Obra\u00a0<\/em>para desviar $35 millones en fondos p\u00fablicos- ten\u00eda un cargo reservado en la Legislatura y lo retom\u00f3. Ese cargo lo consigui\u00f3 hace d\u00e9cadas y\u00a0gracias a sus v\u00ednculos pol\u00edticos dentro de la UCR, partido en el que milit\u00f3 siempre hasta que Daniel Orozco y su equipo se\u00a0pelearan con Cambia Mendoza y que, posteriormente, estallara la ya conocida guerra de denuncias penales producto de la investigaci\u00f3n en suelo lasherino.<\/p>\n\n\n\n<p>Ingres\u00f3 a la Casa de las Leyes en abril 1986. Es decir, siempre fue su cargo de respaldo, pues tambi\u00e9n estuvo muchos a\u00f1os como funcionario en la Municipalidad de Capital.<\/p>\n\n\n\n<p>D\u00edas antes de que concluyera la gesti\u00f3n de Daniel Orozco,\u00a0<strong>Oyhenart\u00a0<\/strong>le envi\u00f3 un documento al exvicegobernador -en ese entonces titular del Senado-, Mario Abed, en el cual le comunic\u00f3 que solicitaba reincorporarse. &#8220;Mediante la presente me dirijo a usted con el motivo de informar que a partir del d\u00eda 11 de diciembre del 2023, retomar\u00e9 mis funciones, como empleado auxiliar administrativo clase 12 en el Bloque Cambia Mendoza de la Honorable C\u00e1mara de Senadores de la provincia de Mendoza, ya que mi puesto de trabajo se encontraba reservado por ocupar funciones con mayor jerarqu\u00eda&#8221;, indica el escrito.<\/p>\n\n\n\n<p>Fuentes del Senado confirmaron<em><strong>\u00a0<\/strong><\/em>que\u00a0<strong>Oyhenart\u00a0<\/strong>forma parte de la n\u00f3mina de empleados de planta permanente de la Legislatura. Terminada la gesti\u00f3n de Orozco,\u00a0se present\u00f3 y pidi\u00f3 su reincorporaci\u00f3n. Lo que sucede es\u00a0que, pese a la fuert\u00edsima pelea interna existente, no existe una norma jur\u00eddica que imposibilite su retorno al puesto &#8220;administrativo&#8221; que tiene. Incluso, lleg\u00f3 y al poco tiempo se tom\u00f3 d\u00edas de vacaciones que le quedaban pendientes. Tambi\u00e9n cobr\u00f3 su sueldo.<\/p>\n\n\n\n<p>Se lo reincorpor\u00f3\u00a0a la Direcci\u00f3n de Personas con Discapacidad. Incluso, las mismas fuentes que confirmaron el ins\u00f3lito hecho deslizaron que se le design\u00f3 ese \u00e1rea porque no ten\u00edan otro lugar para darle trabajo. El plan es emplazarlo a que se jubile una vez que cumpla 65 a\u00f1os, este mismo a\u00f1o.\u00a0\u00a0<\/p>\n\n\n\n<p>Oyhenart fue nombrado en la d\u00e9cada del 80 en la Legislatura, pero desde hace muchos a\u00f1os no pisa ese lugar. Trabaj\u00f3, en cambio, como funcionario de primera l\u00ednea de varios intendentes radicales de la Capital y luego desembarc\u00f3 en Las Heras para apoyar a Orozco.&nbsp;<\/p>\n\n\n\n<p>El cargo de planta permanente lo mantuvo reservado como &#8220;colch\u00f3n&#8221; y sin la necesidad de renunciar por justificarse en tener puestos de &#8220;mayor jerarqu\u00eda&#8221;. Es una maniobra muy com\u00fan en la pol\u00edtica.<\/p>\n\n\n\n<p>En la investigaci\u00f3n alrededor de&nbsp;<strong>Oyhenart&nbsp;<\/strong>se avanza sobre las supuestas maniobras para sacar fondos municipales a trav\u00e9s de cooperativas &#8220;fantasma&#8221;. Hay varios imputados y la estrategia de la defensa es tratar de probar que las organizaciones s\u00ed existieron, que hubo personas que trabajaron y que los manejos sospechosos se ejecutaban por pedido de la c\u00fapula municipal. Daniel Orozco&nbsp;est\u00e1 imputado por fraude a la administraci\u00f3n p\u00fablica, mientras que la diputada Janina Ortiz fue citada para ser imputada formalmente, pero por cuestiones t\u00e9cnicas la situaci\u00f3n se dilat\u00f3 hasta febrero. Ortiz perdi\u00f3&nbsp;los fueros que la proteg\u00edan por ser legisladora. Justamente, por esa &#8220;rebeld\u00eda&#8221; ante la Justicia, en la Legislatura analizan suspenderla.&nbsp;<\/p>\n\n\n\n<p>De acuerdo al expediente,\u00a0<strong>Oyhenart\u00a0<\/strong>neg\u00f3\u00a0haber cometido delitos y apunta a\u00a0que \u00e9l recib\u00eda\u00a0\u00f3rdenes de sus superiores, es decir,\u00a0de\u00a0Orozco\u00a0y su esposa la exsecretaria de Gobierno y actual diputada\u00a0Ortiz. Adem\u00e1s, declar\u00f3 que el audio que se hizo p\u00fablico donde ofrece trabajo en una cooperativa\u00a0a una mujer sin necesidad de cumplir funciones es de &#8220;dudosa procedencia&#8221; como as\u00ed tambi\u00e9n testigos presentados en la causa.\u00a0<\/p>\n\n\n\n<p>Se accedi\u00f3 a parte del expediente en el que figuran las declaraciones tanto de\u00a0<strong>Oyhenart\u00a0<\/strong>como de Juan Pablo Pandolfi. Ambos est\u00e1n imputados, junto a\u00a0Orozco\u00a0y otros exfuncionarios,\u00a0por el fiscal\u00a0de Delitos Econ\u00f3micos Flavio D&#8217;Amore por la supuesta creaci\u00f3n de\u00a0una cooperativa de trabajo ubicada en\u00a0Las Heras\u00a0para desviar millonarios fondos del municipio.\u00a0La cooperativa ten\u00eda como fin la limpieza\u00a0de calles y espacios p\u00fablicos, pero lo que se investiga es si existi\u00f3.\u00a0<\/p>\n\n\n\n<p>En las declaraciones que figuran en el expediente hay un testigo que dijo que&nbsp;que la&nbsp;cooperativa Manos a la Obra, ubicada en El Borboll\u00f3n fue&nbsp;creada por el INAES, es decir,&nbsp;por el Instituto Nacional de Asociativismo y Econom\u00eda Social en el 2019 y que&nbsp;Orozco&nbsp;pidi\u00f3 que se pusiera activa para darle trabajo a la gente que lo necesitara en el departamento y que a eso se dedic\u00f3.&nbsp;<\/p>\n\n\n\n<p>Ante la Justicia, adem\u00e1s, el exfuncionario explic\u00f3 que es inexistente el domicilio&nbsp;de la cooperativa porque, cuando el INAES fue a crearla en un galp\u00f3n donde trabaja un grupo de recicladores, estaba ocupado el espacio por eso firmaron el acta sobre &#8220;el capot de&nbsp;un auto&#8221;.&nbsp;Hay que recordar que el mismo Instituto en agosto de 2023, en paralelo a la investigaci\u00f3n judicial, suspendi\u00f3 a la cooperativa por considerar que se&nbsp;tratar\u00eda de una organizaci\u00f3n fantasma que no habr\u00eda trabajado realmente.&nbsp;<\/p>\n\n\n\n<p>Por esta causa,\u00a0Ortiz\u00a0quien ya no tiene fueros,\u00a0podr\u00eda ser suspendida por la C\u00e1mara de Diputados por no haberse presentado ante la Justicia.\u00a0Adem\u00e1s, sobre ella pesa otra denuncia por supuesto encubrimiento de un caso de abuso sexual dentro del municipio.\u00a0<\/p>\n\n\n\n<p>FUENTE: MDZonline.<\/p>\n","protected":false},"excerpt":{"rendered":"<p>El exsubsecretario de Pol\u00edticas Sociales de\u00a0Las Heras,\u00a0Osvaldo Oyhenart\u00a0-que es\u00a0uno de los imputados en la causa en la que se investiga el uso de la\u00a0cooperativa de trabajo\u00a0Manos a la Obra\u00a0para desviar $35 millones en fondos p\u00fablicos- ten\u00eda un cargo reservado en la Legislatura y lo retom\u00f3. Ese cargo lo consigui\u00f3 hace d\u00e9cadas y\u00a0gracias a sus v\u00ednculos [&hellip;]<\/p>\n","protected":false},"author":2,"featured_media":4424,"comment_status":"open","ping_status":"open","sticky":true,"template":"","format":"standard","meta":[],"categories":[47],"tags":[],"_links":{"self":[{"href":"https:\/\/pasaenmendoza.com\/index.php?rest_route=\/wp\/v2\/posts\/4423"}],"collection":[{"href":"https:\/\/pasaenmendoza.com\/index.php?rest_route=\/wp\/v2\/posts"}],"about":[{"href":"https:\/\/pasaenmendoza.com\/index.php?rest_route=\/wp\/v2\/types\/post"}],"author":[{"embeddable":true,"href":"https:\/\/pasaenmendoza.com\/index.php?rest_route=\/wp\/v2\/users\/2"}],"replies":[{"embeddable":true,"href":"https:\/\/pasaenmendoza.com\/index.php?rest_route=%2Fwp%2Fv2%2Fcomments&post=4423"}],"version-history":[{"count":1,"href":"https:\/\/pasaenmendoza.com\/index.php?rest_route=\/wp\/v2\/posts\/4423\/revisions"}],"predecessor-version":[{"id":4425,"href":"https:\/\/pasaenmendoza.com\/index.php?rest_route=\/wp\/v2\/posts\/4423\/revisions\/4425"}],"wp:featuredmedia":[{"embeddable":true,"href":"https:\/\/pasaenmendoza.com\/index.php?rest_route=\/wp\/v2\/media\/4424"}],"wp:attachment":[{"href":"https:\/\/pasaenmendoza.com\/index.php?rest_route=%2Fwp%2Fv2%2Fmedia&parent=4423"}],"wp:term":[{"taxonomy":"category","embeddable":true,"href":"https:\/\/pasaenmendoza.com\/index.php?rest_route=%2Fwp%2Fv2%2Fcategories&post=4423"},{"taxonomy":"post_tag","embeddable":true,"href":"https:\/\/pasaenmendoza.com\/index.php?rest_route=%2Fwp%2Fv2%2Ftags&post=4423"}],"curies":[{"name":"wp","href":"https:\/\/api.w.org\/{rel}","templated":true}]}}