{"id":4426,"date":"2024-01-10T13:13:26","date_gmt":"2024-01-10T12:13:26","guid":{"rendered":"https:\/\/pasaenmendoza.com\/?p=4426"},"modified":"2024-01-10T13:13:27","modified_gmt":"2024-01-10T12:13:27","slug":"con-la-mendocina-mariana-juri-el-senado-discute-en-comisiones-la-boleta-unica-para-todo-el-pais","status":"publish","type":"post","link":"https:\/\/pasaenmendoza.com\/?p=4426","title":{"rendered":"Con la mendocina Mariana Juri, el Senado discute en comisiones la Boleta \u00danica para todo el pa\u00eds"},"content":{"rendered":"\n<p>El oficialismo buscar\u00e1 aprobarlo y obtener as\u00ed su primera victoria parlamentaria, mientras que parte de la oposici\u00f3n ya se manifest\u00f3 en contra. En el plenario habr\u00e1 presencia mendocina: la radical&nbsp;<strong>Mariana Juri<\/strong>&nbsp;ser\u00e1 parte de los que busquen dictamen positivo para la norma.<\/p>\n\n\n\n<p>Se trata de uno de los<strong>&nbsp;proyectos enviados por el presidente Javier Milei&nbsp;<\/strong>al Congreso y puede significarle un triunfo simb\u00f3lico e importante: de obtener aprobaci\u00f3n un despacho de mayor\u00eda, el texto viajar\u00e1&nbsp;<strong>directamente a la C\u00e1mara Alta.<\/strong><\/p>\n\n\n\n<p>Eso significar\u00e1 dos cosas: la primera, que el pa\u00eds quedar\u00e1 al borde de\u00a0<strong>eliminar las tradicionales listas\u00a0<\/strong>partidarias en sus elecciones. La segunda, que el oficialismo podr\u00e1 medir la temperatura del Senado con una votaci\u00f3n clave, que a su vez le marcar<strong>\u00e1 cu\u00e1nto apoyo tiene<\/strong>\u00a0entre esas bancadas.<\/p>\n\n\n\n<h2 class=\"wp-block-heading\">En busca de federalismo<\/h2>\n\n\n\n<p>El encuentro comenzar\u00e1 a las 14 y ser\u00e1 una reuni\u00f3n conjunta entre las&nbsp;<strong>comisiones de Asuntos Constitucionales (de la que Juri fue elegida como secretaria la semana pasada)<\/strong>&nbsp;y la de Justicia.<\/p>\n\n\n\n<p>Esos mismos \u00f3rganos se hab\u00edan reunido el mi\u00e9rcoles 3 de enero con<strong>&nbsp;serias chances de aprobar el despacho<\/strong>&nbsp;-se cre\u00eda en el oficialismo-. Sin embargo, la decisi\u00f3n fue pasar a este cuarto intermedio que prolong\u00f3 por siete d\u00edas la&nbsp;<strong>definici\u00f3n<\/strong>.<\/p>\n\n\n\n<p>En este tiempo se dispuso que los senadores buscasen&nbsp;<strong>opiniones en sus provincias,<\/strong>&nbsp;tanto de juristas como de personas especializadas en el tema o la sociedad civil en general.<\/p>\n\n\n\n<p>Se buscaba con esto\u00a0<strong>&#8220;dotar de un mayor federalismo al tratamiento&#8221;<\/strong>, de acuerdo a lo que expuso la coalici\u00f3n libertaria. Adem\u00e1s, se incorporaron por estas horas las visiones de al menos\u00a0<strong>12 organizaciones sociales.<\/strong><\/p>\n\n\n\n<p>&#8220;Las opiniones que llegaron en general han sido\u00a0<strong>aportes para mejorar la implementaci\u00f3n&#8221;,<\/strong>\u00a0aport\u00f3 la exministra de\u00a0<strong>Cultura de Mendoza\u00a0<\/strong>ante la consulta de\u00a0<strong>Diario UNO.<\/strong>\u00a0&#8220;Se propuso que se<strong>\u00a0apruebe tal como viene de Diputados\u00a0<\/strong>y que por v\u00eda reglamentaria se hagan los\u00a0<strong>ajustes\u00a0<\/strong>pertinentes. As\u00ed ha ocurrido con la mayor\u00eda de las leyes electorales&#8221;, se\u00f1al\u00f3.<\/p>\n\n\n\n<h2 class=\"wp-block-heading\"><strong>Las posibles modificaciones a la Boleta \u00danica<\/strong><\/h2>\n\n\n\n<p>V\u00edctor Iba\u00f1ez, exministro de Gobierno de la provincia -y autor del proyecto que&nbsp;<strong>incorpor\u00f3 la Boleta \u00danica a Mendoza<\/strong>&#8211; tambi\u00e9n hizo sus aportes para que el Senado pueda aprobar el dictamen este mi\u00e9rcoles. Desde su rol de&nbsp;<strong>coordinador de asesores en el bloque de Juntos por el Cambio<\/strong>, se reuni\u00f3 con la vicepresidenta&nbsp;<strong>Victoria Villarruel&nbsp;<\/strong>y le brind\u00f3 estudios y opiniones respecto a lo que se viene tratando en la C\u00e1mara Alta.<\/p>\n\n\n\n<p>En uno de esos escritos,\u00a0<strong>Iba\u00f1ez mencion\u00f3 puntos que podr\u00edan mejorarse de la normativa\u00a0<\/strong>tal cual est\u00e1 siendo analizada, aunque manifest\u00f3 que ninguno de esos se\u00f1alamientos era suficiente como para devolverla a su c\u00e1mara de origen, algo que parece ser la intenci\u00f3n de buena parte de los senadores de frentes opositores.<\/p>\n\n\n\n<p>Entre otras cosas, se\u00f1al\u00f3 que podr\u00eda eliminarse toda vez que en el texto dice las palabras<strong>&nbsp;&#8220;\u00fanica&#8221; y &#8220;papel<\/strong>&#8220;, atendiendo a posibles limitaciones que esos t\u00e9rminos puedan generar a futuro&nbsp;<strong>en la interpretaci\u00f3n o aplicaci\u00f3n<\/strong>&nbsp;de esta ley.<\/p>\n\n\n\n<p>&#8220;La legislaci\u00f3n electoral, por lo cambiante y din\u00e1mico de los procesos pol\u00edticos-tecnol\u00f3gicos en los que act\u00faa, merece y requiere revisiones, mejoras y correcciones de car\u00e1cter continuas y permanentes&#8221;, agreg\u00f3.&nbsp;<strong>&#8220;Lo sustancial que esta oportunidad nos presenta es consagrar el cambio fundamental&nbsp;<\/strong>en el sistema de votaci\u00f3n , sobre la base del&nbsp;<strong>consenso general&nbsp;<\/strong>conseguido en torno a la media sanci\u00f3n de la C\u00e1mara de&nbsp;<strong>Diputados<\/strong>&#8220;, marc\u00f3.<\/p>\n\n\n\n<p>La referencia fue a que este proyecto ya tiene medio aval legislativo: fue<strong>&nbsp;votado favorablemente en 2022,<\/strong>&nbsp;el mismo a\u00f1o en que el oficialismo local logr\u00f3 aprobarla en la Legislatura. A partir de ah\u00ed,&nbsp;<strong>debut\u00f3 formalmente en abril de 2023<\/strong>&nbsp;y funcion\u00f3 para las elecciones en las 18 comunas -definieron concejales e intendentes-, como as\u00ed para las legislativas provinciales y los comicios que consagraron a<strong>&nbsp;Cornejo gobernador.<\/strong><\/p>\n\n\n\n<p>Desde ese entonces,\u00a0<strong>Mendoza, Santa Fe y C\u00f3rdoba<\/strong>\u00a0son los \u00fanicos distritos electorales que cuentan con el mecanismo.\u00a0<strong>Con el apoyo de Senadores,\u00a0<\/strong>podr\u00eda volverse una realidad para todo el pa\u00eds.<\/p>\n\n\n\n<p>FUENTE: Diariouno.com.ar <\/p>\n","protected":false},"excerpt":{"rendered":"<p>El oficialismo buscar\u00e1 aprobarlo y obtener as\u00ed su primera victoria parlamentaria, mientras que parte de la oposici\u00f3n ya se manifest\u00f3 en contra. En el plenario habr\u00e1 presencia mendocina: la radical&nbsp;Mariana Juri&nbsp;ser\u00e1 parte de los que busquen dictamen positivo para la norma. Se trata de uno de los&nbsp;proyectos enviados por el presidente Javier Milei&nbsp;al Congreso y [&hellip;]<\/p>\n","protected":false},"author":2,"featured_media":4427,"comment_status":"open","ping_status":"open","sticky":true,"template":"","format":"standard","meta":[],"categories":[47],"tags":[],"_links":{"self":[{"href":"https:\/\/pasaenmendoza.com\/index.php?rest_route=\/wp\/v2\/posts\/4426"}],"collection":[{"href":"https:\/\/pasaenmendoza.com\/index.php?rest_route=\/wp\/v2\/posts"}],"about":[{"href":"https:\/\/pasaenmendoza.com\/index.php?rest_route=\/wp\/v2\/types\/post"}],"author":[{"embeddable":true,"href":"https:\/\/pasaenmendoza.com\/index.php?rest_route=\/wp\/v2\/users\/2"}],"replies":[{"embeddable":true,"href":"https:\/\/pasaenmendoza.com\/index.php?rest_route=%2Fwp%2Fv2%2Fcomments&post=4426"}],"version-history":[{"count":1,"href":"https:\/\/pasaenmendoza.com\/index.php?rest_route=\/wp\/v2\/posts\/4426\/revisions"}],"predecessor-version":[{"id":4428,"href":"https:\/\/pasaenmendoza.com\/index.php?rest_route=\/wp\/v2\/posts\/4426\/revisions\/4428"}],"wp:featuredmedia":[{"embeddable":true,"href":"https:\/\/pasaenmendoza.com\/index.php?rest_route=\/wp\/v2\/media\/4427"}],"wp:attachment":[{"href":"https:\/\/pasaenmendoza.com\/index.php?rest_route=%2Fwp%2Fv2%2Fmedia&parent=4426"}],"wp:term":[{"taxonomy":"category","embeddable":true,"href":"https:\/\/pasaenmendoza.com\/index.php?rest_route=%2Fwp%2Fv2%2Fcategories&post=4426"},{"taxonomy":"post_tag","embeddable":true,"href":"https:\/\/pasaenmendoza.com\/index.php?rest_route=%2Fwp%2Fv2%2Ftags&post=4426"}],"curies":[{"name":"wp","href":"https:\/\/api.w.org\/{rel}","templated":true}]}}