{"id":4430,"date":"2024-01-10T13:16:53","date_gmt":"2024-01-10T12:16:53","guid":{"rendered":"https:\/\/pasaenmendoza.com\/?p=4430"},"modified":"2024-01-10T13:16:54","modified_gmt":"2024-01-10T12:16:54","slug":"el-gobierno-pagara-cerca-de-4-millones-de-dolares-para-la-conectividad-interna","status":"publish","type":"post","link":"https:\/\/pasaenmendoza.com\/?p=4430","title":{"rendered":"El Gobierno pagar\u00e1 cerca de 4 millones de d\u00f3lares para la conectividad interna"},"content":{"rendered":"\n<p>El&nbsp;<strong>Gobierno&nbsp;<\/strong>oficializ\u00f3 la contrataci\u00f3n directa de la prestaci\u00f3n de servicio de transmisi\u00f3n de datos digitales para la Red Wan,&nbsp;<mark>por casi de 4 millones de d\u00f3lares<\/mark>, con una duraci\u00f3n de 12 meses.<\/p>\n\n\n\n<p>La decisi\u00f3n del Ejecutivo se debe a que \u201c<em>la fecha no se ha finalizado con la totalidad de la instalaci\u00f3n de los nuevos servicios contratados a trav\u00e9s de Mendoza Fiduciaria en el marco del Fideicomiso de Administraci\u00f3n para la Conectividad para el Desarrollo Productivo de Mendoza<\/em>\u201c, por lo que para \u201c<em>no entorpecer el normal funcionamiento de los Organismos y\/o Reparticiones que dependen de este servicio imprescindible de conectividad a trav\u00e9s de la Red Wan Provincial, se tramita una nueva Contrataci\u00f3n Directa\u201d<\/em>.<\/p>\n\n\n\n<p>La red wan permite una interconectividad entre las computadoras de los distintos sectores del Ejecutivo, agilizando el traspaso de informaci\u00f3n.<\/p>\n\n\n\n<p>Las empresas que se quedaron con la adjudicaci\u00f3n son Telef\u00f3nica de Argentina SA, ITC Inform\u00e1tica y Telecomunicaciones SA, Arlink, Telecom Argentina SA, Cirion Technologies Argentina SA, Telmex Argentina Sa y Negocios y Servicios SA.<\/p>\n\n\n\n<p>En tanto, el monto total de la contrataci\u00f3n es de 3.911.808 d\u00f3lares, seg\u00fan indica el decreto n\u00famero 1 publicado este mi\u00e9rcoles en el Bolet\u00edn Oficial y que lleva la firma del gobernador&nbsp;<strong>Alfredo Cornejo<\/strong>.<\/p>\n\n\n\n<p>En tanto, los gastos ser\u00e1n afrontados con dinero de las partidas presupuestarias de este a\u00f1o y del pr\u00f3ximo.<\/p>\n\n\n\n<p>FUENTE: Elsol.com.ar <\/p>\n","protected":false},"excerpt":{"rendered":"<p>El&nbsp;Gobierno&nbsp;oficializ\u00f3 la contrataci\u00f3n directa de la prestaci\u00f3n de servicio de transmisi\u00f3n de datos digitales para la Red Wan,&nbsp;por casi de 4 millones de d\u00f3lares, con una duraci\u00f3n de 12 meses. La decisi\u00f3n del Ejecutivo se debe a que \u201cla fecha no se ha finalizado con la totalidad de la instalaci\u00f3n de los nuevos servicios contratados [&hellip;]<\/p>\n","protected":false},"author":2,"featured_media":4431,"comment_status":"open","ping_status":"open","sticky":true,"template":"","format":"standard","meta":[],"categories":[47],"tags":[],"_links":{"self":[{"href":"https:\/\/pasaenmendoza.com\/index.php?rest_route=\/wp\/v2\/posts\/4430"}],"collection":[{"href":"https:\/\/pasaenmendoza.com\/index.php?rest_route=\/wp\/v2\/posts"}],"about":[{"href":"https:\/\/pasaenmendoza.com\/index.php?rest_route=\/wp\/v2\/types\/post"}],"author":[{"embeddable":true,"href":"https:\/\/pasaenmendoza.com\/index.php?rest_route=\/wp\/v2\/users\/2"}],"replies":[{"embeddable":true,"href":"https:\/\/pasaenmendoza.com\/index.php?rest_route=%2Fwp%2Fv2%2Fcomments&post=4430"}],"version-history":[{"count":1,"href":"https:\/\/pasaenmendoza.com\/index.php?rest_route=\/wp\/v2\/posts\/4430\/revisions"}],"predecessor-version":[{"id":4432,"href":"https:\/\/pasaenmendoza.com\/index.php?rest_route=\/wp\/v2\/posts\/4430\/revisions\/4432"}],"wp:featuredmedia":[{"embeddable":true,"href":"https:\/\/pasaenmendoza.com\/index.php?rest_route=\/wp\/v2\/media\/4431"}],"wp:attachment":[{"href":"https:\/\/pasaenmendoza.com\/index.php?rest_route=%2Fwp%2Fv2%2Fmedia&parent=4430"}],"wp:term":[{"taxonomy":"category","embeddable":true,"href":"https:\/\/pasaenmendoza.com\/index.php?rest_route=%2Fwp%2Fv2%2Fcategories&post=4430"},{"taxonomy":"post_tag","embeddable":true,"href":"https:\/\/pasaenmendoza.com\/index.php?rest_route=%2Fwp%2Fv2%2Ftags&post=4430"}],"curies":[{"name":"wp","href":"https:\/\/api.w.org\/{rel}","templated":true}]}}