{"id":4433,"date":"2024-01-10T13:29:30","date_gmt":"2024-01-10T12:29:30","guid":{"rendered":"https:\/\/pasaenmendoza.com\/?p=4433"},"modified":"2024-01-10T13:29:31","modified_gmt":"2024-01-10T12:29:31","slug":"otro-funcionario-del-club-de-los-37-y-un-polemico-pedido-a-milei","status":"publish","type":"post","link":"https:\/\/pasaenmendoza.com\/?p=4433","title":{"rendered":"Otro funcionario del &#8220;club de los 37&#8221; y un pol\u00e9mico pedido a Milei"},"content":{"rendered":"\n<p>&#8220;Cambiando el aceite en el&nbsp;<strong>ACA<\/strong>&#8220;. Esta vez, la bomba de humo la tir\u00f3&nbsp;<strong>Ludovico<\/strong>, que hab\u00eda llevado la camioneta a poner a punto para, la pr\u00f3xima semana, partir rumbo a Chile de vacaciones. Uno a uno los amigos fueron respondiendo y esa ma\u00f1ana coordinaron r\u00e1pidamente una&nbsp;<strong>juntadita en el caf\u00e9 de la estaci\u00f3n de servicio<\/strong>, como una forma de &#8220;hacerle el aguante&#8221; al del PRO, hasta que terminen el service de la 4&#215;4. Tambi\u00e9n, una excusa para compartir, como de costumbre, datos, datitos, cosas y cositas.<\/p>\n\n\n\n<p>&#8220;\u00bfQu\u00e9 tal Las Catitas chilena?&#8221;, le preguntaron al Omar, el radical de la mesa que, tras regresar por tercera vez con su esposa, hab\u00eda avisado que tendr\u00edan una mini luna de miel en Chile, en un paraje hom\u00f3nimo a la localidad del este mendocino. &#8220;No, todav\u00eda no nos vamos. Eso va a ser la semana que viene. Vamos a coincidir en Chile&#8221;, respondi\u00f3, mirando a Ludovico, quien a esa altura prefer\u00eda evitar el encuentro trasandino.\u00a0<\/p>\n\n\n\n<p>A\u00fan duele la novedad del retorno del Omar con su esposa y la reciente convivencia del Ruso con su pareja, algo que\u00a0<strong>dej\u00f3 en suspenso las reuniones de los amigos en el quincho los s\u00e1bados a la noche<\/strong>, por lo que\u00a0<strong>ahora se juntan en la semana, cuando pueden y d\u00f3nde pinte<\/strong>.<\/p>\n\n\n\n<p>El &#8220;Rula&#8221; y la &#8220;Jime&#8221;, los \u00fanicos sin equipos confirmados<\/p>\n\n\n\n<p>El Flaco Dani fue el primero en caer a la &#8220;invitaci\u00f3n&#8221; de Ludovico y apresur\u00f3 la b\u00fasqueda de un s\u00faper desayuno. &#8220;Voy a pagar con la App, creo que con los puntos que tengo acumulados me alcanza para cancelar la deuda externa argentina&#8221;, avis\u00f3 a su compa\u00f1ero, antes de retornar con un men\u00fa discreto: caf\u00e9 mediano y tortita. &#8220;Al final, esto es como los juegos del shopping: acumul\u00e1s un mill\u00f3n de puntos para que te den una lapicera&#8221;&#8230; De un momento a otro, la mesa se complet\u00f3, y el Omar fue el que inaugur\u00f3 la ronda de noticias.<\/p>\n\n\n\n<p>-Reci\u00e9n me cruc\u00e9 con el\u00a0Rula. Todav\u00eda no tienen definido el equipo del Ministerio de Producci\u00f3n, al igual que el Ministerio de Energ\u00eda y Ambiente. Son los \u00fanicos dos que a\u00fan no confirman a sus funcionarios.<\/p>\n\n\n\n<p>-\u00bfY hasta cu\u00e1ndo van a seguir &#8220;rengos&#8221;? Ya pas\u00f3 un mes de gobierno&#8230;&nbsp;<\/p>\n\n\n\n<p>&#8211;<strong>Este mi\u00e9rcoles hay una reuni\u00f3n<\/strong>\u00a0con algunos potenciales funcionarios del\u00a0Rula, que todav\u00eda no definen si aceptan los ofrecimientos. Hab\u00eda alguna molestia tambi\u00e9n porque\u00a0<strong>pensaron que la presidencia del Iscamen la iban a definir ellos<\/strong>, al ser un organismo que depende del Ministerio de Producci\u00f3n. Y temen que les sigan llenando casilleros si no se apuran.<\/p>\n\n\n\n<p>-S\u00ed, s\u00ed. Me imagino a Cornejo muy preocupado pensando si ten\u00eda que consultarle al Rula si le parec\u00eda bien que el Jos\u00e9 Orts sea presidente del Iscamen. \u00a1Dejate de joder! -tir\u00f3 Ludovico, el del PRO-.<\/p>\n\n\n\n<p>-Jaja. Puede ser.<\/p>\n\n\n\n<p>-Hablando del&nbsp;<strong>Jos\u00e9 Orts<\/strong>: el tipo ha tenido m\u00e1s buenas que malas en lo p\u00fablico, y en lo privado le ha ido bien con su bodega. Pero como tantos otros pol\u00edticos,&nbsp;<strong>flojito como estudiante<\/strong>&nbsp;-sigui\u00f3 Ludovico-.<\/p>\n\n\n\n<p>-\u00bfY vos c\u00f3mo sab\u00e9s eso?&nbsp;<\/p>\n\n\n\n<p>-Acordate que para nombrar al presidente del&nbsp;<strong>Iscamen<\/strong>, presidente del&nbsp;<strong>Ente de Movilidad<\/strong>, cargos en&nbsp;<strong>Irrigaci\u00f3n<\/strong>, y otros m\u00e1s, el gobernador tiene que mandar un&nbsp;<strong>pliego de antecedentes<\/strong>&nbsp;al Senado, incluyendo el&nbsp;<strong>rendimiento acad\u00e9mico<\/strong>, las famosas &#8220;<strong>libretas<\/strong>&#8221; de la secundaria y alg\u00fan t\u00edtulo terciario si lo tuviese. Y si les peg\u00e1s una mirada al del Jos\u00e9&#8230; \u00a1mamita! \u00a1Lo que le cost\u00f3 terminar la secundaria en San Mart\u00edn!<\/p>\n\n\n\n<p>-Jajaja. Qu\u00e9 bot\u00f3n.<\/p>\n\n\n\n<p>-Y los que tienen alg\u00fan terciario, vienen con promedio bajito, como el&nbsp;<strong>Jorge Teves<\/strong>, postulado para seguir en el EMOP. La excepci\u00f3n es el Tadeo, que se fue al otro extremo: mejor promedio en todo. Y hay algo m\u00e1s:<strong>&nbsp;todos dicen que hablan ingl\u00e9s.<\/strong>&nbsp;Por ah\u00ed en las audiencias p\u00fablicas, alguien podr\u00eda pedirle que lo demuestren&#8230;<\/p>\n\n\n\n<p>-Qu\u00e9 ganas de joder que ten\u00e9s. Pid\u00e1mosle el anal\u00edtico a todos, incluso a los tuyos del PRO. A algunos no s\u00e9 si les van a dar el certificado de antecedentes penales&#8230;<\/p>\n\n\n\n<p>Otro funcionario del &#8220;club de los 37&#8221;<\/p>\n\n\n\n<p>-Bueno, bueno -se meti\u00f3 el Flaco Dani, el peronista, para evitar que el caf\u00e9 terminara por el suelo-. \u00bfY en el\u00a0<strong>Ministerio de la\u00a0Jimena Latorre, de Energ\u00eda y Ambiente<\/strong>? \u00bfNovedades?<\/p>\n\n\n\n<p>-Hay algunos &#8220;n\u00fameros puesto&#8221;, como el\u00a0&#8220;Chanta&#8221; Shantal del que hablamos hace algunas semanas, que va a estar a cargo de Miner\u00eda. Pero todav\u00eda no hay presentaci\u00f3n de equipo completo. Ah\u00ed ten\u00e9s dos cargos importantes a definir: el secretario de Ambiente y el\u00a0<strong>jefe de Gabinete.<\/strong><\/p>\n\n\n\n<p>-\u00bfY qui\u00e9nes ir\u00edan ah\u00ed?<\/p>\n\n\n\n<p>-Secretario de Ambiente, no tengo p&#8230; idea despu\u00e9s de la salida del Mingo. Y como<strong>&nbsp;jefe de Gabinete del Ministerio<\/strong>&nbsp;<strong>de Energ\u00eda y Ambiente<\/strong>, va a asumir otro del &#8220;club de los 37&#8221;, el&nbsp;<strong>Manuel L\u00f3pez Gonz\u00e1lez<\/strong>.<\/p>\n\n\n\n<p>-\u00bfPor qu\u00e9 &#8220;<strong>club de los 37<\/strong>&#8220;?<\/p>\n\n\n\n<p>-En el gobierno de Cornejo ten\u00e9s tres ministros con&nbsp;<strong>37 a\u00f1os<\/strong>: el Natalio Mema, el Peque Fayad y la Jimena Latorre. Adivin\u00e1 cu\u00e1ntos a\u00f1os tiene el&nbsp;<strong>&#8220;Manu&#8221; L\u00f3pez&#8230;&nbsp;<\/strong><\/p>\n\n\n\n<p>-Jajajaja. Imagino que 37&#8230; \u00bfY de d\u00f3nde sali\u00f3?<\/p>\n\n\n\n<p>&#8211;<strong>El &#8220;Manu&#8221; L\u00f3pez viene laburando con el Alfredo y el Rody<\/strong>. Fue director del&nbsp;<strong>EMOP<\/strong>, jefe de Gabinete de&nbsp;<strong>Servicios P\u00fablicos<\/strong>, director de&nbsp;<strong>EDEMSA<\/strong>&nbsp;por Mendoza, representante ante el&nbsp;<strong>Consejo Federal de Energ\u00eda El\u00e9ctrica<\/strong>, y alg\u00fan otro cargo. Siempre estuvo vinculado a lo energ\u00e9tico y ser\u00eda un buen jugador para la Jimena en el Ministerio.<\/p>\n\n\n\n<p>&#8211;<strong>\u00a1El &#8220;Manu&#8221; es nuestro!<\/strong>&nbsp;-se meti\u00f3 Ludovico, el del&nbsp;<strong>PRO<\/strong>-. Labur\u00f3 en su momento con la&nbsp;<strong>Susana Balbo<\/strong>&nbsp;y fue el apoderado de la lista que hace un par de a\u00f1os fue a internas contra el Tintura y perdi\u00f3 como en la guerra.<\/p>\n\n\n\n<p>-\u00a1La excelent\u00edsima exdiputada Balbo! -se meti\u00f3 el Ruso-. Me contaron una el otro d\u00eda: se recontra calienta cuando alguien le dice que toma su vino &#8220;Vi\u00f1as de Balbo&#8221;.<\/p>\n\n\n\n<p>El diputado mendocino que pidi\u00f3 por los represores detenidos<\/p>\n\n\n\n<p>Aceite, filtros (incluido el de habit\u00e1culo) y revisi\u00f3n de fluidos demandar\u00eda una hora, seg\u00fan el c\u00e1lculo de Ludovico, que comenz\u00f3 a encender una bomba de humo para irse del caf\u00e9 a buscar la camioneta. Mientras tanto, el&nbsp;<strong>Flaco Dani, el peronista<\/strong>&nbsp;del grupete, tir\u00f3 el \u00faltimo tema de la ma\u00f1ana.<\/p>\n\n\n\n<p>-Ah\u00ed andan los&nbsp;<strong>gansos<\/strong>,&nbsp;<strong>pidiendo por los represores detenidos<\/strong>, para variar&#8230;&nbsp;<\/p>\n\n\n\n<p>-\u00bfC\u00f3mo es eso?<\/p>\n\n\n\n<p>-\u00bfVieron que por estos d\u00edas se arm\u00f3 quilombo porque ahora le reclaman a Villarruel que cumpla con lo que prometi\u00f3 y favorezca de alguna manera a los represores detenidos por cr\u00edmenes de lesa humanidad? Bueno, el tema viene desde antes del cambio de gobierno. Y ah\u00ed hubo un<strong>&nbsp;pedido formal<\/strong>&nbsp;de una organizaci\u00f3n que se llama&nbsp;<strong>Uni\u00f3n de Promociones<\/strong>, que afirma que son todos presos pol\u00edticos que deben ser liberados. Y despu\u00e9s del 10 de diciembre, le entregaron un documento formal al presidente justificando por qu\u00e9 los represores estar\u00edan injustamente detenidos. \u00bfSaben qui\u00e9n se lo entreg\u00f3?<\/p>\n\n\n\n<p>-Ni idea. \u00bfQui\u00e9n?<\/p>\n\n\n\n<p>&#8211;<strong>Facundo Correa Llano<\/strong>, flamante diputado nacional por Mendoza, dirigente del Partido Dem\u00f3crata. Algunos medios porte\u00f1os lo mencionaron al pasar. Me parece que van por el indulto.<\/p>\n\n\n\n<p>-No creo. Igual hay que ver caso por caso -se meti\u00f3 Ludovico-. Fijate si te interesa tambi\u00e9n que haya justicia por los pibes soldados que mataron con bombas, y en regimientos del norte. \u00bfPor d\u00f3nde andan tus amigos &#8220;montos&#8221;?<\/p>\n\n\n\n<p>El encuentro se &#8220;pic\u00f3&#8221; y tuvo que intervenir el Omar, el radical de la mesa, con un chiste y algo de data para que los contrincantes acepten cambiar de tema.<\/p>\n\n\n\n<p>-Basta, dejen de pelear. Parecen&nbsp;<strong>Marcelino y Calvente<\/strong>&#8230;<\/p>\n\n\n\n<p>-\u00a1\u00bfC\u00f3mo?! -preguntaron el del PRO y el peronista, sorprendidos, y ya sin \u00e1nimo de pelear por los &#8217;70-.<\/p>\n\n\n\n<p>-Jaja. Bueno, en realidad no es para tanto, pero<strong>&nbsp;hay se\u00f1ales de que la relaci\u00f3n del intendente saliente y el intendente entrante de Guaymall\u00e9n no qued\u00f3 muy fluida<\/strong>.<\/p>\n\n\n\n<p>-\u00bfPor?<\/p>\n\n\n\n<p>-Y&#8230; el Marcos le est\u00e1 dando su impronta a la gesti\u00f3n, como tiene que ser, y parece que hay cosas que molestan, como el cambio de logo&#8230; Y pas\u00f3 algo puntual hace un par de semanas que demostrar\u00eda que &#8220;pasan cosas&#8221;.\u00a0<strong>El Marcelino organiz\u00f3 un festejo de fin de a\u00f1o y el Marcos no fue<\/strong>. Supuestamente porque no ten\u00eda tiempo&#8230; Pero bueno&#8230; \u00a1Justo \u00e9l no fue!<\/p>\n\n\n\n<p>Y as\u00ed, tratando de evitar que la situaci\u00f3n pase a mayores, los amigos se despidieron con la idea de volver a juntarse dentro de unos d\u00edas en alg\u00fan caf\u00e9 o bar del centro mendocino, antes de partir de vacaciones.<\/p>\n\n\n\n<p>FUENTE: Mendozapost.<\/p>\n","protected":false},"excerpt":{"rendered":"<p>&#8220;Cambiando el aceite en el&nbsp;ACA&#8220;. Esta vez, la bomba de humo la tir\u00f3&nbsp;Ludovico, que hab\u00eda llevado la camioneta a poner a punto para, la pr\u00f3xima semana, partir rumbo a Chile de vacaciones. Uno a uno los amigos fueron respondiendo y esa ma\u00f1ana coordinaron r\u00e1pidamente una&nbsp;juntadita en el caf\u00e9 de la estaci\u00f3n de servicio, como una [&hellip;]<\/p>\n","protected":false},"author":2,"featured_media":4434,"comment_status":"open","ping_status":"open","sticky":true,"template":"","format":"standard","meta":[],"categories":[47],"tags":[],"_links":{"self":[{"href":"https:\/\/pasaenmendoza.com\/index.php?rest_route=\/wp\/v2\/posts\/4433"}],"collection":[{"href":"https:\/\/pasaenmendoza.com\/index.php?rest_route=\/wp\/v2\/posts"}],"about":[{"href":"https:\/\/pasaenmendoza.com\/index.php?rest_route=\/wp\/v2\/types\/post"}],"author":[{"embeddable":true,"href":"https:\/\/pasaenmendoza.com\/index.php?rest_route=\/wp\/v2\/users\/2"}],"replies":[{"embeddable":true,"href":"https:\/\/pasaenmendoza.com\/index.php?rest_route=%2Fwp%2Fv2%2Fcomments&post=4433"}],"version-history":[{"count":1,"href":"https:\/\/pasaenmendoza.com\/index.php?rest_route=\/wp\/v2\/posts\/4433\/revisions"}],"predecessor-version":[{"id":4435,"href":"https:\/\/pasaenmendoza.com\/index.php?rest_route=\/wp\/v2\/posts\/4433\/revisions\/4435"}],"wp:featuredmedia":[{"embeddable":true,"href":"https:\/\/pasaenmendoza.com\/index.php?rest_route=\/wp\/v2\/media\/4434"}],"wp:attachment":[{"href":"https:\/\/pasaenmendoza.com\/index.php?rest_route=%2Fwp%2Fv2%2Fmedia&parent=4433"}],"wp:term":[{"taxonomy":"category","embeddable":true,"href":"https:\/\/pasaenmendoza.com\/index.php?rest_route=%2Fwp%2Fv2%2Fcategories&post=4433"},{"taxonomy":"post_tag","embeddable":true,"href":"https:\/\/pasaenmendoza.com\/index.php?rest_route=%2Fwp%2Fv2%2Ftags&post=4433"}],"curies":[{"name":"wp","href":"https:\/\/api.w.org\/{rel}","templated":true}]}}