{"id":4436,"date":"2024-01-10T13:37:30","date_gmt":"2024-01-10T12:37:30","guid":{"rendered":"https:\/\/pasaenmendoza.com\/?p=4436"},"modified":"2024-01-10T13:37:31","modified_gmt":"2024-01-10T12:37:31","slug":"el-presidente-de-la-coviar-llamo-a-los-legisladores-a-una-reunion-por-las-retenciones-al-vino","status":"publish","type":"post","link":"https:\/\/pasaenmendoza.com\/?p=4436","title":{"rendered":"El presidente de la COVIAR llam\u00f3 a los legisladores a una reuni\u00f3n por las retenciones al vino"},"content":{"rendered":"\n<p>Con el objetivo de rechazar cualquier propuesta de\u00a0retenciones a la exportaci\u00f3n de productos vitivin\u00edcolas, y con la confianza de que unidos son m\u00e1s fuertes,\u00a0<strong>la Corporaci\u00f3n Vitivin\u00edcola Argentina (COVIAR) convoc\u00f3 a legisladores nacionales de provincias productoras de vino para una reuni\u00f3n<\/strong>.<\/p>\n\n\n\n<p>El encuentro se dar\u00e1 este mi\u00e9rcoles, a las 10.30, en el hotel Savoy de la Ciudad de Buenos Aires, aprovechando que los diputados est\u00e1n en el\u00a0Congreso debatiendo los puntos de la Ley \u00d3mnibus\u00a0que impulsa el presidente Javier Milei y entre los que se plantea la\u00a0<strong>suba al 8% en la al\u00edcuota de las retenciones para todos los productos exportables de la vid<\/strong>.<\/p>\n\n\n\n<p>La intenci\u00f3n de los empresarios del sector agrupados en la COVIAR es abordar junto a legisladores de la regi\u00f3n el impacto negativo que esta medida podr\u00eda generar al futuro de la producci\u00f3n vitivin\u00edcola del pa\u00eds.<\/p>\n\n\n\n<p>De hecho, el presidente de la COVIAR, el riojano&nbsp;<strong>Mario Gonz\u00e1lez<\/strong>, aport\u00f3 hace una semana un documento realizado por el Observatorio Vitivin\u00edcola Argentino que fundamenta&nbsp;<strong>por qu\u00e9 esa industria debe continuar exenta del pago de derechos de exportaci\u00f3n<\/strong>.<\/p>\n\n\n\n<p>Fue en el marco de un c\u00f3nclave que junto al ministro de Producci\u00f3n de Mendoza, Rodolfo Vargas Arizu, y el de Econom\u00eda de San Juan, Gustavo Fern\u00e1ndez mantuvieron con el secretario de Bioeconom\u00eda de la Naci\u00f3n, Fernando Vilella, en Casa Rosada.<\/p>\n\n\n\n<p>Gonz\u00e1lez confirm\u00f3 a Diario UNO que ya&nbsp;<strong>confirmaron su presencia los representantes legislativos de todos los signos pol\u00edticos de Mendoza<\/strong>&nbsp;&#8220;a pleno&#8221; as\u00ed como diputados de San Juan, La Rioja, Salta, Jujuy, Tucum\u00e1n y de provincias patag\u00f3nicas. &#8220;Tambi\u00e9n nos prometieron venir legisladores de provincias m\u00e1s chicas en cuanto a su producci\u00f3n vitivin\u00edcola&#8221;, anticip\u00f3 el presidente de la COVIAR.<\/p>\n\n\n\n<p>Y destac\u00f3 que la idea es &#8220;mostrarles el Plan Estrat\u00e9gico Vitivin\u00edcola que estamos trabajando a largo plazo y c\u00f3mo la aplicaci\u00f3n de este impuesto nos impactar\u00eda de forma negativa en uno de nuestros ejes estrat\u00e9gicos m\u00e1s importantes que es el mercado externo&#8221;. Adem\u00e1s, la corporaci\u00f3n le brindar\u00e1 a los legisladores nacionales &#8220;todos los datos estad\u00edsticos de primera mano que nosotros manejamos de la industria&#8221;.<\/p>\n\n\n\n<p>Los bodegueros buscan ahora crear un &#8220;polo de legisladores&#8221; para defender al sector vitivin\u00edcola en el Congreso, donde el oficialismo apuesta a no habilitar m\u00e1s que &#8220;mejoras&#8221; en la ley.<\/p>\n\n\n\n<p>La invitaci\u00f3n cursada por la COVIAR a los legisladores destaca que el encuentro &#8220;tiene como objetivo&nbsp;<strong>discutir en el marco del Plan Estrat\u00e9gico Argentina Vitivin\u00edcola al 2030 sobre los alcances y el impacto negativo de la propuesta de derechos de exportaci\u00f3n al complejo vitivin\u00edcola<\/strong>, planteada en el proyecto de ley de Bases y Puntos de Partida para la Libertad de los Argentinos&#8221;.<\/p>\n\n\n\n<p>Algunos de los temas propositivos que se tratar\u00e1n en esta reuni\u00f3n de ma\u00f1ana son: mantener el Proviar 2, fomentar el turismo del vino, asegurar la sostenibilidad del sector y continuar la lucha contra la Lobesia Botrana, conocida como la polilla de la vid.<\/p>\n\n\n\n<p><strong>Fuente: www.diariouno.com.ar<\/strong><\/p>\n","protected":false},"excerpt":{"rendered":"<p>Con el objetivo de rechazar cualquier propuesta de\u00a0retenciones a la exportaci\u00f3n de productos vitivin\u00edcolas, y con la confianza de que unidos son m\u00e1s fuertes,\u00a0la Corporaci\u00f3n Vitivin\u00edcola Argentina (COVIAR) convoc\u00f3 a legisladores nacionales de provincias productoras de vino para una reuni\u00f3n. El encuentro se dar\u00e1 este mi\u00e9rcoles, a las 10.30, en el hotel Savoy de la [&hellip;]<\/p>\n","protected":false},"author":2,"featured_media":4437,"comment_status":"open","ping_status":"open","sticky":false,"template":"","format":"standard","meta":[],"categories":[85],"tags":[],"_links":{"self":[{"href":"https:\/\/pasaenmendoza.com\/index.php?rest_route=\/wp\/v2\/posts\/4436"}],"collection":[{"href":"https:\/\/pasaenmendoza.com\/index.php?rest_route=\/wp\/v2\/posts"}],"about":[{"href":"https:\/\/pasaenmendoza.com\/index.php?rest_route=\/wp\/v2\/types\/post"}],"author":[{"embeddable":true,"href":"https:\/\/pasaenmendoza.com\/index.php?rest_route=\/wp\/v2\/users\/2"}],"replies":[{"embeddable":true,"href":"https:\/\/pasaenmendoza.com\/index.php?rest_route=%2Fwp%2Fv2%2Fcomments&post=4436"}],"version-history":[{"count":1,"href":"https:\/\/pasaenmendoza.com\/index.php?rest_route=\/wp\/v2\/posts\/4436\/revisions"}],"predecessor-version":[{"id":4439,"href":"https:\/\/pasaenmendoza.com\/index.php?rest_route=\/wp\/v2\/posts\/4436\/revisions\/4439"}],"wp:featuredmedia":[{"embeddable":true,"href":"https:\/\/pasaenmendoza.com\/index.php?rest_route=\/wp\/v2\/media\/4437"}],"wp:attachment":[{"href":"https:\/\/pasaenmendoza.com\/index.php?rest_route=%2Fwp%2Fv2%2Fmedia&parent=4436"}],"wp:term":[{"taxonomy":"category","embeddable":true,"href":"https:\/\/pasaenmendoza.com\/index.php?rest_route=%2Fwp%2Fv2%2Fcategories&post=4436"},{"taxonomy":"post_tag","embeddable":true,"href":"https:\/\/pasaenmendoza.com\/index.php?rest_route=%2Fwp%2Fv2%2Ftags&post=4436"}],"curies":[{"name":"wp","href":"https:\/\/api.w.org\/{rel}","templated":true}]}}