{"id":4438,"date":"2024-01-10T14:02:46","date_gmt":"2024-01-10T13:02:46","guid":{"rendered":"https:\/\/pasaenmendoza.com\/?p=4438"},"modified":"2024-01-10T14:21:43","modified_gmt":"2024-01-10T13:21:43","slug":"el-tiempo-en-mendoza-miercoles-parcialmente-nublado-y-con-alerta-por-tormentas","status":"publish","type":"post","link":"https:\/\/pasaenmendoza.com\/?p=4438","title":{"rendered":"El tiempo en Mendoza: mi\u00e9rcoles parcialmente nublado y con alerta por tormentas"},"content":{"rendered":"\n<p>El&nbsp;<strong>mi\u00e9rcoles<\/strong>&nbsp;arranca con cielo parcialmente nublado y poco cambio de la temperatura, vientos moderados del sudeste.&nbsp;<mark>La m\u00ednima ser\u00e1 de 22 grados y la m\u00e1xima de 34.<\/mark><\/p>\n\n\n\n<p>Adem\u00e1s, el&nbsp;<strong>Servicio Meteorol\u00f3gico Nacional (SMN)<\/strong>&nbsp;emiti\u00f3 un&nbsp;<mark>alerta amarillo por tormentas aisladas, con posible ca\u00edda de granizo.<\/mark>&nbsp;El fen\u00f3meno se registrar\u00e1 en horas de la tarde-noche y afectar\u00e1 el Este de Las Heras, La Paz, Lavalle, San Mart\u00edn, Santa Rosa, General Alvear y zonas bajas de San Rafael.<\/p>\n\n\n\n<p>Para el<strong>&nbsp;jueves<\/strong>, la&nbsp;<strong>Direcci\u00f3n de Contingencias Clim\u00e1ticas&nbsp;<\/strong>anuncia: \u201cD\u00eda inestable con nubosidad variable y descenso de la temperatura, vientos leves del noreste\u201d.&nbsp;<mark>La m\u00ednima ser\u00e1 de 21 grados y la m\u00e1xima de 31.<\/mark><\/p>\n\n\n\n<p>En tanto, el<strong>&nbsp;viernes&nbsp;<\/strong>estar\u00e1 con nubosidad variable con ascenso de la temperatura y tormentas aisladas, vientos leves del este.&nbsp;<mark>La m\u00ednima ser\u00e1 de 22 grados y la m\u00e1xima de 33.<\/mark><\/p>\n\n\n\n<p><strong>La situaci\u00f3n en alta monta\u00f1a<\/strong><\/p>\n\n\n\n<p>El&nbsp;<strong>Sistema Integrado Cristo Redentor<\/strong>&nbsp;se encuentra&nbsp;<mark>habilitado<\/mark>&nbsp;para todo tipo de veh\u00edculos, durante las 24 horas.<\/p>\n\n\n\n<p>El&nbsp;<strong>paso Pehuenche<\/strong>&nbsp;est\u00e1&nbsp;<mark>transitable<\/mark>, de 9 a 19.<\/p>\n\n\n\n<p><strong>Fuente: www.elsol.com.ar<\/strong><\/p>\n","protected":false},"excerpt":{"rendered":"<p>El&nbsp;mi\u00e9rcoles&nbsp;arranca con cielo parcialmente nublado y poco cambio de la temperatura, vientos moderados del sudeste.&nbsp;La m\u00ednima ser\u00e1 de 22 grados y la m\u00e1xima de 34. Adem\u00e1s, el&nbsp;Servicio Meteorol\u00f3gico Nacional (SMN)&nbsp;emiti\u00f3 un&nbsp;alerta amarillo por tormentas aisladas, con posible ca\u00edda de granizo.&nbsp;El fen\u00f3meno se registrar\u00e1 en horas de la tarde-noche y afectar\u00e1 el Este de Las Heras, [&hellip;]<\/p>\n","protected":false},"author":2,"featured_media":4447,"comment_status":"open","ping_status":"open","sticky":false,"template":"","format":"standard","meta":[],"categories":[52],"tags":[],"_links":{"self":[{"href":"https:\/\/pasaenmendoza.com\/index.php?rest_route=\/wp\/v2\/posts\/4438"}],"collection":[{"href":"https:\/\/pasaenmendoza.com\/index.php?rest_route=\/wp\/v2\/posts"}],"about":[{"href":"https:\/\/pasaenmendoza.com\/index.php?rest_route=\/wp\/v2\/types\/post"}],"author":[{"embeddable":true,"href":"https:\/\/pasaenmendoza.com\/index.php?rest_route=\/wp\/v2\/users\/2"}],"replies":[{"embeddable":true,"href":"https:\/\/pasaenmendoza.com\/index.php?rest_route=%2Fwp%2Fv2%2Fcomments&post=4438"}],"version-history":[{"count":2,"href":"https:\/\/pasaenmendoza.com\/index.php?rest_route=\/wp\/v2\/posts\/4438\/revisions"}],"predecessor-version":[{"id":4458,"href":"https:\/\/pasaenmendoza.com\/index.php?rest_route=\/wp\/v2\/posts\/4438\/revisions\/4458"}],"wp:featuredmedia":[{"embeddable":true,"href":"https:\/\/pasaenmendoza.com\/index.php?rest_route=\/wp\/v2\/media\/4447"}],"wp:attachment":[{"href":"https:\/\/pasaenmendoza.com\/index.php?rest_route=%2Fwp%2Fv2%2Fmedia&parent=4438"}],"wp:term":[{"taxonomy":"category","embeddable":true,"href":"https:\/\/pasaenmendoza.com\/index.php?rest_route=%2Fwp%2Fv2%2Fcategories&post=4438"},{"taxonomy":"post_tag","embeddable":true,"href":"https:\/\/pasaenmendoza.com\/index.php?rest_route=%2Fwp%2Fv2%2Ftags&post=4438"}],"curies":[{"name":"wp","href":"https:\/\/api.w.org\/{rel}","templated":true}]}}