{"id":4440,"date":"2024-01-10T13:45:51","date_gmt":"2024-01-10T12:45:51","guid":{"rendered":"https:\/\/pasaenmendoza.com\/?p=4440"},"modified":"2024-01-10T13:45:52","modified_gmt":"2024-01-10T12:45:52","slug":"el-gobierno-convoco-al-consejo-del-salario-para-definir-la-suba-del-minimo-vital-y-movil","status":"publish","type":"post","link":"https:\/\/pasaenmendoza.com\/?p=4440","title":{"rendered":"El Gobierno convoc\u00f3 al Consejo del Salario para definir la suba del m\u00ednimo vital y m\u00f3vil"},"content":{"rendered":"\n<p><strong>El Gobierno convocar\u00e1 para fines de enero&nbsp;<\/strong>al<strong>&nbsp;Consejo Nacional del Empleo, la Productividad y el Salario&nbsp;<\/strong>M\u00ednimo, Vital y M\u00f3vil en busca de&nbsp;<strong>definir la actualizaci\u00f3n del sueldo b\u00e1sico<\/strong>, y volver\u00e1 a aumentar el gasto social y previsional, incrementando las asignaciones y otorgando nuevos bonos para jubilados.<\/p>\n\n\n\n<p>La decisi\u00f3n del Ejecutivo se da ante la incesante inercia inflacionaria, que llev\u00f3 a una suba de precios general en el orden del 30% durante diciembre, y se enmarca en el&nbsp;<strong>objetivo de tratar de hacer equilibrio interno, por un lado, entre las posiciones m\u00e1s inflexibles y las dialoguistas&nbsp;<\/strong>que componen la administraci\u00f3n de Javier Milei, y por el otro, con la Confederaci\u00f3n General del Trabajo de la Rep\u00fablica Argentina (CGT).<\/p>\n\n\n\n<p>Aunque en un principio estaba prevista para principios del nuevo a\u00f1o, la convocatoria del Consejo del Salario M\u00ednimo ser\u00e1 entre el 20 y el 30 de enero, de acuerdo a lo informado por la Secretar\u00eda de Trabajo a la agencia Noticias Argentinas. De esta manera,\u00a0<strong>la discusi\u00f3n quedar\u00e1 en medio del paro general lanzado por la CGT para el mi\u00e9rcoles 24 del primer mes del a\u00f1o.<\/strong><\/p>\n\n\n\n<p>En este sentido, la estrategia del Gobierno pasa por contar con una herramienta para abrir un canal de di\u00e1logo con la central obrera, que permita evitar un mayor distanciamiento y descomprimir la protesta de 12 horas. Entre afirmaciones cruzadas de posibles reuniones que por ahora no lograron llevarse a cabo, la relaci\u00f3n entre la gesti\u00f3n Milei y la CGT no arranc\u00f3 de la mejor manera.<\/p>\n\n\n\n<p>Al mismo tiempo, dentro del Ejecutivo conviven posiciones enfrentadas sobre c\u00f3mo afrontar la actual situaci\u00f3n social con los gremios y las pol\u00edticas laborales. El sector encabezado por la ministra de Capital Humano,&nbsp;<strong>Sandra Pettovello<\/strong>, el ministro del Interior,&nbsp;<strong>Guillermo Francos<\/strong>, y el secretario de Trabajo,&nbsp;<strong>Omar Yas\u00edn<\/strong>, plantea una postura m\u00e1s conciliadora que tienda puentes de di\u00e1logo con los l\u00edderes sindicales, mientras que el ala dura que lidera el propio Milei y el jefe de Gabinete, Nicol\u00e1s Posse, no est\u00e1n dispuestos a ceder ni una coma de los proyectos contemplados en el DNU 70 y la Ley \u00d3mnibus.<\/p>\n\n\n\n<h2 class=\"wp-block-heading\">Programas sociales, bonos y seguros<\/h2>\n\n\n\n<p>Ante este panorama, el llamado a fijar un nuevo salario m\u00ednimo que&nbsp;<strong>tendr\u00e1 impacto en el aumento de programas sociales y en el seguro de desempleo intenta ser un mensaje de tregua tanto dentro del Gobierno como para con los sindicatos.<\/strong><\/p>\n\n\n\n<p>En esa l\u00ednea, se proyectan nuevos incrementos en las asignaciones, entre las que se destaca la Asignaci\u00f3n Universal por Hijo (AUH) y en los montos que otorga la tarjeta Alimentar.&nbsp;<strong>En tanto, tambi\u00e9n se prev\u00e9 que habr\u00e1 bonos para jubilados destinados a compensar el rezago de la f\u00f3rmula de movilidad mientras siga vigente<\/strong>, teniendo en cuenta que la derogaci\u00f3n est\u00e1 prevista en el proyecto de la &#8220;Ley de Bases y Puntos de Partida para La Libertad de los Argentinos&#8221;.<\/p>\n\n\n\n<p>El salario m\u00ednimo vigente se estableci\u00f3 en septiembre de 2023 con una suba escalonada que llev\u00f3 a que el ingreso b\u00e1sico este actualmente en $156.000.<\/p>\n\n\n\n<p>En la \u00faltima convocatoria se modific\u00f3 la manera en que se calcula y actualiza el SMVM, y si bien hasta esa fecha, representaba la mitad del salario promedio de un trabajador durante los \u00faltimos seis meses, a partir de ese \u00faltimo incremento, pas\u00f3 a calcularse como el 75% del salario promedio de un trabajador durante el mismo per\u00edodo de tiempo.<\/p>\n\n\n\n<p>El salario m\u00ednimo mensual del pa\u00eds en d\u00f3lares qued\u00f3 a fin de diciembre como el pen\u00faltimo m\u00e1s bajo de Latinoam\u00e9rica, con 152 d\u00f3lares, seg\u00fan la consultora Statist. Venezuela, con 3,61 d\u00f3lares, tiene el m\u00e1s bajo de toda la regi\u00f3n, en la que Costa Rica encabeza la medici\u00f3n, con 687 d\u00f3lares, que supera a la Argentina en cuatro veces y media.<\/p>\n\n\n\n<p><strong>Fuente: www.diariouno.com.ar<\/strong><\/p>\n","protected":false},"excerpt":{"rendered":"<p>El Gobierno convocar\u00e1 para fines de enero&nbsp;al&nbsp;Consejo Nacional del Empleo, la Productividad y el Salario&nbsp;M\u00ednimo, Vital y M\u00f3vil en busca de&nbsp;definir la actualizaci\u00f3n del sueldo b\u00e1sico, y volver\u00e1 a aumentar el gasto social y previsional, incrementando las asignaciones y otorgando nuevos bonos para jubilados. La decisi\u00f3n del Ejecutivo se da ante la incesante inercia inflacionaria, [&hellip;]<\/p>\n","protected":false},"author":2,"featured_media":4441,"comment_status":"open","ping_status":"open","sticky":false,"template":"","format":"standard","meta":[],"categories":[79],"tags":[],"_links":{"self":[{"href":"https:\/\/pasaenmendoza.com\/index.php?rest_route=\/wp\/v2\/posts\/4440"}],"collection":[{"href":"https:\/\/pasaenmendoza.com\/index.php?rest_route=\/wp\/v2\/posts"}],"about":[{"href":"https:\/\/pasaenmendoza.com\/index.php?rest_route=\/wp\/v2\/types\/post"}],"author":[{"embeddable":true,"href":"https:\/\/pasaenmendoza.com\/index.php?rest_route=\/wp\/v2\/users\/2"}],"replies":[{"embeddable":true,"href":"https:\/\/pasaenmendoza.com\/index.php?rest_route=%2Fwp%2Fv2%2Fcomments&post=4440"}],"version-history":[{"count":1,"href":"https:\/\/pasaenmendoza.com\/index.php?rest_route=\/wp\/v2\/posts\/4440\/revisions"}],"predecessor-version":[{"id":4442,"href":"https:\/\/pasaenmendoza.com\/index.php?rest_route=\/wp\/v2\/posts\/4440\/revisions\/4442"}],"wp:featuredmedia":[{"embeddable":true,"href":"https:\/\/pasaenmendoza.com\/index.php?rest_route=\/wp\/v2\/media\/4441"}],"wp:attachment":[{"href":"https:\/\/pasaenmendoza.com\/index.php?rest_route=%2Fwp%2Fv2%2Fmedia&parent=4440"}],"wp:term":[{"taxonomy":"category","embeddable":true,"href":"https:\/\/pasaenmendoza.com\/index.php?rest_route=%2Fwp%2Fv2%2Fcategories&post=4440"},{"taxonomy":"post_tag","embeddable":true,"href":"https:\/\/pasaenmendoza.com\/index.php?rest_route=%2Fwp%2Fv2%2Ftags&post=4440"}],"curies":[{"name":"wp","href":"https:\/\/api.w.org\/{rel}","templated":true}]}}