{"id":4446,"date":"2024-01-10T14:33:29","date_gmt":"2024-01-10T13:33:29","guid":{"rendered":"https:\/\/pasaenmendoza.com\/?p=4446"},"modified":"2024-01-10T14:33:30","modified_gmt":"2024-01-10T13:33:30","slug":"luis-petri-afirmo-que-esta-dispuesto-a-dejar-la-vida-para-defender-los-intereses-de-la-patria","status":"publish","type":"post","link":"https:\/\/pasaenmendoza.com\/?p=4446","title":{"rendered":"Luis Petri afirm\u00f3 que est\u00e1 dispuesto &#8220;a dejar la vida para defender los intereses de la Patria&#8221;"},"content":{"rendered":"\n<p>El mendocino Luis Petri, ministro de Defensa de la Naci\u00f3n,\u00a0-tras visitar el fin de semana la Base Marambio en la Ant\u00e1rtida-\u00a0puso en funciones este mi\u00e9rcoles al nuevo jefe del Estado Mayor Conjunto, Xavier Isaac. Enfervorizado, el funcionario exclam\u00f3:<strong>\u00a0\u201cDesde este ministerio y del Estado Mayor Conjunto, vamos a dejar la vida para defender los intereses de la Patria y de nuestras fuerzas&#8221;.<\/strong><\/p>\n\n\n\n<p>La decisi\u00f3n del presidente<strong>&nbsp;Javier Milei&nbsp;<\/strong>de renovar la c\u00fapula del Ej\u00e9rcito, que implic\u00f3 el pase a retiro de 22 generales, gener\u00f3 un fuerte impacto dentro de las Fuerzas Armadas.<\/p>\n\n\n\n<p>Esta medida se considera la m\u00e1s extensa en materia militar desde las que se llevaron a cabo durante los gobiernos de Ra\u00fal Alfons\u00edn y N\u00e9stor Kirchner.<\/p>\n\n\n\n<h2 class=\"wp-block-heading\">Petri puso en funciones al nuevo jefe<\/h2>\n\n\n\n<p>En el acto de puesta en funciones el ministro se\u00f1al\u00f3: &#8220;Hoy marcamos un nuevo cap\u00edtulo en la historia de nuestras Fuerzas Armadas. Se llev\u00f3 a cabo el relevo en la Jefatura del Estado Mayor Conjunto, donde el Brigadier Xavier Isaac asumi\u00f3 una tarea tit\u00e1nica, repleta de desaf\u00edos.<strong>&nbsp;Les garantizo que trabajaremos juntos, codo a codo, para fortalecer nuestras fuerzas y defender a la Patria.&nbsp;<\/strong>Su liderazgo ser\u00e1 fundamental para devolverle a las Fuerzas Armadas su papel estrat\u00e9gico en el desarrollo nacional. Enfrentamos desaf\u00edos cr\u00edticos, pero con determinaci\u00f3n y unidad, avanzaremos hacia un futuro pr\u00f3spero y libre&#8221;.<\/p>\n\n\n\n<p><strong>\u201cLa conducci\u00f3n de las Fuerzas Armadas es una tarea dif\u00edcil por momentos tit\u00e1nica, cargada de desaf\u00edos que cada d\u00eda la vuelven m\u00e1s compleja y que por lo tanto necesita ser conducida por los mejores\u201d<\/strong>, expres\u00f3 el ministro Petri.<\/p>\n\n\n\n<p>Y continu\u00f3: \u201cEl brigadier general Xavier Isaac es una de esas personas y por eso es un orgullo y un honor haberlo propuesto y haberle propuesto al presidente de la Naci\u00f3n, Javier Milei, que resolviera favorablemente su designaci\u00f3n y hoy presentarlo como el nuevo jefe del Estado Mayor Conjunto de las Fuerzas Armadas\u201d<\/p>\n\n\n\n<p>Asimismo, el titular de la cartera agreg\u00f3: \u201cTambi\u00e9n quiero tomarme un momento para saludar al jefe del Estado Mayor Conjunto saliente&nbsp;<strong>teniente general, Juan Mart\u00edn Paleo,<\/strong>&nbsp;y agradecerle por esta vida de servicio y entrega a la Patria, sabiendo que le ha tocado comandar a nuestras Fuerzas Armadas en uno de los momentos duros que vivi\u00f3 nuestro pa\u00eds, como fue la pandemia\u201d.<\/p>\n\n\n\n<p><strong>\u201cDesde este ministerio y del Estado Mayor Conjunto, vamos a dejar la vida para defender los intereses de la Patria y de nuestras fuerzas, que los argentinos sepan que nuestras Fuerzas Armadas son fuerzas de la Constituci\u00f3n, de la democracia, pero profundamente tambi\u00e9n son fuerzas de la paz\u201d,\u00a0<\/strong>concluy\u00f3 Petri.<\/p>\n\n\n\n<h2 class=\"wp-block-heading\">Qui\u00e9n es el nuevo jefe<\/h2>\n\n\n\n<p>El general Isaac, nacido el 1 de diciembre de 1962 en Buenos Aires, ha construido una carrera militar que abarca desde su ingreso a la Escuela de Aviaci\u00f3n Militar en 1983 hasta convertirse en el jefe del Estado Mayor General de la Fuerza A\u00e9rea Argentina en febrero de 2020.<\/p>\n\n\n\n<p>A lo largo de su trayectoria, ha desempe\u00f1ado roles clave, incluyendo piloto de combate, instructor, y director de diversas divisiones y relaciones internacionales, destac\u00e1ndose por su participaci\u00f3n en cursos avanzados en Estados Unidos.<\/p>\n\n\n\n<p>Adem\u00e1s particip\u00f3 como&nbsp;<strong>Agregado Aeron\u00e1utico en la Embajada Argentina ubicada en Estados Unidos y como Agregado de Defensa y Aeron\u00e1utica en la Embajada Argentina ante Canad\u00e1.<\/strong><\/p>\n\n\n\n<p>Para m\u00e1s tarde estaba previsto que el titular del Ministerio de Defensa pusiera en funciones en el edificio C\u00f3ndor al nuevo jefe de la Fuerza A\u00e9rea Argentina, brigadier mayor Fernando Luis Mengo.<\/p>\n\n\n\n<p><strong>Fuente: www.diariouno.com.ar<\/strong><\/p>\n","protected":false},"excerpt":{"rendered":"<p>El mendocino Luis Petri, ministro de Defensa de la Naci\u00f3n,\u00a0-tras visitar el fin de semana la Base Marambio en la Ant\u00e1rtida-\u00a0puso en funciones este mi\u00e9rcoles al nuevo jefe del Estado Mayor Conjunto, Xavier Isaac. Enfervorizado, el funcionario exclam\u00f3:\u00a0\u201cDesde este ministerio y del Estado Mayor Conjunto, vamos a dejar la vida para defender los intereses de [&hellip;]<\/p>\n","protected":false},"author":2,"featured_media":4459,"comment_status":"open","ping_status":"open","sticky":false,"template":"","format":"standard","meta":[],"categories":[47],"tags":[],"_links":{"self":[{"href":"https:\/\/pasaenmendoza.com\/index.php?rest_route=\/wp\/v2\/posts\/4446"}],"collection":[{"href":"https:\/\/pasaenmendoza.com\/index.php?rest_route=\/wp\/v2\/posts"}],"about":[{"href":"https:\/\/pasaenmendoza.com\/index.php?rest_route=\/wp\/v2\/types\/post"}],"author":[{"embeddable":true,"href":"https:\/\/pasaenmendoza.com\/index.php?rest_route=\/wp\/v2\/users\/2"}],"replies":[{"embeddable":true,"href":"https:\/\/pasaenmendoza.com\/index.php?rest_route=%2Fwp%2Fv2%2Fcomments&post=4446"}],"version-history":[{"count":1,"href":"https:\/\/pasaenmendoza.com\/index.php?rest_route=\/wp\/v2\/posts\/4446\/revisions"}],"predecessor-version":[{"id":4460,"href":"https:\/\/pasaenmendoza.com\/index.php?rest_route=\/wp\/v2\/posts\/4446\/revisions\/4460"}],"wp:featuredmedia":[{"embeddable":true,"href":"https:\/\/pasaenmendoza.com\/index.php?rest_route=\/wp\/v2\/media\/4459"}],"wp:attachment":[{"href":"https:\/\/pasaenmendoza.com\/index.php?rest_route=%2Fwp%2Fv2%2Fmedia&parent=4446"}],"wp:term":[{"taxonomy":"category","embeddable":true,"href":"https:\/\/pasaenmendoza.com\/index.php?rest_route=%2Fwp%2Fv2%2Fcategories&post=4446"},{"taxonomy":"post_tag","embeddable":true,"href":"https:\/\/pasaenmendoza.com\/index.php?rest_route=%2Fwp%2Fv2%2Ftags&post=4446"}],"curies":[{"name":"wp","href":"https:\/\/api.w.org\/{rel}","templated":true}]}}