{"id":4452,"date":"2024-01-10T14:13:41","date_gmt":"2024-01-10T13:13:41","guid":{"rendered":"https:\/\/pasaenmendoza.com\/?p=4452"},"modified":"2024-01-10T14:13:58","modified_gmt":"2024-01-10T13:13:58","slug":"murio-electrocutado-un-interno-del-penal-almafuerte-ii","status":"publish","type":"post","link":"https:\/\/pasaenmendoza.com\/?p=4452","title":{"rendered":"Muri\u00f3 electrocutado un interno del penal Almafuerte II"},"content":{"rendered":"\n<p><strong>Un interno del centro penitenciario Almafuerte II perdi\u00f3 la vida al electrocutarse,&nbsp;<\/strong>confirmaron desde el Servicio Penitenciario Provincial. La v\u00edctima fatal fue identificada como&nbsp;<strong>Mart\u00edn Alejandro Quesada Carmona.&nbsp;<\/strong><\/p>\n\n\n\n<p>El hecho se dio a conocer hoy, pero ocurri\u00f3 hace varios d\u00edas, el pasado viernes 5 de enero, cuando el interno de la Unidad XI\u00a0<strong>realizaba una conexi\u00f3n el\u00e9ctrica clandestina<\/strong>\u00a0en su celda y recibi\u00f3 una descarga.\u00a0<\/p>\n\n\n\n<p>Personal penitenciario fue alertado de esta situaci\u00f3n y concurrieron al lugar a socorrer a Quesada, por lo que fue trasladado de urgencia al hospital Central, donde los m\u00e9dicos\u00a0<strong>constataron su fallecimiento.<\/strong><\/p>\n\n\n\n<p>Quesada Carmona cumpl\u00eda una condena de 18 a\u00f1os de prisi\u00f3n por robo con arma de fuego y homicidio agravado por el uso de arma de fuego.<\/p>\n\n\n\n<p><strong>Fuente: www.mendozapost.com<\/strong><\/p>\n","protected":false},"excerpt":{"rendered":"<p>Un interno del centro penitenciario Almafuerte II perdi\u00f3 la vida al electrocutarse,&nbsp;confirmaron desde el Servicio Penitenciario Provincial. La v\u00edctima fatal fue identificada como&nbsp;Mart\u00edn Alejandro Quesada Carmona.&nbsp; El hecho se dio a conocer hoy, pero ocurri\u00f3 hace varios d\u00edas, el pasado viernes 5 de enero, cuando el interno de la Unidad XI\u00a0realizaba una conexi\u00f3n el\u00e9ctrica clandestina\u00a0en [&hellip;]<\/p>\n","protected":false},"author":2,"featured_media":4453,"comment_status":"open","ping_status":"open","sticky":false,"template":"","format":"standard","meta":[],"categories":[48],"tags":[],"_links":{"self":[{"href":"https:\/\/pasaenmendoza.com\/index.php?rest_route=\/wp\/v2\/posts\/4452"}],"collection":[{"href":"https:\/\/pasaenmendoza.com\/index.php?rest_route=\/wp\/v2\/posts"}],"about":[{"href":"https:\/\/pasaenmendoza.com\/index.php?rest_route=\/wp\/v2\/types\/post"}],"author":[{"embeddable":true,"href":"https:\/\/pasaenmendoza.com\/index.php?rest_route=\/wp\/v2\/users\/2"}],"replies":[{"embeddable":true,"href":"https:\/\/pasaenmendoza.com\/index.php?rest_route=%2Fwp%2Fv2%2Fcomments&post=4452"}],"version-history":[{"count":1,"href":"https:\/\/pasaenmendoza.com\/index.php?rest_route=\/wp\/v2\/posts\/4452\/revisions"}],"predecessor-version":[{"id":4454,"href":"https:\/\/pasaenmendoza.com\/index.php?rest_route=\/wp\/v2\/posts\/4452\/revisions\/4454"}],"wp:featuredmedia":[{"embeddable":true,"href":"https:\/\/pasaenmendoza.com\/index.php?rest_route=\/wp\/v2\/media\/4453"}],"wp:attachment":[{"href":"https:\/\/pasaenmendoza.com\/index.php?rest_route=%2Fwp%2Fv2%2Fmedia&parent=4452"}],"wp:term":[{"taxonomy":"category","embeddable":true,"href":"https:\/\/pasaenmendoza.com\/index.php?rest_route=%2Fwp%2Fv2%2Fcategories&post=4452"},{"taxonomy":"post_tag","embeddable":true,"href":"https:\/\/pasaenmendoza.com\/index.php?rest_route=%2Fwp%2Fv2%2Ftags&post=4452"}],"curies":[{"name":"wp","href":"https:\/\/api.w.org\/{rel}","templated":true}]}}