{"id":4455,"date":"2024-01-10T14:20:54","date_gmt":"2024-01-10T13:20:54","guid":{"rendered":"https:\/\/pasaenmendoza.com\/?p=4455"},"modified":"2024-01-10T14:20:55","modified_gmt":"2024-01-10T13:20:55","slug":"en-fotos-el-operativo-para-rescatar-a-un-indigente-que-cayo-al-cacique-guaymallen","status":"publish","type":"post","link":"https:\/\/pasaenmendoza.com\/?p=4455","title":{"rendered":"En fotos: el operativo para rescatar a un indigente que cay\u00f3 al Cacique Guaymall\u00e9n"},"content":{"rendered":"\n<p>Un hombre en situaci\u00f3n de calle sufri\u00f3 una ca\u00edda la tarde de este martes y termin\u00f3 interior del canal&nbsp;<strong>Cacique Guaymall\u00e9n<\/strong>, en la zona de la&nbsp;<strong>Costanera<\/strong>.&nbsp;<mark>Fue rescatado y se encontraba en buen estado de salud<\/mark>.<\/p>\n\n\n\n<p>Testigos indicaron que minutos antes de las 20 transe\u00fantes que pasaban por ese sector de<strong>&nbsp;avenida Gobernador Ricardo Videla y calle O\u2019Brien<\/strong>, en&nbsp;<strong>San Jos\u00e9<\/strong>, advirtieron que un sujeto precipit\u00f3 hacia el citado cauce de riego y desag\u00fce aluvional.<\/p>\n\n\n\n<p>Las fuentes consultadas se\u00f1alaron que se trataba de un indigente que pernocta en la zona. Probablemente, agregaron, tuvo el accidente cuando trataba de ingresar a su cuchitril, esos sectores bajo los puentes de la Costanera donde los \u201csin casa\u201d suelen colocar colchones o mantas para dormir y protegerse de la intemperie.<\/p>\n\n\n\n<p>Lo cierto es que&nbsp;<mark>polic\u00edas y&nbsp;<strong>bomberos del Cuartel Central<\/strong>&nbsp;se hicieron presentes y montaron un operativo con el que lograron rescatar al hombre<\/mark>, bajo la curiosa mirada de decenas de personas que pasaban por all\u00ed.<\/p>\n\n\n\n<p>Luego, fue asistido y se constat\u00f3 que no presentaba lesiones que motivaran su traslado a un nosocomio.<\/p>\n\n\n\n<p><strong>Fuente: www.elsol.com.ar<\/strong><\/p>\n","protected":false},"excerpt":{"rendered":"<p>Un hombre en situaci\u00f3n de calle sufri\u00f3 una ca\u00edda la tarde de este martes y termin\u00f3 interior del canal&nbsp;Cacique Guaymall\u00e9n, en la zona de la&nbsp;Costanera.&nbsp;Fue rescatado y se encontraba en buen estado de salud. Testigos indicaron que minutos antes de las 20 transe\u00fantes que pasaban por ese sector de&nbsp;avenida Gobernador Ricardo Videla y calle O\u2019Brien, [&hellip;]<\/p>\n","protected":false},"author":2,"featured_media":4456,"comment_status":"open","ping_status":"open","sticky":false,"template":"","format":"standard","meta":[],"categories":[48],"tags":[],"_links":{"self":[{"href":"https:\/\/pasaenmendoza.com\/index.php?rest_route=\/wp\/v2\/posts\/4455"}],"collection":[{"href":"https:\/\/pasaenmendoza.com\/index.php?rest_route=\/wp\/v2\/posts"}],"about":[{"href":"https:\/\/pasaenmendoza.com\/index.php?rest_route=\/wp\/v2\/types\/post"}],"author":[{"embeddable":true,"href":"https:\/\/pasaenmendoza.com\/index.php?rest_route=\/wp\/v2\/users\/2"}],"replies":[{"embeddable":true,"href":"https:\/\/pasaenmendoza.com\/index.php?rest_route=%2Fwp%2Fv2%2Fcomments&post=4455"}],"version-history":[{"count":1,"href":"https:\/\/pasaenmendoza.com\/index.php?rest_route=\/wp\/v2\/posts\/4455\/revisions"}],"predecessor-version":[{"id":4457,"href":"https:\/\/pasaenmendoza.com\/index.php?rest_route=\/wp\/v2\/posts\/4455\/revisions\/4457"}],"wp:featuredmedia":[{"embeddable":true,"href":"https:\/\/pasaenmendoza.com\/index.php?rest_route=\/wp\/v2\/media\/4456"}],"wp:attachment":[{"href":"https:\/\/pasaenmendoza.com\/index.php?rest_route=%2Fwp%2Fv2%2Fmedia&parent=4455"}],"wp:term":[{"taxonomy":"category","embeddable":true,"href":"https:\/\/pasaenmendoza.com\/index.php?rest_route=%2Fwp%2Fv2%2Fcategories&post=4455"},{"taxonomy":"post_tag","embeddable":true,"href":"https:\/\/pasaenmendoza.com\/index.php?rest_route=%2Fwp%2Fv2%2Ftags&post=4455"}],"curies":[{"name":"wp","href":"https:\/\/api.w.org\/{rel}","templated":true}]}}