{"id":4461,"date":"2024-01-11T12:59:14","date_gmt":"2024-01-11T11:59:14","guid":{"rendered":"https:\/\/pasaenmendoza.com\/?p=4461"},"modified":"2024-01-11T12:59:15","modified_gmt":"2024-01-11T11:59:15","slug":"ley-omnibus-alfredo-cornejo-dejo-en-claro-su-postura-y-cuestiono-las-retenciones-al-vino","status":"publish","type":"post","link":"https:\/\/pasaenmendoza.com\/?p=4461","title":{"rendered":"Ley \u00f3mnibus: Alfredo Cornejo dej\u00f3 en claro su postura y cuestion\u00f3 las retenciones al vino"},"content":{"rendered":"\n<p>El gobernador apunt\u00f3 contra el aumento en el gravamen vitivin\u00edcola que plantea Javier Milei e indic\u00f3 que el paquete de leyes &#8220;es amplio y\u00a0va en la direcci\u00f3n correcta de desregular la econom\u00eda&#8221;.<\/p>\n\n\n\n<p>El gobernador de Mendoza,\u00a0<strong>Alfredo Cornejo<\/strong>, se mostr\u00f3 cr\u00edtico con la ley propuesta por el Gobierno nacional que plantea un aumento de 8% en el pago de\u00a0<strong>retenciones<\/strong> para la industria vitivin\u00edcola. Sobre la denominada &#8220;<strong>ley \u00f3mnibus<\/strong>&#8221; enviada por el Poder Ejecutivo, sostuvo que el paquete de leyes &#8220;es muy amplio y\u00a0va en la direcci\u00f3n correcta de desregular la econom\u00eda y de generar condiciones\u00a0para mayor inversi\u00f3n&#8221;, pero que &#8220;requiere un alto consenso&#8221; porque &#8220;estamos viviendo en democracia y hay facultades indelegables del Congreso&#8221;. En tanto, celebr\u00f3 un cambio en el cap\u00edtulo que refiere a hidrocarburos.<\/p>\n\n\n\n<p>Ante la consulta de si le realizar\u00e1 un planteo en especial al gobierno de Javier Milei para dar marcha atr\u00e1s con las\u00a0<strong>retenciones\u00a0<\/strong>al vino,\u00a0<strong>Cornejo\u00a0<\/strong>se\u00f1al\u00f3: &#8220;Ya lo hemos hecho. Yo mismo se lo transmit\u00ed al presidente Milei en la \u00faltima oportunidad. Cuando convoc\u00f3 a los gobernadores tuve un peque\u00f1o apartado a solas y le transmit\u00ed los argumentos, que est\u00e1n basados en datos t\u00e9cnicos. No hay una gran recaudaci\u00f3n para el Estado nacional en materia de\u00a0<strong>retenciones<\/strong>. No es lo mismo vender soja y\u00a0vender trigo, aunque tampoco estoy a favor de esas\u00a0<strong>retenciones<\/strong>. Pero vender vino es una cosa mucho m\u00e1s compleja. Requiere tener distribuidores y\u00a0una estrategia de dos o\u00a0tres a\u00f1os para poder conquistar un mercado, entonces poner\u00a0<strong>retenciones\u00a0<\/strong>al vino es mucho m\u00e1s nocivo para la actividad que en otras actividades de commodities. El\u00a0<strong>vino\u00a0<\/strong>no es un commoditie, con lo cual tambi\u00e9n es un problema para ponerle\u00a0<strong>retenciones<\/strong>&#8220;.<\/p>\n\n\n\n<p>De hecho, el Gobierno de Mendoza, junto a funcionarios sanjuaninos y directivos de la Corporaci\u00f3n Vitivin\u00edcola\u00a0Argentina, se reuni\u00f3\u00a0d\u00edas atr\u00e1s con\u00a0el secretario de Bioeconom\u00eda de la Naci\u00f3n, Fernando Vilella, con el fin de que no se aumentaran las\u00a0<strong>retenciones<\/strong>. La respuesta no fue favorable y la pelota qued\u00f3 en el Congreso. Mientras tanto, legisladores mendocinos de diferentes espacios pol\u00edticos manifestaron que votar\u00e1n en contra, llegado el caso. Incluso,\u00a0diputados y senadores mantuvieron un encuentro con dirigentes de la Coviar para crear un frente en com\u00fan que rechace esta medida.<\/p>\n\n\n\n<p>&#8220;Las&nbsp;<strong>retenciones&nbsp;<\/strong>no pueden salir por decreto, sino por ley.&nbsp;No s\u00e9 si el Gobierno tiene&nbsp;los votos necesarios. No s\u00e9 si los va a tener. Creo que hay un margen de negociaci\u00f3n y hay que trabajar ah\u00ed. Nuestros legisladores tanto, Lisandro Nieri como Pamela Verasay y&nbsp;Mariana Juri,&nbsp;han estado en la reuni\u00f3n esta ma\u00f1ana de la Coviar. Ellos est\u00e1n este receptando argumentos. Yo estoy en permanente contacto con el presidente de la COVIAR y con&nbsp;el presidente de Bodegas de Argentina. Estamos conversando todas las estrategias y las alternativas&#8221;, sum\u00f3&nbsp;<strong>Cornejo&nbsp;<\/strong>al respecto al participar en la inauguraci\u00f3n de nuevas estaciones del sistema BiciTran, en el departamento Las Heras.<\/p>\n\n\n\n<p>&#8220;En la otra oportunidad que fui gobernador me toc\u00f3\u00a0ir contra el impuesto al vino y a los espumantes y logramos sacarlo.\u00a0Tuvimos un peque\u00f1o logro con el petr\u00f3leo. Vamos a trabajar en esa direcci\u00f3n. Hoy la agenda nacional se impone sobre la provincial. Nosotros estamos este haciendo cosas, pero quedan tapadas por la l\u00f3gica nacional y es razonable que sea as\u00ed. Son cambios muy bruscos a que tienen impacto sobre Mendoza. Nosotros le damos prioridad hoy d\u00eda a tener posici\u00f3n, a apoyar las cosas que hay que apoyar y a rechazar las que creamos que no son convenientes para Mendoza, como es el caso de las\u00a0<strong>retenciones<\/strong>&#8220;, dijo.<\/p>\n\n\n\n<p>Ley \u00f3mnibus<br>Alfredo Cornejo tambi\u00e9n opin\u00f3 sobre algunos aspectos de la Ley de Bases y Puntos de Partida para la Libertad de los Argentinos -o mejor llamada &#8220;ley \u00f3mnibus&#8221;- que este mi\u00e9rcoles tuvo su segunda jornada de debates en el plenario de comisiones de la C\u00e1mara de Diputados, donde hubo m\u00faltiples contrapuntos y asperezas.<\/p>\n\n\n\n<p>&#8220;El paquete es muy amplio y va en la direcci\u00f3n correcta de desregular la econom\u00eda y de generar condiciones para mayor inversi\u00f3n. El paquete es mucho m\u00e1s amplio que las retenciones al vino. Creo que hay que ir desarm\u00e1ndolo. Hay cosas que son muy razonables y \u00fatiles para hacer en Argentina. Y hay cosas que creo que son un error. Algunos ya hemos empezado a despejar&#8221;, consider\u00f3 el mandatario provincial.<\/p>\n\n\n\n<p>En otro tramo, festej\u00f3 que el Gobierno nacional haya escuchado las cr\u00edticas propiciadas sobre un punto en especial que buscaba modificara lo relacionado a hidrocarburos. Concretamente, el secretario de Energ\u00eda, Eduardo Rodr\u00edguez Chirillo, hizo un anuncio que fue bien recibido en la provincia de Mendoza. &#8220;Ya est\u00e1 resuelto y hablado con los gobernadores&#8221;, remarc\u00f3 el funcionario. Las provincias petroleras hab\u00edan levantado la guardia ante la posibilidad de que la administraci\u00f3n nacional avance sobre la potestad de las provincias en el manejo de sus recurso. Cornejo fue uno de los que alz\u00f3 la voz.<\/p>\n\n\n\n<p>El reclamo de Cornejo para que se de marcha atr\u00e1s con ese cap\u00edtulo era compartido por el resto de los gobernadores de provincias petroleras. Al igual que ocurri\u00f3 con reclamos de provincias pesqueras y otras vinculadas a los biocombustibles, la Casa Rosada confirm\u00f3 que volver\u00e1n a redactar ese articulado.<\/p>\n\n\n\n<p>Por ello, Cornejo remarc\u00f3 tras enterarse de lo sucedido: &#8220;Los gobernadores de provincias que tenemos petr\u00f3leo estamos logrando que se saque ese art\u00edculo que no se comprend\u00eda muy bien porque nos hac\u00eda retroceder en la propiedad de los recursos naturales que son de Mendoza. As\u00ed que estamos satisfechos de ir logr\u00e1ndolo pasito a pasito. Este paquete requiere una cierta celeridad y que se trate pronto, pero tambi\u00e9n requiere un alto consenso. Estamos viviendo en democracia. Hay facultades indelegables del Congreso&#8221;.<\/p>\n\n\n\n<p>FUENTE: Mdzonline.<\/p>\n","protected":false},"excerpt":{"rendered":"<p>El gobernador apunt\u00f3 contra el aumento en el gravamen vitivin\u00edcola que plantea Javier Milei e indic\u00f3 que el paquete de leyes &#8220;es amplio y\u00a0va en la direcci\u00f3n correcta de desregular la econom\u00eda&#8221;. El gobernador de Mendoza,\u00a0Alfredo Cornejo, se mostr\u00f3 cr\u00edtico con la ley propuesta por el Gobierno nacional que plantea un aumento de 8% en [&hellip;]<\/p>\n","protected":false},"author":2,"featured_media":4462,"comment_status":"open","ping_status":"open","sticky":true,"template":"","format":"standard","meta":[],"categories":[47],"tags":[],"_links":{"self":[{"href":"https:\/\/pasaenmendoza.com\/index.php?rest_route=\/wp\/v2\/posts\/4461"}],"collection":[{"href":"https:\/\/pasaenmendoza.com\/index.php?rest_route=\/wp\/v2\/posts"}],"about":[{"href":"https:\/\/pasaenmendoza.com\/index.php?rest_route=\/wp\/v2\/types\/post"}],"author":[{"embeddable":true,"href":"https:\/\/pasaenmendoza.com\/index.php?rest_route=\/wp\/v2\/users\/2"}],"replies":[{"embeddable":true,"href":"https:\/\/pasaenmendoza.com\/index.php?rest_route=%2Fwp%2Fv2%2Fcomments&post=4461"}],"version-history":[{"count":1,"href":"https:\/\/pasaenmendoza.com\/index.php?rest_route=\/wp\/v2\/posts\/4461\/revisions"}],"predecessor-version":[{"id":4463,"href":"https:\/\/pasaenmendoza.com\/index.php?rest_route=\/wp\/v2\/posts\/4461\/revisions\/4463"}],"wp:featuredmedia":[{"embeddable":true,"href":"https:\/\/pasaenmendoza.com\/index.php?rest_route=\/wp\/v2\/media\/4462"}],"wp:attachment":[{"href":"https:\/\/pasaenmendoza.com\/index.php?rest_route=%2Fwp%2Fv2%2Fmedia&parent=4461"}],"wp:term":[{"taxonomy":"category","embeddable":true,"href":"https:\/\/pasaenmendoza.com\/index.php?rest_route=%2Fwp%2Fv2%2Fcategories&post=4461"},{"taxonomy":"post_tag","embeddable":true,"href":"https:\/\/pasaenmendoza.com\/index.php?rest_route=%2Fwp%2Fv2%2Ftags&post=4461"}],"curies":[{"name":"wp","href":"https:\/\/api.w.org\/{rel}","templated":true}]}}