{"id":4467,"date":"2024-01-11T13:10:09","date_gmt":"2024-01-11T12:10:09","guid":{"rendered":"https:\/\/pasaenmendoza.com\/?p=4467"},"modified":"2024-01-11T13:10:10","modified_gmt":"2024-01-11T12:10:10","slug":"los-presos-de-mendoza-no-podran-usar-celulares-con-una-excepcion","status":"publish","type":"post","link":"https:\/\/pasaenmendoza.com\/?p=4467","title":{"rendered":"Los presos de Mendoza no podr\u00e1n usar celulares, con una excepci\u00f3n"},"content":{"rendered":"\n<p>En una decisi\u00f3n que marca un cambio significativo en las&nbsp;<strong>condiciones carcelarias<\/strong>&nbsp;de&nbsp;<strong>Mendoza<\/strong>&nbsp;, el&nbsp;<strong>juez Sebasti\u00e1n Sarmiento&nbsp;<\/strong>resolvi\u00f3<strong>&nbsp;poner fin al uso de tel\u00e9fonos celulares&nbsp;<\/strong>por parte de los<strong>&nbsp;reclusos en c\u00e1rceles<\/strong>&nbsp;de la provincia. De este modo, rechaza las extensiones de emergencia (que ven\u00edan desde el Covid) solicitadas por los defensores p\u00fablicos y la Asociaci\u00f3n Verdad y Justicia, establece medidas claras para la implementaci\u00f3n de esta nueva disposici\u00f3n.<\/p>\n\n\n\n<p>Sarmiento firm\u00f3 en la tarde de este mi\u00e9rcoles la resoluci\u00f3n, luego de las solicitudes presentadas por los Defensores Oficiales de la provincia, el Procurador de las Personas Privadas de Libertad y la Direcci\u00f3n de Derechos Humanos de la Suprema Corte de Justicia que pretend\u00edan extender la emergencia, bas\u00e1ndose en que el\u00a0<strong>DNU<\/strong>\u00a0del presidente,\u00a0<strong>Javier Milei<\/strong>, menciona distintas emergencias y adem\u00e1s argumentando que el uso de celulares hab\u00eda sido beneficioso para los presos. Al mismo tiempo, se plante\u00f3 que gracias la telefon\u00eda m\u00f3vil en las c\u00e1rceles se hab\u00edan constatado unos 180 delitos cometidos con estos dispositivos, ya sean estafas, secuestros virtuales y robos.<\/p>\n\n\n\n<p>El rechazo al uso de celulares tambi\u00e9n fue desestimado en la acci\u00f3n de habeas corpus interpuesta por la Asociaci\u00f3n Civil Verdad y Justicia, argumentando que no se cumpl\u00edan las circunstancias previstas por la ley.<\/p>\n\n\n\n<p><strong>Excepciones para Mujeres Privadas de Libertad<\/strong><\/p>\n\n\n\n<p>Sin embargo, la resoluci\u00f3n tambi\u00e9n contempla excepciones. Se hace lugar parcialmente a la solicitud de la Procuraci\u00f3n de Personas Privadas de la Libertad, permitiendo la autorizaci\u00f3n excepcional para el uso de tel\u00e9fonos m\u00f3viles en los centros de detenci\u00f3n que albergan a mujeres.\u00a0<\/p>\n\n\n\n<p>Esta excepci\u00f3n se mantendr\u00e1 hasta que se adecuen las normas reglamentarias a los est\u00e1ndares establecidos en la Convenci\u00f3n sobre la Eliminaci\u00f3n de Todas las Formas de Discriminaci\u00f3n contra la Mujer y la Convenci\u00f3n Interamericana para Prevenir, Sancionar y Erradicar la Violencia contra la Mujer.<\/p>\n\n\n\n<p>El juez Sarmiento le hab\u00eda explicado al POST que la excepcionalidad presentada para las mujeres en situaci\u00f3n de encierro es porque aquellas que tiene hijos, en muchos casos, pierden contacto con ellos. Detall\u00f3 el magistrado que los muchos progenitores u otros familiares no les llevan a los ni\u00f1os a las visitas o los llevan poco, y pierden contactco ellos.<\/p>\n\n\n\n<p><strong>Condiciones para la Finalizaci\u00f3n de Autorizaci\u00f3n<\/strong><\/p>\n\n\n\n<p>Para llevar a cabo la finalizaci\u00f3n de la autorizaci\u00f3n de uso de tel\u00e9fonos celulares, el Servicio Penitenciario de la Provincia de Mendoza deber\u00e1 cumplir con varias disposiciones:&nbsp;<\/p>\n\n\n\n<p>&#8211; Establecer una periodicidad semanal para el r\u00e9gimen de visitas de familiares y allegados en los establecimientos penales.<\/p>\n\n\n\n<p>&#8211; Retirar los equipos telef\u00f3nicos m\u00f3viles de manera gradual en un plazo m\u00ednimo de seis meses, con un mecanismo de trazabilidad para permitir a los familiares retirar los equipos.<\/p>\n\n\n\n<p>&#8211; Notificar con al menos treinta d\u00edas de anticipaci\u00f3n a las personas detenidas sobre el retiro de los equipos.<\/p>\n\n\n\n<p>&#8211; Solo disponer el retiro en sectores donde exista un sistema de telefon\u00eda p\u00fablica en condiciones operativas.<\/p>\n\n\n\n<p>-Instalar equipos para videollamadas, videoconferencia y\/o plataformas de comunicaci\u00f3n en cada establecimiento carcelario para situaciones de emergencia familiar y contacto con defensores y asesores jur\u00eddicos.<\/p>\n\n\n\n<p>Esta decisi\u00f3n busca balancear la seguridad en los centros penitenciarios con el respeto a los derechos fundamentales de las personas privadas de libertad.<\/p>\n\n\n\n<p>FUENTE: Mendozapost.<\/p>\n","protected":false},"excerpt":{"rendered":"<p>En una decisi\u00f3n que marca un cambio significativo en las&nbsp;condiciones carcelarias&nbsp;de&nbsp;Mendoza&nbsp;, el&nbsp;juez Sebasti\u00e1n Sarmiento&nbsp;resolvi\u00f3&nbsp;poner fin al uso de tel\u00e9fonos celulares&nbsp;por parte de los&nbsp;reclusos en c\u00e1rceles&nbsp;de la provincia. De este modo, rechaza las extensiones de emergencia (que ven\u00edan desde el Covid) solicitadas por los defensores p\u00fablicos y la Asociaci\u00f3n Verdad y Justicia, establece medidas claras para [&hellip;]<\/p>\n","protected":false},"author":2,"featured_media":4469,"comment_status":"open","ping_status":"open","sticky":true,"template":"","format":"standard","meta":[],"categories":[47],"tags":[],"_links":{"self":[{"href":"https:\/\/pasaenmendoza.com\/index.php?rest_route=\/wp\/v2\/posts\/4467"}],"collection":[{"href":"https:\/\/pasaenmendoza.com\/index.php?rest_route=\/wp\/v2\/posts"}],"about":[{"href":"https:\/\/pasaenmendoza.com\/index.php?rest_route=\/wp\/v2\/types\/post"}],"author":[{"embeddable":true,"href":"https:\/\/pasaenmendoza.com\/index.php?rest_route=\/wp\/v2\/users\/2"}],"replies":[{"embeddable":true,"href":"https:\/\/pasaenmendoza.com\/index.php?rest_route=%2Fwp%2Fv2%2Fcomments&post=4467"}],"version-history":[{"count":1,"href":"https:\/\/pasaenmendoza.com\/index.php?rest_route=\/wp\/v2\/posts\/4467\/revisions"}],"predecessor-version":[{"id":4470,"href":"https:\/\/pasaenmendoza.com\/index.php?rest_route=\/wp\/v2\/posts\/4467\/revisions\/4470"}],"wp:featuredmedia":[{"embeddable":true,"href":"https:\/\/pasaenmendoza.com\/index.php?rest_route=\/wp\/v2\/media\/4469"}],"wp:attachment":[{"href":"https:\/\/pasaenmendoza.com\/index.php?rest_route=%2Fwp%2Fv2%2Fmedia&parent=4467"}],"wp:term":[{"taxonomy":"category","embeddable":true,"href":"https:\/\/pasaenmendoza.com\/index.php?rest_route=%2Fwp%2Fv2%2Fcategories&post=4467"},{"taxonomy":"post_tag","embeddable":true,"href":"https:\/\/pasaenmendoza.com\/index.php?rest_route=%2Fwp%2Fv2%2Ftags&post=4467"}],"curies":[{"name":"wp","href":"https:\/\/api.w.org\/{rel}","templated":true}]}}